{"id":63949,"date":"2025-10-16T17:09:07","date_gmt":"2025-10-16T17:09:07","guid":{"rendered":"https:\/\/www.europesays.com\/fi\/63949\/"},"modified":"2025-10-16T17:09:07","modified_gmt":"2025-10-16T17:09:07","slug":"raju-ulosajo-mm-rallissa-kartturi-helikopterilla-sairaalaan","status":"publish","type":"post","link":"https:\/\/www.europesays.com\/fi\/63949\/","title":{"rendered":"Raju ulosajo MM-rallissa &#8211; kartturi helikopterilla sairaalaan"},"content":{"rendered":"<p>Irlantilaiskuljettaja menetti autonsa hallinnan avauserikoiskokeen viimeisess\u00e4 mutkassa, jonka j\u00e4lkeen Ford Fiesta Rally3 -auto otti melkoiset voltit. Kelly selvisi t\u00e4rskyst\u00e4 ilmeisesti pienin ruhjein, mutta kartanlukija <strong>Conor Mohan<\/strong> vietiin l\u00e4\u00e4kint\u00e4helikopterilla sairaalaan.<\/p>\n<p>Onneksi tilanteessa ei kuitenkaan ollut hengenh\u00e4t\u00e4\u00e4.<\/p>\n<p>\u2013 Onnettomuus erikoiskokeella numero yksi. Kartanlukija valitteli pient\u00e4 kipua ja h\u00e4net kuljetettiin helikopterilla sairaalaan h\u00e4nen omasta pyynn\u00f6st\u00e4\u00e4n. Erikoiskoe ei en\u00e4\u00e4 jatku, kisaj\u00e4rjest\u00e4j\u00e4 tiedotti.<\/p>\n<blockquote class=\"twitter-tweet\" data-width=\"550\" data-dnt=\"true\">\n<p lang=\"en\" dir=\"ltr\">Not the start Eamonn Kelly &amp; Conor Mohan wanted \ud83d\ude30<a href=\"https:\/\/twitter.com\/hashtag\/WRC?src=hash&amp;ref_src=twsrc%5Etfw\" rel=\"nofollow noopener\" target=\"_blank\">#WRC<\/a> | <a href=\"https:\/\/twitter.com\/hashtag\/CER2025?src=hash&amp;ref_src=twsrc%5Etfw\" rel=\"nofollow noopener\" target=\"_blank\">#CER2025<\/a> \ud83c\uddea\ud83c\uddfa | <a href=\"https:\/\/twitter.com\/hashtag\/JuniorWRC?src=hash&amp;ref_src=twsrc%5Etfw\" rel=\"nofollow noopener\" target=\"_blank\">#JuniorWRC<\/a> <a href=\"https:\/\/t.co\/e0bzQV9Sfy\" rel=\"nofollow\">pic.twitter.com\/e0bzQV9Sfy<\/a><\/p>\n<p>&mdash; FIA World Rally Championship (@OfficialWRC) <a href=\"https:\/\/twitter.com\/OfficialWRC\/status\/1978831216729100516?ref_src=twsrc%5Etfw\" rel=\"nofollow noopener\" target=\"_blank\">October 16, 2025<\/a><\/p><\/blockquote>\n<p><script async src=\"https:\/\/platform.twitter.com\/widgets.js\" charset=\"utf-8\"><\/script><\/p>\n<p>26-vuotias Kelly ajaa junioreiden MM-sarjasssa. Suomen MM-rallissa Kelly ajoi luokkavoittoon ja oli Ruotsin rallissa kolmas. Ulosajon my\u00f6t\u00e4 meniv\u00e4t Kellyn mahdollisuudet mitaleille junioriluokassa.<\/p>\n<p>Keski-Euroopan MM-rallissa ajetaan torstaina viel\u00e4 yksi erikoiskoe. Kisa p\u00e4\u00e4ttyy sunnuntaina.<\/p>\n<p><script async src=\"https:\/\/platform.twitter.com\/widgets.js\" charset=\"utf-8\"><\/script><\/p>\n","protected":false},"excerpt":{"rendered":"Irlantilaiskuljettaja menetti autonsa hallinnan avauserikoiskokeen viimeisess\u00e4 mutkassa, jonka j\u00e4lkeen Ford Fiesta Rally3 -auto otti melkoiset voltit. Kelly selvisi&hellip;\n","protected":false},"author":2,"featured_media":63950,"comment_status":"","ping_status":"","sticky":false,"template":"","format":"standard","meta":{"footnotes":""},"categories":[158],"tags":[14601,33,31,30,10345,3540,159,32,160],"class_list":{"0":"post-63949","1":"post","2":"type-post","3":"status-publish","4":"format-standard","5":"has-post-thumbnail","7":"category-urheilu","8":"tag-eamonn-kelly","9":"tag-fi","10":"tag-finland","11":"tag-finnish","12":"tag-keski-euroopan-mm-ralli","13":"tag-rallin-mm-sarja","14":"tag-sports","15":"tag-suomi","16":"tag-urheilu"},"share_on_mastodon":{"url":"","error":""},"_links":{"self":[{"href":"https:\/\/www.europesays.com\/fi\/wp-json\/wp\/v2\/posts\/63949","targetHints":{"allow":["GET"]}}],"collection":[{"href":"https:\/\/www.europesays.com\/fi\/wp-json\/wp\/v2\/posts"}],"about":[{"href":"https:\/\/www.europesays.com\/fi\/wp-json\/wp\/v2\/types\/post"}],"author":[{"embeddable":true,"href":"https:\/\/www.europesays.com\/fi\/wp-json\/wp\/v2\/users\/2"}],"replies":[{"embeddable":true,"href":"https:\/\/www.europesays.com\/fi\/wp-json\/wp\/v2\/comments?post=63949"}],"version-history":[{"count":0,"href":"https:\/\/www.europesays.com\/fi\/wp-json\/wp\/v2\/posts\/63949\/revisions"}],"wp:featuredmedia":[{"embeddable":true,"href":"https:\/\/www.europesays.com\/fi\/wp-json\/wp\/v2\/media\/63950"}],"wp:attachment":[{"href":"https:\/\/www.europesays.com\/fi\/wp-json\/wp\/v2\/media?parent=63949"}],"wp:term":[{"taxonomy":"category","embeddable":true,"href":"https:\/\/www.europesays.com\/fi\/wp-json\/wp\/v2\/categories?post=63949"},{"taxonomy":"post_tag","embeddable":true,"href":"https:\/\/www.europesays.com\/fi\/wp-json\/wp\/v2\/tags?post=63949"}],"curies":[{"name":"wp","href":"https:\/\/api.w.org\/{rel}","templated":true}]}}