{"id":63951,"date":"2025-10-16T17:10:10","date_gmt":"2025-10-16T17:10:10","guid":{"rendered":"https:\/\/www.europesays.com\/fi\/63951\/"},"modified":"2025-10-16T17:10:10","modified_gmt":"2025-10-16T17:10:10","slug":"uutta-tietoa-helsingin-uudesta-comic-conista-mahdollisuus-kohdata-omat-esikuvat-paikalliset","status":"publish","type":"post","link":"https:\/\/www.europesays.com\/fi\/63951\/","title":{"rendered":"Uutta tietoa Helsingin uudesta Comic Conista \u2013\u2009 &#8221;Mahdollisuus kohdata omat esikuvat&#8221; | Paikalliset"},"content":{"rendered":"<p>Suomen suurimpaan popkulttuuritapahtuma Arctic Lights Comic Coniin on tulossa runsaasti kansainv\u00e4lisi\u00e4 t\u00e4hti\u00e4.<\/p>\n<p>Messukeskuksessa 16.\u201317.5.2026. j\u00e4rjestett\u00e4v\u00e4 tapahtuma kokoaa yhteen pelien, cosplayn, sarjakuvien, animen, K-popin ja fanikulttuurin yst\u00e4vi\u00e4.<\/p>\n<p><strong class=\"diks-storyline__impact\">Messukeskus<\/strong> kertoo nyt uutta tietoa tapahtuman ohjelmasta. Paikalle saapuu kansainv\u00e4lisi\u00e4 elokuva- ja tv-t\u00e4hti\u00e4, sarjakuvataiteilijoita, \u00e4\u00e4nin\u00e4yttelij\u00f6it\u00e4, cosplay-taiteilijoita, sis\u00e4ll\u00f6ntuottajia ja vaikuttajia.<\/p>\n<p>\u2013 Tapahtuma tarjoaa mahdollisuuden kohdata omat esikuvat ja jakaa oma intohimo muiden kanssa, kertoo tapahtuman tuottaja <strong>Ida Kuningas<\/strong> tiedotteessa.<\/p>\n<p>HU kysyi Kuninkaalta tarkempia tietoja vieraista, mutta nimi\u00e4 ei toistaiseksi julkisteta.<\/p>\n<p><strong class=\"diks-storyline__impact\">Messukeskuksessa<\/strong> j\u00e4rjestettiin viime vuonna Heroes Comic Con -tapahtuma, jonka t\u00e4hdeksi odotettiin Taru sormusten herrasta -elokuvista tuttua n\u00e4yttelij\u00e4\u00e4 <strong>Elijah Woodia<\/strong>. H\u00e4n kuitenkin perui tulonsa.<a href=\"https:\/\/www.helsinginuutiset.fi\/paikalliset\/8681678\" rel=\"nofollow noopener\" target=\"_blank\"> Kes\u00e4ll\u00e4 Heroes Comic Conin j\u00e4rjest\u00e4j\u00e4t kertoivat, ettei tapahtumaa en\u00e4\u00e4 j\u00e4rjestet\u00e4 Suomessa<\/a>. T\u00e4m\u00e4n tiedon j\u00e4lkeen Messukeskus p\u00e4\u00e4tti j\u00e4rjest\u00e4\u00e4 <a href=\"https:\/\/www.helsinginuutiset.fi\/paikalliset\/8718452\" rel=\"nofollow noopener\" target=\"_blank\">oman Arctic Lights Comic Conin<\/a>.<\/p>\n<p>Kuningas kertoi aiemmin Helsingin Uutisille, ett\u00e4 tulee kulumaan muutama vuosi ennen, kuin paikalle saadaan Elijah Woodin kaltaisia t\u00e4hti\u00e4.<\/p>\n<p>\u2013\u2009Budjetti on kuitenkin rakennettu sellaiseksi, ett\u00e4 voimme tavoitella samanlaisia nimi\u00e4 (kuin Heroes Comic Conissa). Minulla on olemassa tiettyj\u00e4 kontakteja, Kuningas kertoi HU:lle.<\/p>\n<p>\t\t<a class=\"diks-gallery__link\" href=\"https:\/\/i.media.fi\/incoming\/wymgsq\/9337334.jpg\/alternates\/FREE_1440\/9337334.jpg\" data-thumbnail=\"\" data-sub-html=\"Cosplay on oleellinen osa Comic Conia. T\u00e4ss\u00e4 tamperelaisten Didi Oun ja Einon Marvel-taidonn\u00e4ytteet Black Cat ja Doctor Octopus. Ville Laine\" aria-label=\"Katso isompi kuva\" rel=\"nofollow noopener\" target=\"_blank\"><br \/>\n\t\t\t\t<img class=\"diks-figure__image\" src=\"https:\/\/www.europesays.com\/fi\/wp-content\/uploads\/2025\/10\/9337334.jpg\" loading=\"lazy\" decoding=\"sync\" alt=\"\"\/><\/p>\n<p>\t\t\t<\/a><br \/>\n\t\t\t\t\tCosplay on oleellinen osa Comic Conia. T\u00e4ss\u00e4 tamperelaisten Didi Oun ja Einon Marvel-taidonn\u00e4ytteet Black Cat ja Doctor Octopus. Ville Laine<\/p>\n<p>T\u00e4htivieraiden lis\u00e4ksi ensi toukokuun Comic COnissa on muun muuassa cosplayn suomenmestaruuskilpailut. Lavalla n\u00e4hd\u00e4\u00e4n K-pop-esityksi\u00e4, lipsync-show&#8217;ta sek\u00e4 sirkustaidetta. Aktiviteettialueella voi kokeilla esimerkiksi valomiekkailua ja parkouria.<\/p>\n<p>Viime kev\u00e4\u00e4n\u00e4 j\u00e4rjestetty tapahtuma Helsingin Heroes Comic Con ker\u00e4si 23 000 k\u00e4vij\u00e4\u00e4 kolmen p\u00e4iv\u00e4n aikana.<\/p>\n<p>\t\t<a class=\"diks-gallery__link\" href=\"https:\/\/i.media.fi\/incoming\/v91ms5\/10891691.jpg\/alternates\/FREE_1440\/10891691.jpg\" data-thumbnail=\"\" data-sub-html=\"Vuoden 2025 Heroes Comic Coniin cosplayasuun pukeutunut Nadja. Tuukka Teponoja\" aria-label=\"Katso isompi kuva\" rel=\"nofollow noopener\" target=\"_blank\"><br \/>\n\t\t\t\t<img class=\"diks-figure__image\" src=\"https:\/\/www.europesays.com\/fi\/wp-content\/uploads\/2025\/10\/10891691.jpg\" loading=\"lazy\" decoding=\"sync\" alt=\"\"\/><\/p>\n<p>\t\t\t<\/a><br \/>\n\t\t\t\t\tVuoden 2025 Heroes Comic Coniin cosplayasuun pukeutunut Nadja. Tuukka Teponoja<\/p>\n<p>Suomen aiemmissa tapahtumissa on ollut muun muassa Disney-taiteilija Don Rosa sek\u00e4 n\u00e4yttelij\u00e4 Kit Harington, eli Game of Thrones -sarjan Jon Snow.<\/p>\n<p>\t\t<a class=\"diks-gallery__link\" href=\"https:\/\/i.media.fi\/incoming\/gdr0ub\/9337345.jpg\/alternates\/FREE_1440\/9337345.jpg\" data-thumbnail=\"\" data-sub-html=\"Vuonna 2024 j\u00e4rjestetyss\u00e4 Comic Con -tapahtumassa esiintyi sarjakuvataiteilija Don Rosa. H\u00e4net tunnetaan erityisesti Roope Ankka -tarinoistaan. Ville Laine\" aria-label=\"Katso isompi kuva\" rel=\"nofollow noopener\" target=\"_blank\"><br \/>\n\t\t\t\t<img class=\"diks-figure__image\" src=\"https:\/\/www.europesays.com\/fi\/wp-content\/uploads\/2025\/10\/9337345.jpg\" loading=\"lazy\" decoding=\"sync\" alt=\"\"\/><\/p>\n<p>\t\t\t<\/a><br \/>\n\t\t\t\t\tVuonna 2024 j\u00e4rjestetyss\u00e4 Comic Con -tapahtumassa esiintyi sarjakuvataiteilija Don Rosa. H\u00e4net tunnetaan erityisesti Roope Ankka -tarinoistaan. Ville Laine<\/p>\n<p>Normaalihintaisten lippujen myynti alkaa 3. marraskuuta. Edullisempaan hintaan myyt\u00e4vi\u00e4 Blind Bird -lippuja on saanut ostettua jo 8. lokakuuta alkaen.<\/p>\n<p>\t\t\t\tT\u00e4llaista ohjelmaa Messukeskus lupaa Helsingin Comic Coniin 16.-17.5.2026<\/p>\n<p>\u2022 Cosplayn Suomen karsintoja alan kansainv\u00e4lisiin kilpailuihin<\/p>\n<p>\u2022 AMV-kilpailu, jossa yhdistyy fanikulttuuri, musiikki ja visuaalinen tarinankerronta<\/p>\n<p>\u2022 K-pop-esityksi\u00e4, lipsync-show&#8217;ta, sirkustaidetta ja musiikkia esiintymislavalla<\/p>\n<p>\u2022 Paneelikeskusteluja, haastatteluja, live-piirt\u00e4mist\u00e4 ja piirustusbattlet<\/p>\n<p>\u2022 Elokuva- ja pelimaailman t\u00e4hti\u00e4, joita fanit p\u00e4\u00e4sev\u00e4t tapaamaan Q&amp;A- ja nimmaritilaisuuksiin sek\u00e4 yhteiskuviin<\/p>\n<p>\u2022 Aktiviteettialue, jolla voi kokeilla esim. valomiekkailua, parkouria ja K-pop-tanssia<\/p>\n","protected":false},"excerpt":{"rendered":"Suomen suurimpaan popkulttuuritapahtuma Arctic Lights Comic Coniin on tulossa runsaasti kansainv\u00e4lisi\u00e4 t\u00e4hti\u00e4. Messukeskuksessa 16.\u201317.5.2026. j\u00e4rjestett\u00e4v\u00e4 tapahtuma kokoaa yhteen&hellip;\n","protected":false},"author":2,"featured_media":63952,"comment_status":"","ping_status":"","sticky":false,"template":"","format":"standard","meta":{"footnotes":""},"categories":[130],"tags":[137,33,31,30,104,622,402,32,485,484,2599,1513,109],"class_list":{"0":"post-63951","1":"post","2":"type-post","3":"status-publish","4":"format-standard","5":"has-post-thumbnail","7":"category-viihde","8":"tag-entertainment","9":"tag-fi","10":"tag-finland","11":"tag-finnish","12":"tag-helsinki","13":"tag-nayttelijat","14":"tag-rakentaminen-kiinteistot","15":"tag-suomi","16":"tag-taide-yleista","17":"tag-taiteellinen-ilmaisu-ja-mediat","18":"tag-tapahtumat-ja-tapahtumatiedot","19":"tag-videopeliteollisuus","20":"tag-viihde"},"share_on_mastodon":{"url":"","error":""},"_links":{"self":[{"href":"https:\/\/www.europesays.com\/fi\/wp-json\/wp\/v2\/posts\/63951","targetHints":{"allow":["GET"]}}],"collection":[{"href":"https:\/\/www.europesays.com\/fi\/wp-json\/wp\/v2\/posts"}],"about":[{"href":"https:\/\/www.europesays.com\/fi\/wp-json\/wp\/v2\/types\/post"}],"author":[{"embeddable":true,"href":"https:\/\/www.europesays.com\/fi\/wp-json\/wp\/v2\/users\/2"}],"replies":[{"embeddable":true,"href":"https:\/\/www.europesays.com\/fi\/wp-json\/wp\/v2\/comments?post=63951"}],"version-history":[{"count":0,"href":"https:\/\/www.europesays.com\/fi\/wp-json\/wp\/v2\/posts\/63951\/revisions"}],"wp:featuredmedia":[{"embeddable":true,"href":"https:\/\/www.europesays.com\/fi\/wp-json\/wp\/v2\/media\/63952"}],"wp:attachment":[{"href":"https:\/\/www.europesays.com\/fi\/wp-json\/wp\/v2\/media?parent=63951"}],"wp:term":[{"taxonomy":"category","embeddable":true,"href":"https:\/\/www.europesays.com\/fi\/wp-json\/wp\/v2\/categories?post=63951"},{"taxonomy":"post_tag","embeddable":true,"href":"https:\/\/www.europesays.com\/fi\/wp-json\/wp\/v2\/tags?post=63951"}],"curies":[{"name":"wp","href":"https:\/\/api.w.org\/{rel}","templated":true}]}}