{"id":63957,"date":"2025-10-16T17:15:10","date_gmt":"2025-10-16T17:15:10","guid":{"rendered":"https:\/\/www.europesays.com\/fi\/63957\/"},"modified":"2025-10-16T17:15:10","modified_gmt":"2025-10-16T17:15:10","slug":"migri-sailoonottoyksikon-asukkaiden-syomalakko-on-hiipumassa-lappeenrannassa-etela-karjala","status":"publish","type":"post","link":"https:\/\/www.europesays.com\/fi\/63957\/","title":{"rendered":"Migri: S\u00e4il\u00f6\u00f6nottoyksik\u00f6n asukkaiden sy\u00f6m\u00e4lakko on hiipumassa Lappeenrannassa | Etel\u00e4-Karjala"},"content":{"rendered":"<p class=\"aw-1gybjub aw-5vja16 ghpEtB kjanFo yle__article__paragraph\">Ty\u00f6ntekij\u00f6iden havaintojen perusteella valtaosa kyseisist\u00e4 henkil\u00f6ist\u00e4 on aterioinut torstaina. <\/p>\n<p><img decoding=\"async\" alt=\"Joutsenon vastaanottokeskus, s\u00e4il\u00f6\u00f6nottoyksikk\u00f6.\" src=\"https:\/\/www.europesays.com\/fi\/wp-content\/uploads\/2025\/10\/39-151724568b953b1c900d.jpeg\" class=\"aw-1l9m598 hKVVvP\"\/><\/p>\n<p>Avaa kuvien katselu<\/p>\n<p>Joutsenon vastaanottokeskus sijaitsee Lappeenrannassa. Arkistokuva. Kuva: Kare Lehtonen \/ Yle<\/p>\n<p class=\"aw-1gybjub aw-1p7kakr ghpEtB jtovHP yle__article__paragraph\">Lappeenrannassa Joutsenon s\u00e4il\u00f6\u00f6nottoyksik\u00f6ss\u00e4 k\u00e4ynniss\u00e4 ollut sy\u00f6m\u00e4lakko alkaa Maahanmuuttoviraston mukaan hiipua.<\/p>\n<p class=\"aw-1gybjub aw-1p7kakr ghpEtB jtovHP yle__article__paragraph\">\u2013 Ty\u00f6ntekij\u00f6iden havaintojen mukaan valtaosa n\u00e4ist\u00e4 henkil\u00f6ist\u00e4 on aterioinut t\u00e4n\u00e4\u00e4n, toteaa Migrin vastaanottopalveluosaston johtaja <strong class=\"aw-ak79eh KyCXm yle__article__strong\">Elina Nurmi<\/strong>.<\/p>\n<p class=\"aw-1gybjub aw-1p7kakr ghpEtB jtovHP yle__article__paragraph\">Iltalehti kertoi alkuviikosta asukkaiden <a class=\"aw-iao6s4 iHOxEa yle__article__link\" href=\"https:\/\/www.iltalehti.fi\/kotimaa\/a\/0fb71b74-e80a-4f57-a60e-ab180b286a94\" role=\"link\" rel=\"nofollow noopener\" target=\"_blank\">haastatteluihin pohjautuen sy\u00f6m\u00e4lakon alkamisesta.<\/a> Sy\u00f6m\u00e4lakossa olleet karkotusp\u00e4\u00e4t\u00f6st\u00e4 odottavat asiakkaat kritisoivat Joutsenon yksik\u00f6n ruoan m\u00e4\u00e4r\u00e4\u00e4 ja laatua.<\/p>\n<p class=\"aw-1gybjub aw-1p7kakr ghpEtB jtovHP yle__article__paragraph\">Migrin Elina Nurmi ei tarkenna kuinka monta asiakasta on torstaina viel\u00e4 sy\u00f6m\u00e4lakossa. H\u00e4nen mukaansa sy\u00f6m\u00e4lakot ovat kuitenkin yleens\u00e4 lyhytkestoisia ilmi\u00f6it\u00e4.<\/p>\n<p class=\"aw-1gybjub aw-1p7kakr ghpEtB jtovHP yle__article__paragraph\">Nurmen mukaan henkil\u00f6st\u00f6 ei ole havainnut vakavia terveyteen liittyvi\u00e4 huolia, jotka johtuisivat sy\u00f6m\u00e4lakosta. Yksik\u00f6n sairaanhoitaja tapaa asiakkaita yksitellen.<\/p>\n<p class=\"aw-1gybjub aw-1p7kakr ghpEtB jtovHP yle__article__paragraph\">\u2013 Pyrit\u00e4\u00e4n varmistumaan siit\u00e4, ett\u00e4 asiakas on itsen\u00e4isesti tehnyt p\u00e4\u00e4t\u00f6ksen sy\u00f6m\u00e4lakosta ja ymm\u00e4rt\u00e4\u00e4 sen vaikutukset, sanoo Nurmi.<\/p>\n<p><img decoding=\"async\" alt=\"Joutsenon vastaanottokeskus, s\u00e4il\u00f6\u00f6nottoyksikk\u00f6.\" src=\"https:\/\/www.europesays.com\/fi\/wp-content\/uploads\/2025\/10\/39-151724968b953b515564.jpeg\" loading=\"lazy\" class=\"aw-1l9m598 hKVVvP\"\/><\/p>\n<p>Avaa kuvien katselu<\/p>\n<p>Suomessa on vain kaksi s\u00e4il\u00f6\u00f6nottoyksikk\u00f6\u00e4: toinen Lappeenrannan Joutsenossa ja toinen Helsingin Mets\u00e4l\u00e4ss\u00e4. Arkistokuva.  Kuva: Kare Lehtonen \/ YleLounaslistalla pizzaa ja kebabkiusausta<\/p>\n<p class=\"aw-1gybjub aw-1p7kakr ghpEtB jtovHP yle__article__paragraph\">Asukkaat ovat olleet tyytym\u00e4tt\u00f6mi\u00e4 kahteen l\u00e4mpim\u00e4\u00e4n ateriaan p\u00e4iv\u00e4ss\u00e4 ja siihen ettei ruokaa voi riitt\u00e4v\u00e4sti t\u00e4ydent\u00e4\u00e4 omilla ostoksilla.<\/p>\n<p class=\"aw-1gybjub aw-1p7kakr ghpEtB jtovHP yle__article__paragraph\">Maahanmuuttovirasto <a class=\"aw-iao6s4 iHOxEa yle__article__link\" href=\"https:\/\/yle.fi\/a\/74-20188590\" role=\"link\" rel=\"nofollow noopener\" target=\"_blank\">kertoi eilen Ylelle<\/a>, ett\u00e4 asukkaat voivat ostaa kanttiinista monenlaisia lis\u00e4ruokia kuten pakastepitsoja, Thai-kuutioita ja hedelmi\u00e4.<\/p>\n<p class=\"aw-1gybjub aw-1p7kakr ghpEtB jtovHP yle__article__paragraph\">T\u00e4ll\u00e4 viikolla yksik\u00f6n lounaalla ja p\u00e4iv\u00e4llisell\u00e4 on tarjottu esimerkiksi pyttipannua, kebabkiusausta, lohilasagnettea, kalkkunaviilokkia ja t\u00e4n\u00e4\u00e4n torstaina pizzaa. Tarjolla on sek\u00e4 kasvis- ett\u00e4 lihavaihtoehto.<\/p>\n<p><img decoding=\"async\" alt=\"Joutsenon vastaanottokeskus, s\u00e4il\u00f6\u00f6nottoyksikk\u00f6.\" src=\"https:\/\/www.europesays.com\/fi\/wp-content\/uploads\/2025\/10\/39-151725368b953b8e5039.jpeg\" loading=\"lazy\" class=\"aw-1l9m598 hKVVvP\"\/><\/p>\n<p>Avaa kuvien katselu<\/p>\n<p>Joutsenon vastaanottokeskus sijaitsee noin 20 kilometrin p\u00e4\u00e4ss\u00e4 Lappeenrannan keskustasta. Arkistokuva.  Kuva: Kare Lehtonen \/ Yle<\/p>\n<p class=\"aw-1gybjub aw-1p7kakr ghpEtB jtovHP yle__article__paragraph\">Elina Nurmen mukaan l\u00e4mpim\u00e4n ruuan annoskoko vastaa 2000\u20132200 kilokaloria, joka on kovaa kulutusta tai urheilusuoritusta vastaava energiataso.<\/p>\n<p class=\"aw-1gybjub aw-1p7kakr ghpEtB jtovHP yle__article__paragraph\">S\u00e4il\u00f6\u00f6nottoyksikk\u00f6 on suljettu, eik\u00e4 sen alueelta ole mahdollista poistua.<\/p>\n","protected":false},"excerpt":{"rendered":"Ty\u00f6ntekij\u00f6iden havaintojen perusteella valtaosa kyseisist\u00e4 henkil\u00f6ist\u00e4 on aterioinut torstaina. Avaa kuvien katselu Joutsenon vastaanottokeskus sijaitsee Lappeenrannassa. Arkistokuva. Kuva:&hellip;\n","protected":false},"author":2,"featured_media":63958,"comment_status":"","ping_status":"","sticky":false,"template":"","format":"standard","meta":{"footnotes":""},"categories":[12],"tags":[22,23,1302,26,27,33,31,30,17,1448,71,1446,24,25,2596,28,29,14474,15,18,21,32,19,20,16,4645],"class_list":{"0":"post-63957","1":"post","2":"type-post","3":"status-publish","4":"format-standard","5":"has-post-thumbnail","7":"category-suomi","8":"tag-breaking-news","9":"tag-breakingnews","10":"tag-etela-karjala","11":"tag-featured-news","12":"tag-featurednews","13":"tag-fi","14":"tag-finland","15":"tag-finnish","16":"tag-headlines","17":"tag-joutseno","18":"tag-kotimaa","19":"tag-lappeenranta","20":"tag-latest-news","21":"tag-latestnews","22":"tag-maahanmuuttovirasto","23":"tag-main-news","24":"tag-mainnews","25":"tag-nalkalakko","26":"tag-news","27":"tag-otsikot","28":"tag-paauutiset","29":"tag-suomi","30":"tag-top-stories","31":"tag-topstories","32":"tag-uutiset","33":"tag-viranomaiset"},"share_on_mastodon":{"url":"","error":""},"_links":{"self":[{"href":"https:\/\/www.europesays.com\/fi\/wp-json\/wp\/v2\/posts\/63957","targetHints":{"allow":["GET"]}}],"collection":[{"href":"https:\/\/www.europesays.com\/fi\/wp-json\/wp\/v2\/posts"}],"about":[{"href":"https:\/\/www.europesays.com\/fi\/wp-json\/wp\/v2\/types\/post"}],"author":[{"embeddable":true,"href":"https:\/\/www.europesays.com\/fi\/wp-json\/wp\/v2\/users\/2"}],"replies":[{"embeddable":true,"href":"https:\/\/www.europesays.com\/fi\/wp-json\/wp\/v2\/comments?post=63957"}],"version-history":[{"count":0,"href":"https:\/\/www.europesays.com\/fi\/wp-json\/wp\/v2\/posts\/63957\/revisions"}],"wp:featuredmedia":[{"embeddable":true,"href":"https:\/\/www.europesays.com\/fi\/wp-json\/wp\/v2\/media\/63958"}],"wp:attachment":[{"href":"https:\/\/www.europesays.com\/fi\/wp-json\/wp\/v2\/media?parent=63957"}],"wp:term":[{"taxonomy":"category","embeddable":true,"href":"https:\/\/www.europesays.com\/fi\/wp-json\/wp\/v2\/categories?post=63957"},{"taxonomy":"post_tag","embeddable":true,"href":"https:\/\/www.europesays.com\/fi\/wp-json\/wp\/v2\/tags?post=63957"}],"curies":[{"name":"wp","href":"https:\/\/api.w.org\/{rel}","templated":true}]}}