{"id":63961,"date":"2025-10-16T17:28:10","date_gmt":"2025-10-16T17:28:10","guid":{"rendered":"https:\/\/www.europesays.com\/fi\/63961\/"},"modified":"2025-10-16T17:28:10","modified_gmt":"2025-10-16T17:28:10","slug":"britney-spears-vastaa-kevin-federlinen-vaitteisiin","status":"publish","type":"post","link":"https:\/\/www.europesays.com\/fi\/63961\/","title":{"rendered":"Britney Spears vastaa Kevin Federlinen v\u00e4itteisiin"},"content":{"rendered":"<p>            All Over Press\n        <\/p>\n<p class=\"subtitle \">Britneyn ex-mies Kevin Federline on viime p\u00e4ivin\u00e4 puhunut avoimesti huolestaan. H\u00e4n my\u00f6s kertoo tulevassa kirjassaan hyyt\u00e4vi\u00e4 tapahtumia kaksikon suhteen ajalta.<\/p>\n<p class=\"article-content article-content-width !bg-background\">Laulaja , 43, ex-puoliso , 47, avautui tiistaina (14.10.) Entertainment Tonightin haastattelussa Britneyst\u00e4, ja kertoi olevansa \u00e4\u00e4rimm\u00e4isen huolestunut ex\u00e4st\u00e4\u00e4n.<\/p>\n<p class=\"article-content article-content-width !bg-background\">Kevinin mukaan laulajan ep\u00e4vakaa k\u00e4yt\u00f6s on paljon pahemmalla tolalla, kuin mit\u00e4 p\u00e4\u00e4llep\u00e4in n\u00e4kyy. Britneyll\u00e4 ja Kevinill\u00e4 on kaksi yhteist\u00e4 lasta, , 20, ja , 19.\u00a0<\/p>\n<p class=\"article-content article-content-width !bg-background\">\u2013 Olen is\u00e4n\u00e4 todella huolissani ja kauhuissani siit\u00e4, ett\u00e4 jonain p\u00e4iv\u00e4n\u00e4 her\u00e4\u00e4n, ja poikieni on kohdattava jotain sanoinkuvaamatonta, Kevin vuodatti haastattelussa.<\/p>\n<p>        <a itemprop=\"url\" href=\"https:\/\/www.seiska.fi\/ulkomaat\/britney-spearsista-jarkyttava-vaite\/1962660\" rel=\"nofollow noopener\" target=\"_blank\"><\/p>\n<p>\nBritney Spears\n<\/p>\n<p class=\"section-date\">\n        <strong class=\"article-section\" data-section=\"ulkomaat\"><br \/>\n            ulkomaat<br \/>\n        <\/strong><br \/>\n        15.10. 19:00\n    <\/p>\n<p>Britney Spearsista j\u00e4rkytt\u00e4v\u00e4 v\u00e4ite\n    <\/p>\n<p itemprop=\"description\" class=\"subtitle \">\n    Kevin Federline on osoittanut huolensa Britneyn pahenevaa tilannetta kohtaan.\n<\/p>\n<p>        <\/a><\/p>\n<p class=\"article-content article-content-width !bg-background\"> Kevinin el\u00e4m\u00e4kertateos You Thought You Knew julkaistaan ensi viikolla. Tulevasta kirjasta on julkaistu lyhyit\u00e4 otteita, joista yksi koskee tilannetta, jonka mukaan Britney olisi valvonut lastensa nukkumista veitsi k\u00e4dess\u00e4\u00e4n. <\/p>\n<p class=\"article-content article-content-width !bg-background\"> \u2013 He her\u00e4siv\u00e4t joskus y\u00f6ll\u00e4 ja n\u00e4kiv\u00e4t h\u00e4nen seisovan hiljaa oviaukossa pidellen veist\u00e4 k\u00e4dess\u00e4\u00e4n. &#8221;Ai, te olette hereill\u00e4?&#8221; Kevin kirjoittaa kirjassaan. <\/p>\n<p>Aneli poikiaan osaksi el\u00e4m\u00e4\u00e4ns\u00e4<\/p>\n<p class=\"article-content article-content-width !bg-background\">Britney on saanut tarpeekseen, ja h\u00e4n on nyt suoraan ottanut kantaa Kevinin v\u00e4itteisiin omalla Instagram-tilill\u00e4\u00e4n. H\u00e4n avautuu erityisesti siit\u00e4, ettei ole saanut viett\u00e4\u00e4 aikaa omien poikiensa kanssa.<\/p>\n<p class=\"article-content article-content-width !bg-background\"> \u2013 Ex-aviomieheni jatkuva manipulointi on \u00e4\u00e4rimm\u00e4isen satuttavaa ja v\u00e4sytt\u00e4v\u00e4\u00e4, Britney aloittaa tilityksens\u00e4 vapaasti suomennettuna.<\/p>\n<p class=\"article-content article-content-width !bg-background\"> \u2013 Ihmissuhteet teinipoikien kanssa ovat komplekseja. Olen tuntenut itseni lannistuneeksi tilanteessa, ja olen aina pyyt\u00e4nyt ja liki anellut, ett\u00e4 he olisivat osa el\u00e4m\u00e4\u00e4ni.<\/p>\n<p class=\"article-content article-content-width !bg-background\"> \u2013 Valitettavasti he ovat aina joutuneet todistamaan sen kunnioituksenpuutteen, jonka heid\u00e4n is\u00e4ns\u00e4 on osoittanut minua kohtaan, Britney kirjoittaa.<\/p>\n<p>        <a itemprop=\"url\" href=\"https:\/\/www.seiska.fi\/ulkomaat\/britney-spears-teloi-itsensa-huoli-voinnista-jatkuu\/1953025\" rel=\"nofollow noopener\" target=\"_blank\"><\/p>\n<p>\nHuoli voinnista jatkuu\n<\/p>\n<p class=\"section-date\">\n        <strong class=\"article-section\" data-section=\"ulkomaat\"><br \/>\n            ulkomaat<br \/>\n        <\/strong><br \/>\n        6.10. 19:00\n    <\/p>\n<p>Britney Spears teloi itsens\u00e4 \u2013 huoli voinnista jatkuu\n    <\/p>\n<p itemprop=\"description\" class=\"subtitle \">\n    Fanit ovat olleet huolissaan popt\u00e4hdest\u00e4 jo vuosien ajan.\n<\/p>\n<p>        <\/a><\/p>\n<p>&#8221;Olen ainoa, jota oikeasti sattuu&#8221;<\/p>\n<p class=\"article-content article-content-width !bg-background\">Britney kertoo, ett\u00e4 viimeisten viiden vuoden aikana toinen pojista on vieraillut h\u00e4nen luonaan nelj\u00e4sti, toista h\u00e4n on taas n\u00e4hnyt vain 45 minuutin ajan. Laulaja kertoo ottavansa jatkossa ohjat omiin k\u00e4siins\u00e4 ja aikovansa ilmoittaa suoraan pojilleen, milloin on vapaana tavattavaksi.<\/p>\n<p class=\"article-content article-content-width !bg-background\"> \u2013 Uskokaa, nuo valkoiset valheet kirjassa menev\u00e4t suoraan pankkitilille ja min\u00e4 olen ainoa, jota oikeasti sattuu. Tulen aina rakastamaan heit\u00e4, ja jos todella tunnet minut, et tule kiinnitt\u00e4m\u00e4\u00e4n huomiota otsikoihin mielenterveydest\u00e4ni tai juomisestani, Britney vetoaa.<\/p>\n<p class=\"article-content article-content-width !bg-background\"> \u2013 Olen itse asiassa melko \u00e4lyk\u00e4s nainen, joka on yritt\u00e4nyt el\u00e4\u00e4 hengellist\u00e4 ja yksityist\u00e4 el\u00e4m\u00e4\u00e4 viimeiset viisi vuotta. Puhun nyt \u00e4\u00e4neen, sill\u00e4 olen saanut tarpeekseni, ja kuka tahansa oikea nainen tekisi samoin.<\/p>\n<p>        <a itemprop=\"url\" href=\"https:\/\/www.seiska.fi\/ulkomaat\/talta-britney-spearsin-poika-nayttaa-nykyaan\/1894025\" rel=\"nofollow noopener\" target=\"_blank\"><\/p>\n<p>\nBritneys Spearsin poika\n<\/p>\n<p class=\"section-date\">\n        <strong class=\"article-section\" data-section=\"ulkomaat\"><br \/>\n            ulkomaat<br \/>\n        <\/strong><br \/>\n        11.8. 20:00\n    <\/p>\n<p>T\u00e4lt\u00e4 Britney Spearsin poika n\u00e4ytt\u00e4\u00e4 nyky\u00e4\u00e4n!\n    <\/p>\n<p itemprop=\"description\" class=\"subtitle \">\n    Britneyn pojat ovat vuosimallia 2005 ja 2006.\n<\/p>\n<p>        <\/a><\/p>\n<p class=\"article-content article-content-width !bg-background\">Britney on poistanut julkaisustaan kommentointimahdollisuuden. Julkaisu on ker\u00e4nnyt kahdeksassa tunnissa noin 250 000 tykk\u00e4yst\u00e4.<\/p>\n<p class=\"article-content article-content-width !bg-background\">P\u00e4ivityksen j\u00e4lkeen laulaja on kerennyt julkaista muutaman tanssivideon sek\u00e4 piirroskuvan japanilaisesta animehahmosta.<\/p>\n","protected":false},"excerpt":{"rendered":"All Over Press Britneyn ex-mies Kevin Federline on viime p\u00e4ivin\u00e4 puhunut avoimesti huolestaan. H\u00e4n my\u00f6s kertoo tulevassa kirjassaan&hellip;\n","protected":false},"author":2,"featured_media":63962,"comment_status":"","ping_status":"","sticky":false,"template":"","format":"standard","meta":{"footnotes":""},"categories":[136],"tags":[1412,407,137,33,31,30,408,1411,2636,99,1346,98,11269,14602,32,109],"class_list":{"0":"post-63961","1":"post","2":"type-post","3":"status-publish","4":"format-standard","5":"has-post-thumbnail","7":"category-julkkikset","8":"tag-britney-spears","9":"tag-celebrities","10":"tag-entertainment","11":"tag-fi","12":"tag-finland","13":"tag-finnish","14":"tag-julkkikset","15":"tag-kevin-federline","16":"tag-kirja","17":"tag-lapset","18":"tag-mielenterveys","19":"tag-perhe","20":"tag-perhesuhteet","21":"tag-pojat","22":"tag-suomi","23":"tag-viihde"},"share_on_mastodon":{"url":"","error":""},"_links":{"self":[{"href":"https:\/\/www.europesays.com\/fi\/wp-json\/wp\/v2\/posts\/63961","targetHints":{"allow":["GET"]}}],"collection":[{"href":"https:\/\/www.europesays.com\/fi\/wp-json\/wp\/v2\/posts"}],"about":[{"href":"https:\/\/www.europesays.com\/fi\/wp-json\/wp\/v2\/types\/post"}],"author":[{"embeddable":true,"href":"https:\/\/www.europesays.com\/fi\/wp-json\/wp\/v2\/users\/2"}],"replies":[{"embeddable":true,"href":"https:\/\/www.europesays.com\/fi\/wp-json\/wp\/v2\/comments?post=63961"}],"version-history":[{"count":0,"href":"https:\/\/www.europesays.com\/fi\/wp-json\/wp\/v2\/posts\/63961\/revisions"}],"wp:featuredmedia":[{"embeddable":true,"href":"https:\/\/www.europesays.com\/fi\/wp-json\/wp\/v2\/media\/63962"}],"wp:attachment":[{"href":"https:\/\/www.europesays.com\/fi\/wp-json\/wp\/v2\/media?parent=63961"}],"wp:term":[{"taxonomy":"category","embeddable":true,"href":"https:\/\/www.europesays.com\/fi\/wp-json\/wp\/v2\/categories?post=63961"},{"taxonomy":"post_tag","embeddable":true,"href":"https:\/\/www.europesays.com\/fi\/wp-json\/wp\/v2\/tags?post=63961"}],"curies":[{"name":"wp","href":"https:\/\/api.w.org\/{rel}","templated":true}]}}