{"id":63965,"date":"2025-10-16T17:33:07","date_gmt":"2025-10-16T17:33:07","guid":{"rendered":"https:\/\/www.europesays.com\/fi\/63965\/"},"modified":"2025-10-16T17:33:07","modified_gmt":"2025-10-16T17:33:07","slug":"suomalaisnayttelija-valittiin-jeesukseksi-mel-gibsonin-elokuvaan-puoliso-hehkuttaa-olen-niin-kasittamattoman-ylpea","status":"publish","type":"post","link":"https:\/\/www.europesays.com\/fi\/63965\/","title":{"rendered":"Suomalaisn\u00e4yttelij\u00e4 valittiin Jeesukseksi Mel Gibsonin elokuvaan \u2013 Puoliso hehkuttaa: \u201dOlen niin k\u00e4sitt\u00e4m\u00e4tt\u00f6m\u00e4n ylpe\u00e4\u201d"},"content":{"rendered":"<p>Suomalaisn\u00e4yttelij\u00e4 Jaakko Ohtonen nimitettiin p\u00e4\u00e4rooliin Mel Gibsonin uudessa elokuvassa. Kuvaukset ovat parhaillaan k\u00e4ynniss\u00e4 Roomassa. <\/p>\n<p class=\"paragraph\">Suomalaisn\u00e4yttelij\u00e4 Jaakko Ohtonen on valittu p\u00e4\u00e4rooliin yhdysvaltalaisohjaaja <a href=\"https:\/\/www.iltalehti.fi\/henkilot\/Mel Gibson\" class=\"article-link-person-page\" rel=\"nofollow noopener\" target=\"_blank\">Mel Gibsonin<\/a> tulevaan elokuvaan, uutisoi hiljattain <a href=\"https:\/\/variety.com\/2025\/film\/global\/mel-gibson-resurrection-of-the-christ-new-jesus-mary-magdalene-1236552209\/\" target=\"_blank\" rel=\"noopener nofollow\">Variety-lehti<\/a>.<\/p>\n<p class=\"paragraph\">Luvassa on jatkoa vuoden 2004 The Passion of the Christ -elokuvalle. The Resurrection of the Christ -elokuva julkaistaan kahdessa osassa, joiden molempien on tarkoitus saada ensi-iltansa vuonna 2027.<\/p>\n<p class=\"paragraph\">Varietyn mukaan elokuvan kuvaukset ovat alkaneet Roomassa lokakuun alussa.<\/p>\n<p class=\"paragraph\">The Passion of the Christ kuvasi pari vuosikymment\u00e4 sitten Jeesuksen viimeisi\u00e4 tunteja ennen kuolemaa. Jeesuksen roolissa n\u00e4htiin tuolloin <a href=\"https:\/\/www.iltalehti.fi\/henkilot\/Jim Caviezel\" class=\"article-link-person-page\" rel=\"nofollow noopener\" target=\"_blank\">Jim Caviezel<\/a>.<\/p>\n<p class=\"paragraph\">30 miljoonan dollarin budjetilla tehdyst\u00e4 elokuvasta tuli hyvinkin tuottoisa ja sen lipputulot kohosivat yli 600 miljoonaan dollariin.<\/p>\n<p class=\"paragraph\">Parhaillaan tekeill\u00e4 oleva jatko-osa puolestaan k\u00e4sitellee nimens\u00e4 mukaisesti yl\u00f6snousemusta ja Jeesuksen roolin omaksuu Jaakko Ohtonen, 36.<\/p>\n<p class=\"paragraph\">Variety kertoo, ett\u00e4 Maria Magdalenan roolissa n\u00e4hd\u00e4\u00e4n kuubalainen <strong>Mariela Garriga<\/strong>, Mariana puolestaan puolalaissyntyinen <a href=\"https:\/\/www.iltalehti.fi\/henkilot\/Kasia Smutniak\" class=\"article-link-person-page\" rel=\"nofollow noopener\" target=\"_blank\">Kasia Smutniak<\/a>. Pietarin roolissa n\u00e4hd\u00e4\u00e4n italialainen <strong>Pier Luigi Pasino<\/strong> ja Pontius Pilatuksena niin ik\u00e4\u00e4n italialainen <a href=\"https:\/\/www.iltalehti.fi\/henkilot\/Riccardo Scamarcio\" class=\"article-link-person-page\" rel=\"nofollow noopener\" target=\"_blank\">Riccardo Scamarcio<\/a>.<\/p>\n<p class=\"paragraph\">The Resurrection of the Christ -elokuvan ensimm\u00e4inen osa on tarkoitus julkaista pitk\u00e4n\u00e4perjantaina 26. maaliskuuta 2027. Toinen osa puolestaan julkaistaisiin 50 p\u00e4iv\u00e4\u00e4 my\u00f6hemmin, helatorstaina 6. toukokuuta.<\/p>\n<p>Jaakko Ohtonen nappasi p\u00e4\u00e4roolin Mel Gibsonin odotetusta elokuvasta.  AOP<\/p>\n<p class=\"paragraph\">Viel\u00e4 tammikuussa <a href=\"https:\/\/www.theguardian.com\/film\/2025\/jan\/10\/mel-gibson-to-cast-de-aged-jim-caviezel-in-acid-trip-sequel-to-passion-of-the-christ\" rel=\"noopener nofollow\" target=\"_blank\">The Guardian<\/a> kertoi, kuinka Mel Gibson aikoisi valita Jim Caviezelin my\u00f6s jatko-osan p\u00e4\u00e4rooliin. Varietyn mukaan my\u00f6s Caviezel itse olisi aiemmin vihjannut, ett\u00e4 h\u00e4n voisi palata Jeesuksen rooliinsa my\u00f6s jatko-osassa.<\/p>\n<p class=\"paragraph\">Tuotannon l\u00e4hteist\u00e4 kerrotaan kuitenkin Varietylle, ett\u00e4 uusi n\u00e4yttelij\u00e4kaarti oli tarpeen valita.<\/p>\n<p class=\"paragraph\">L\u00e4hde perusteli lehdelle, ett\u00e4 uusi n\u00e4yttelij\u00e4kaarti oli j\u00e4rkev\u00e4 valinta. Uuden elokuvan tapahtumat sijoittuvat ajallisesti vain muutaman p\u00e4iv\u00e4n p\u00e4\u00e4h\u00e4n aiemmasta, joten esimerkiksi n\u00e4yttelij\u00f6iden ik\u00e4\u00e4ntymisen h\u00e4ivytt\u00e4miseksi olisi pit\u00e4nyt k\u00e4ytt\u00e4\u00e4 paljon kalliita erikoistehosteita. Gibson itse kommentoi aiemmin t\u00e4n\u00e4 vuonna, kuinka h\u00e4n taklaisi n\u00e4yttelij\u00f6iden ik\u00e4\u00e4ntymisongelman juuri kehittyneen tehosteteknologian avulla.<\/p>\n<p class=\"paragraph\">Tulevan elokuvan juonesta ei ole juuri tihkunut tietoja julkisuuteen. Gibson kertoi aiemmin, ett\u00e4 h\u00e4n on vastannut k\u00e4sikirjoituksesta yhdess\u00e4 veljens\u00e4, <a href=\"https:\/\/www.iltalehti.fi\/henkilot\/Donal Gibson\" class=\"article-link-person-page\" rel=\"nofollow noopener\" target=\"_blank\">Donal Gibsonin<\/a> ja <a href=\"https:\/\/www.iltalehti.fi\/henkilot\/Randall Wallace\" class=\"article-link-person-page\" rel=\"nofollow noopener\" target=\"_blank\">Randall Wallacen<\/a> kanssa.<\/p>\n<p class=\"paragraph\">\u2013 Se vaatii paljon, koska se on kuin LSD-trippi. En ole koskaan lukenut mit\u00e4\u00e4n vastaavaa, Gibson kommentoi.<\/p>\n<p class=\"paragraph\">Gibson kertoi elokuvan sis\u00e4lt\u00e4v\u00e4n joitain hulluja juttuja.<\/p>\n<p class=\"paragraph\">\u2013 Jotta tarina voidaan kertoa kunnolla, on aloitettava enkelien lankeemuksesta, mik\u00e4 tarkoittaa, ett\u00e4 olet toisessa paikassa, toisessa maailmassa. On ment\u00e4v\u00e4 helvettiin, Gibson sanoi.<\/p>\n<p>Vuoden 2004 The Passion of The Christ oli tuottoisa menestys. AOP<\/p>\n<p class=\"paragraph\">Ohtosen valinta Jeesuksen rooliin her\u00e4tti v\u00e4litt\u00f6m\u00e4sti keskustelua, erityisesti ihonv\u00e4rin vuoksi.<\/p>\n<p class=\"paragraph\">\u2013 Jeesus on j\u00e4lleen vaalea, sinisilm\u00e4inen, pohjoismaalainen. Mielenkiintoista, er\u00e4s kirjoittaa.<\/p>\n<p class=\"paragraph\">\u2013 Tietenkin heid\u00e4n piti valita valkoisin n\u00e4yttelij\u00e4&#8230; Suomesta.<\/p>\n<p class=\"paragraph\">\u2013 Tuntuu hieman oudolta, ett\u00e4 Jeesus nuorentuu kuollessaan.<\/p>\n<p class=\"paragraph\">\u2013 N\u00e4in k\u00e4y, kun jatko-osan tekeminen kest\u00e4\u00e4 20 vuotta.<\/p>\n<p class=\"paragraph\">Osa olisi halunnut Caviezelin jatkavan roolissa.<\/p>\n<p class=\"paragraph\">\u2013 Luulin, ett\u00e4 he pit\u00e4isiv\u00e4t Jimin.<\/p>\n<p class=\"paragraph\">\u2013 T\u00e4m\u00e4 on v\u00e4h\u00e4n pettymys. En halua olla ep\u00e4kunnioittava Jaakkoa kohtaan, mutta halusin n\u00e4hd\u00e4 Caviezelin vet\u00e4v\u00e4n t\u00e4m\u00e4n loppuun asti.<\/p>\n<p>Osa katsojista toivoi, ett\u00e4 Jim Caviezel olisi t\u00e4hditt\u00e4nyt my\u00f6s jatko-osaa.  AOP<\/p>\n<p class=\"paragraph\">Oululaisl\u00e4ht\u00f6inen Ohtonen on tullut jo aiemmin kansainv\u00e4liselle yleis\u00f6lle tutuksi esimerkiksi Netflixin The Last Kingdom -sarjasta. Lis\u00e4ksi h\u00e4n on t\u00e4hditt\u00e4nyt esimerkiksi Netflixin Viikingit: Valhalla- ja Disneyn Karhun keitto -sarjoja.<\/p>\n<p class=\"paragraph\">Kotimaisissa tuotannoissa Ohtonen on n\u00e4hty esimerkiksi Kotka 10-, Kaikki synnit- ja Syke-sarjoissa sek\u00e4 Tuntematon sotilas -elokuvassa (2017).<\/p>\n<p class=\"paragraph\">Ohtosen aviopuoliso on radiojuontajana tunnettu <a href=\"https:\/\/www.iltalehti.fi\/henkilot\/Alma H\u00e4t\u00f6nen\" class=\"article-link-person-page\" rel=\"nofollow noopener\" target=\"_blank\">Alma H\u00e4t\u00f6nen<\/a>, joka <a href=\"https:\/\/www.iltalehti.fi\/viihdeuutiset\/c93b3309-d385-4bc5-bc12-0323c48e7084\" rel=\"nofollow noopener\" target=\"_blank\">ilmoitti syksyll\u00e4 sosiaalisessa mediassa<\/a> pariskunnan el\u00e4m\u00e4nmuutoksesta.<\/p>\n<p class=\"paragraph\">\u2013 Me muutetaan Roomaan! Kaikki manifestointivitsailut sikseen, Jaakko sai siis t\u00f6it\u00e4 Italiasta ja p\u00e4\u00e4dyttiin siihen, ett\u00e4 t\u00e4h\u00e4n seikkailuun me l\u00e4hdet\u00e4\u00e4n yhdess\u00e4, H\u00e4t\u00f6nen kirjoitti Instagram-julkaisussaan syyskuussa.<\/p>\n<p class=\"paragraph\">H\u00e4t\u00f6nen hehkutti Instagramissa my\u00f6s puolisonsa tuoretta julkistusta.<\/p>\n<p class=\"paragraph\">\u2013 Olen melkein 10 vuotta katsonut, miten suurella syd\u00e4mell\u00e4 Jaakko tekee ty\u00f6t\u00e4\u00e4n. Nyt kaikki se duuni palkitaan. Olen niin k\u00e4sitt\u00e4m\u00e4tt\u00f6m\u00e4n ylpe\u00e4, H\u00e4t\u00f6nen kirjoitti Instagram-tarinoissa.<\/p>\n<p>Alma H\u00e4t\u00f6nen ja Jaakko Ohtonen muuttivat Roomaan kuvausten vuoksi.  AOP<\/p>\n<p class=\"paragraph\">Ohtonen jakoi <a href=\"https:\/\/www.instagram.com\/p\/DP1XvhwCDG5\/?hl=fi\" target=\"_blank\" rel=\"noopener nofollow\">Instagram-tilill\u00e4\u00e4n<\/a> tiedon uudesta roolistaan ja vastaanotti valtavasti onnitteluja.<\/p>\n<p class=\"paragraph\">\u2013 Onnea viel\u00e4 kerran, kirjoittaa n\u00e4yttelij\u00e4 <a href=\"https:\/\/www.iltalehti.fi\/henkilot\/Peter Franz\u00e9n\" class=\"article-link-person-page\" rel=\"nofollow noopener\" target=\"_blank\">Peter Franz\u00e9n<\/a>.<\/p>\n<p class=\"paragraph\">\u2013 Jesus, kirjoittaa n\u00e4yttelij\u00e4 <a href=\"https:\/\/www.iltalehti.fi\/henkilot\/Antti Luusuaniemi\" class=\"article-link-person-page\" rel=\"nofollow noopener\" target=\"_blank\">Antti Luusuaniemi<\/a> liekki-emojin kera.<\/p>\n<p class=\"paragraph\">\u2013 Torille saakeli, kirjoittaa n\u00e4yttelij\u00e4 <a href=\"https:\/\/www.iltalehti.fi\/henkilot\/Jarkko Niemi\" class=\"article-link-person-page\" rel=\"nofollow noopener\" target=\"_blank\">Jarkko Niemi<\/a>.<\/p>\n<p class=\"paragraph\">\u2013 En kest\u00e4, kirjoittaa juontaja <a href=\"https:\/\/www.iltalehti.fi\/henkilot\/Jenni Poikelus\" class=\"article-link-person-page\" rel=\"nofollow noopener\" target=\"_blank\">Jenni Poikelus<\/a>.<\/p>\n<p class=\"paragraph\">\u2013 Jee! Sukset! Jesus Christ Superstar! Paljon onnea, sanailee juontaja <a href=\"https:\/\/www.iltalehti.fi\/henkilot\/Ile Uusivuori\" class=\"article-link-person-page\" rel=\"nofollow noopener\" target=\"_blank\">Ile Uusivuori<\/a>.<\/p>\n<p><script async src=\"\/\/www.instagram.com\/embed.js\"><\/script><\/p>\n","protected":false},"excerpt":{"rendered":"Suomalaisn\u00e4yttelij\u00e4 Jaakko Ohtonen nimitettiin p\u00e4\u00e4rooliin Mel Gibsonin uudessa elokuvassa. Kuvaukset ovat parhaillaan k\u00e4ynniss\u00e4 Roomassa. Suomalaisn\u00e4yttelij\u00e4 Jaakko Ohtonen on&hellip;\n","protected":false},"author":2,"featured_media":63966,"comment_status":"","ping_status":"","sticky":false,"template":"","format":"standard","meta":{"footnotes":""},"categories":[131],"tags":[35,153,152,155,137,33,173,31,30,172,718,154,32,140,156,109],"class_list":{"0":"post-63965","1":"post","2":"type-post","3":"status-publish","4":"format-standard","5":"has-post-thumbnail","7":"category-elokuvat","8":"tag-24h","9":"tag-audiovisuaalinen-media","10":"tag-elokuva-ja-tv-nayttelijat","11":"tag-elokuvat","12":"tag-entertainment","13":"tag-fi","14":"tag-film","15":"tag-finland","16":"tag-finnish","17":"tag-movies","18":"tag-nayttamotaide","19":"tag-nayttelijat-teatteri","20":"tag-suomi","21":"tag-tv-ja-elokuvat","22":"tag-tv","23":"tag-viihde"},"share_on_mastodon":{"url":"","error":""},"_links":{"self":[{"href":"https:\/\/www.europesays.com\/fi\/wp-json\/wp\/v2\/posts\/63965","targetHints":{"allow":["GET"]}}],"collection":[{"href":"https:\/\/www.europesays.com\/fi\/wp-json\/wp\/v2\/posts"}],"about":[{"href":"https:\/\/www.europesays.com\/fi\/wp-json\/wp\/v2\/types\/post"}],"author":[{"embeddable":true,"href":"https:\/\/www.europesays.com\/fi\/wp-json\/wp\/v2\/users\/2"}],"replies":[{"embeddable":true,"href":"https:\/\/www.europesays.com\/fi\/wp-json\/wp\/v2\/comments?post=63965"}],"version-history":[{"count":0,"href":"https:\/\/www.europesays.com\/fi\/wp-json\/wp\/v2\/posts\/63965\/revisions"}],"wp:featuredmedia":[{"embeddable":true,"href":"https:\/\/www.europesays.com\/fi\/wp-json\/wp\/v2\/media\/63966"}],"wp:attachment":[{"href":"https:\/\/www.europesays.com\/fi\/wp-json\/wp\/v2\/media?parent=63965"}],"wp:term":[{"taxonomy":"category","embeddable":true,"href":"https:\/\/www.europesays.com\/fi\/wp-json\/wp\/v2\/categories?post=63965"},{"taxonomy":"post_tag","embeddable":true,"href":"https:\/\/www.europesays.com\/fi\/wp-json\/wp\/v2\/tags?post=63965"}],"curies":[{"name":"wp","href":"https:\/\/api.w.org\/{rel}","templated":true}]}}