{"id":63971,"date":"2025-10-16T17:39:09","date_gmt":"2025-10-16T17:39:09","guid":{"rendered":"https:\/\/www.europesays.com\/fi\/63971\/"},"modified":"2025-10-16T17:39:09","modified_gmt":"2025-10-16T17:39:09","slug":"hs-meyerin-perhe-aikoo-myyda-osuuden-turun-telakasta-varsinais-suomi","status":"publish","type":"post","link":"https:\/\/www.europesays.com\/fi\/63971\/","title":{"rendered":"HS: Meyerin perhe aikoo myyd\u00e4 osuuden Turun telakasta | Varsinais-Suomi"},"content":{"rendered":"<p class=\"aw-1gybjub aw-5vja16 ghpEtB kjanFo yle__article__paragraph\">Helsingin Sanomien tietojen mukaan Meyerin omistajasuku etsii telakan v\u00e4hemmist\u00f6osuudelle ostajaa. Meyer ei ole vahvistanut HS:n tietoja.<\/p>\n<p><img decoding=\"async\" alt=\"Valmisteilla oleva Legend of The Seas -alus Meyer Turun telakalla.\" src=\"https:\/\/www.europesays.com\/fi\/wp-content\/uploads\/2025\/10\/39-153025968db822a8e125.jpeg\" class=\"aw-1l9m598 hKVVvP\"\/><\/p>\n<p>Avaa kuvien katselu<\/p>\n<p>Kolmas Icon-luokan risteilyalus, Legend of the Seas on parhaillaan rakenteilla Turun telakalla. Kuva: Jere Sanaksenaho \/ Yle<\/p>\n<p>16:25\u2022P\u00e4ivitetty 17:49<\/p>\n<p class=\"aw-1gybjub aw-1p7kakr ghpEtB jtovHP yle__article__paragraph\">Turun telakan omistaja, Meyerin perhe etsii telakalle uutta v\u00e4hemmist\u00f6omistajaa. Asiasta kertoo <a class=\"aw-iao6s4 iHOxEa yle__article__link\" href=\"https:\/\/www.hs.fi\/talous\/art-2000011563114.html\" role=\"link\" rel=\"nofollow noopener\" target=\"_blank\">Helsingin Sanomat<\/a> l\u00e4hteisiins\u00e4 vedoten.<\/p>\n<p class=\"aw-1gybjub aw-1p7kakr ghpEtB jtovHP yle__article__paragraph\">Meyer Turku ei ole vahvistanut tietoa lehdelle.<\/p>\n<p class=\"aw-1gybjub aw-1p7kakr ghpEtB jtovHP yle__article__paragraph\">Meyer Turun viestint\u00e4p\u00e4\u00e4llikk\u00f6 <strong class=\"aw-ak79eh KyCXm yle__article__strong\">Anna Hakala<\/strong> sanoo Ylelle, ett\u00e4 Turun telakan tilannetta kommentoi ainoastaan omistaja eli Meyrin perhe. Yle ei ole tavoittanut Meyreit\u00e4.<\/p>\n<p class=\"aw-1gybjub aw-1p7kakr ghpEtB jtovHP yle__article__paragraph\">HS:n mukaan esill\u00e4 on ollut kolmasosan myynti Turun telakasta.<\/p>\n<p class=\"aw-1gybjub aw-1p7kakr ghpEtB jtovHP yle__article__paragraph\">Lehden mukaan yritysj\u00e4rjestelyn tarkoituksena on vakauttaa Meyerin Saksassa sijaitsevan Papenburgin telakan taloudellinen tilanne.<\/p>\n<p><img decoding=\"async\" alt=\"Saksan liittokansleri Olaf Scholz l\u00e4hikuvassa. \" src=\"https:\/\/www.europesays.com\/fi\/wp-content\/uploads\/2025\/10\/39-12857486644cfbadbf8f.jpeg\" class=\"aw-1l9m598 hKVVvP\"\/><\/p>\n<p class=\"aw-1gybjub aw-1p7kakr ghpEtB jtovHP yle__article__paragraph\">Syksyll\u00e4 2024 Meyerin perhe j\u00e4i Papenburgin telakan v\u00e4hemmist\u00f6omistajaksi 20 prosentin osuudella, kun 80 prosenttia yhti\u00f6st\u00e4 <a class=\"aw-iao6s4 iHOxEa yle__article__link\" href=\"https:\/\/yle.fi\/a\/74-20106729\" role=\"link\" rel=\"nofollow noopener\" target=\"_blank\">siirtyi valtio-omistukseen<\/a>.<\/p>\n<p class=\"aw-1gybjub aw-1p7kakr ghpEtB jtovHP yle__article__paragraph\">J\u00e4rjestelyn tarkoituksena oli pelastaa heikossa tilanteessa ollut telakka.<\/p>\n<p class=\"aw-1gybjub aw-1p7kakr ghpEtB jtovHP yle__article__paragraph\">Turun telakan Meyerin suku omistaa kokonaan.<\/p>\n<p class=\"aw-1gybjub aw-1p7kakr ghpEtB jtovHP yle__article__paragraph\">Uutinen p\u00e4ivittyy.<\/p>\n<p class=\"aw-1gybjub aw-1p7kakr ghpEtB jtovHP yle__article__paragraph\">Kello 17.50 lis\u00e4tty Anna Hakalan kommentti.<\/p>\n","protected":false},"excerpt":{"rendered":"Helsingin Sanomien tietojen mukaan Meyerin omistajasuku etsii telakan v\u00e4hemmist\u00f6osuudelle ostajaa. Meyer ei ole vahvistanut HS:n tietoja. Avaa kuvien&hellip;\n","protected":false},"author":2,"featured_media":63972,"comment_status":"","ping_status":"","sticky":false,"template":"","format":"standard","meta":{"footnotes":""},"categories":[76],"tags":[79,77,33,31,30,71,12860,8833,32,78,2790,1053,662,663],"class_list":{"0":"post-63971","1":"post","2":"type-post","3":"status-publish","4":"format-standard","5":"has-post-thumbnail","7":"category-talous","8":"tag-business","9":"tag-economy","10":"tag-fi","11":"tag-finland","12":"tag-finnish","13":"tag-kotimaa","14":"tag-meyer-turku","15":"tag-meyer-turku-oy","16":"tag-suomi","17":"tag-talous","18":"tag-telakkateollisuus","19":"tag-teollisuus","20":"tag-turku","21":"tag-varsinais-suomi"},"share_on_mastodon":{"url":"","error":""},"_links":{"self":[{"href":"https:\/\/www.europesays.com\/fi\/wp-json\/wp\/v2\/posts\/63971","targetHints":{"allow":["GET"]}}],"collection":[{"href":"https:\/\/www.europesays.com\/fi\/wp-json\/wp\/v2\/posts"}],"about":[{"href":"https:\/\/www.europesays.com\/fi\/wp-json\/wp\/v2\/types\/post"}],"author":[{"embeddable":true,"href":"https:\/\/www.europesays.com\/fi\/wp-json\/wp\/v2\/users\/2"}],"replies":[{"embeddable":true,"href":"https:\/\/www.europesays.com\/fi\/wp-json\/wp\/v2\/comments?post=63971"}],"version-history":[{"count":0,"href":"https:\/\/www.europesays.com\/fi\/wp-json\/wp\/v2\/posts\/63971\/revisions"}],"wp:featuredmedia":[{"embeddable":true,"href":"https:\/\/www.europesays.com\/fi\/wp-json\/wp\/v2\/media\/63972"}],"wp:attachment":[{"href":"https:\/\/www.europesays.com\/fi\/wp-json\/wp\/v2\/media?parent=63971"}],"wp:term":[{"taxonomy":"category","embeddable":true,"href":"https:\/\/www.europesays.com\/fi\/wp-json\/wp\/v2\/categories?post=63971"},{"taxonomy":"post_tag","embeddable":true,"href":"https:\/\/www.europesays.com\/fi\/wp-json\/wp\/v2\/tags?post=63971"}],"curies":[{"name":"wp","href":"https:\/\/api.w.org\/{rel}","templated":true}]}}