{"id":63973,"date":"2025-10-16T17:40:07","date_gmt":"2025-10-16T17:40:07","guid":{"rendered":"https:\/\/www.europesays.com\/fi\/63973\/"},"modified":"2025-10-16T17:40:07","modified_gmt":"2025-10-16T17:40:07","slug":"antaa-vaarin-vapista-pelosta-lauloi-18-vuotias-venalaisnainen-otettiin-kiinni-2","status":"publish","type":"post","link":"https:\/\/www.europesays.com\/fi\/63973\/","title":{"rendered":"\u201dAntaa vaarin vapista pelosta\u201d, lauloi 18-vuotias ven\u00e4l\u00e4isnainen \u2013 otettiin kiinni"},"content":{"rendered":"<p>Laulussa toivotaan, ett\u00e4 televisiossa n\u00e4ytett\u00e4isiin Joutsenlampi-baletti. Siihen liittyy ven\u00e4l\u00e4isten mieliss\u00e4 vahvaa symboliikkaa.<\/p>\n<p>Lue tiivistelm\u00e4<\/p>\n<p>Tiivistelm\u00e4 on teko\u00e4lyn tekem\u00e4 ja ihmisen tarkistama.<\/p>\n<p class=\"article-body mb-nof-24 px-nof-16 sndp-summary-bullet-point-font\">18-vuotias katulaulaja Diana Loginova otettiin kiinni Pietarissa kielletyn laulun esitt\u00e4misest\u00e4.<\/p>\n<p class=\"article-body mb-nof-24 px-nof-16 sndp-summary-bullet-point-font\">Noin sata nuorta lauloi mukana Noize MC:n kappaletta, joka kritisoi Ven\u00e4j\u00e4n johtoa.<\/p>\n<p class=\"article-body mb-nof-24 px-nof-16 sndp-summary-bullet-point-font\">Laulussa viitataan Joutsenlampi-balettiin, joka symboloi Ven\u00e4j\u00e4ll\u00e4 vallanvaihdosta.<\/p>\n<p class=\"article-body mb-nof-24 px-nof-16 sndp-summary-bullet-point-font\">Loginovaa uhkaa mahdollisesti 15 p\u00e4iv\u00e4n hallinnollinen aresti.<\/p>\n<p class=\"article-body mb-nof-24 px-nof-16\">Ven\u00e4j\u00e4ll\u00e4 poliisi on ottanut kiinni 18-vuotiaan katulaulajan <a class=\"article-personlink\" href=\"https:\/\/www.satakunnankansa.fi\/haku\/?query=Diana%20Loginovan\" rel=\"nofollow noopener\" target=\"_blank\">Diana Loginovan<\/a>, joka lauloi kielletty\u00e4 laulua Pietarin keskustassa, kertoo pietarilainen uutissivusto <a class=\"article-genericlink\" href=\"https:\/\/www.fontanka.ru\/2025\/10\/15\/76076054\/\" rel=\"nofollow noopener\" target=\"_blank\">Fontanka<\/a>. Maanantaina pidetyst\u00e4 konsertista kuvatulla videolla n\u00e4kyy arviolta satap\u00e4inen joukko nuoria ihmisi\u00e4 laulamassa innokkaasti mukana.<\/p>\n<p class=\"article-body mb-nof-24 px-nof-16\">Videota on jaettu esimerkiksi viestipalvelu <a class=\"article-genericlink\" href=\"https:\/\/t.me\/badphrase\/14355\" rel=\"nofollow\">Telegramissa<\/a>. Videolla lauletaan Ven\u00e4j\u00e4lt\u00e4 paenneen muusikon <a class=\"article-personlink\" href=\"https:\/\/www.satakunnankansa.fi\/haku\/?query=Noize%20MC:n\" rel=\"nofollow noopener\" target=\"_blank\">Noize MC:n<\/a> kappaletta Kooperativ Lebedinoje ozero eli Osuuskunta Joutsenlampi.<\/p>\n<p class=\"article-body mb-nof-24 px-nof-16\">Ven\u00e4l\u00e4inen tuomioistuin p\u00e4\u00e4tti viime kev\u00e4\u00e4n\u00e4 kielt\u00e4\u00e4 kappaleen levitt\u00e4misen todeten, ett\u00e4 se muun muassa lietsoo kielteisi\u00e4 asenteita Ven\u00e4j\u00e4n presidentti\u00e4 kohtaan. Kielt\u00e4misest\u00e4 kertoi esimerkiksi <a class=\"article-genericlink\" href=\"https:\/\/www.fontanka.ru\/2025\/05\/29\/75517220\/\" rel=\"nofollow noopener\" target=\"_blank\">Fontanka<\/a>.<\/p>\n<p class=\"article-body mb-nof-24 px-nof-16\">Pietarilaisnuorten yhteislauluhetkest\u00e4 tekee merkitt\u00e4v\u00e4n se, ettei Ven\u00e4j\u00e4ll\u00e4 ole juuri n\u00e4kynyt julkisia mielenilmauksia Ven\u00e4j\u00e4n hallintoa vastaan sen j\u00e4lkeen, kun Ven\u00e4j\u00e4 kovakouraisesti tukahdutti sotaa vastustavat mielenilmaukset hy\u00f6kk\u00e4yssodan alussa.<\/p>\n<p class=\"article-body mb-nof-24 px-nof-16\">Noize MC:n kappaleen tekstiss\u00e4 on viittauksia Ven\u00e4j\u00e4n valtionjohtoon.<\/p>\n<p class=\"article-body mb-nof-24 px-nof-16\">\u201dHaluan katsoa balettia, tanssikoot joutsenet. Antaa vaarin vapista pelosta Lampensa puolesta. Pois ruudulta Solovjov, tanssikoot joutsenet\u201d, kappaleessa lauletaan.<\/p>\n<p class=\"article-body mb-nof-24 px-nof-16\">Kappale l\u00f6ytyy musiikkivideona <a class=\"article-genericlink\" href=\"https:\/\/noizemc.com\/video\/kooperativ-lebedinoe-ozero\/\" rel=\"nofollow noopener\" target=\"_blank\">Noize MC:n sivulta<\/a>.<\/p>\n<p class=\"article-body mb-nof-24 px-nof-16\"><a class=\"article-personlink\" href=\"https:\/\/www.satakunnankansa.fi\/haku\/?query=Pjotr%20T%C5%A1aikovskin\" rel=\"nofollow noopener\" target=\"_blank\">Pjotr T\u0161aikovskin<\/a> Joutsenlampi-balettiin liittyy Ven\u00e4j\u00e4ll\u00e4 vahva symboliarvo. Se yhdistet\u00e4\u00e4n yhteiskunnallisiin mullistuksiin, joissa esimerkiksi valta vaihtuu. Ven\u00e4j\u00e4n televisiossa n\u00e4ytettiin Joutsenlampea vuonna 1991 Neuvostoliiton hajoamista edelt\u00e4neen vallankaappausyrityksen aikana.<\/p>\n<p class=\"article-body mb-nof-24 px-nof-16\">Vaari, ven\u00e4j\u00e4ksi ded, puolestaan on nimitys, jolla etenkin nuoret viittaavat Ven\u00e4j\u00e4n johtajaan <a class=\"article-personlink\" href=\"https:\/\/www.satakunnankansa.fi\/haku\/?query=Vladimir%20Putiniin\" rel=\"nofollow noopener\" target=\"_blank\">Vladimir Putiniin<\/a>. Tekstiss\u00e4 mainittu Solovjov taas tarkoittanee <a class=\"article-personlink\" href=\"https:\/\/www.satakunnankansa.fi\/haku\/?query=Vladimir%20Solovjovia\" rel=\"nofollow noopener\" target=\"_blank\">Vladimir Solovjovia<\/a>, joka on yksi tunnetuimmista sotapropagandan kasvoista Ven\u00e4j\u00e4n televisiossa.<\/p>\n<p class=\"article-body mb-nof-24 px-nof-16\">Lampi, joka Joutsenlammen ven\u00e4j\u00e4nkielisess\u00e4 nimess\u00e4 on j\u00e4rvi, viitannee Karjalankannaksella sijaitsevaan Ozero-huvilaosuuskuntaan, jota pidet\u00e4\u00e4n Putinin l\u00e4hipiirin projektina.<\/p>\n<p class=\"article-body mb-nof-24 px-nof-16\">Loginova, taiteilijanimelt\u00e4\u00e4n Naoko, esitti kappaletta kadulla Stoptime-yhtyeens\u00e4 kanssa. Videon perusteella konsertti oli Pietarin ydinkeskustassa Nevskin valtakadulla Kazanin katedraalin kohdalla.<\/p>\n<p class=\"article-body mb-nof-24 px-nof-16\">Nuori katumuusikko voi saada jopa 15 p\u00e4iv\u00e4\u00e4 hallinnollista arestia, kertoo <a class=\"article-genericlink\" href=\"https:\/\/www.themoscowtimes.com\/2025\/10\/15\/st-petersburg-street-musician-arrested-after-viral-anti-putin-performance-a90821\" rel=\"nofollow noopener\" target=\"_blank\">The Moscow Times<\/a>. H\u00e4n on Fontankan <a class=\"article-genericlink\" href=\"https:\/\/www.fontanka.ru\/2025\/10\/15\/76076152\/\" rel=\"nofollow noopener\" target=\"_blank\">mukaan<\/a> saamassa kaksi hallinnollista syytett\u00e4. Toinen olisi tulossa Ven\u00e4j\u00e4n asevoimien julkisesta halventamisesta ja toinen luvattoman kokoontumisen j\u00e4rjest\u00e4misest\u00e4.<\/p>\n<p class=\"article-body mb-nof-24 px-nof-16\">Loginova ei ole itse kommentoinut kiinniottoaan. H\u00e4nen yhtyeens\u00e4 Stoptime pahoitteli tiistaina <a class=\"article-genericlink\" href=\"https:\/\/t.me\/Stoptime_Band\/241\" rel=\"nofollow\">Telegramissa<\/a>, ett\u00e4 p\u00e4iv\u00e4n katukonsertti oli peruttu.<\/p>\n<p class=\"article-body mb-nof-24 px-nof-16\">Vasta pari kuukautta sitten perustetun yhtyeen Telegram-kanavan tilaajam\u00e4\u00e4r\u00e4 on viime p\u00e4ivin\u00e4 kasvanut rivakkaan tahtiin.<\/p>\n","protected":false},"excerpt":{"rendered":"Laulussa toivotaan, ett\u00e4 televisiossa n\u00e4ytett\u00e4isiin Joutsenlampi-baletti. Siihen liittyy ven\u00e4l\u00e4isten mieliss\u00e4 vahvaa symboliikkaa. Lue tiivistelm\u00e4 Tiivistelm\u00e4 on teko\u00e4lyn tekem\u00e4&hellip;\n","protected":false},"author":2,"featured_media":63974,"comment_status":"","ping_status":"","sticky":false,"template":"","format":"standard","meta":{"footnotes":""},"categories":[14],"tags":[22,23,26,27,33,31,30,17,24,25,28,29,15,18,21,80,32,19,20,56,16,59,60,61],"class_list":{"0":"post-63973","1":"post","2":"type-post","3":"status-publish","4":"format-standard","5":"has-post-thumbnail","7":"category-ulkomaat","8":"tag-breaking-news","9":"tag-breakingnews","10":"tag-featured-news","11":"tag-featurednews","12":"tag-fi","13":"tag-finland","14":"tag-finnish","15":"tag-headlines","16":"tag-latest-news","17":"tag-latestnews","18":"tag-main-news","19":"tag-mainnews","20":"tag-news","21":"tag-otsikot","22":"tag-paauutiset","23":"tag-satakunnan-kansa","24":"tag-suomi","25":"tag-top-stories","26":"tag-topstories","27":"tag-ulkomaat","28":"tag-uutiset","29":"tag-world","30":"tag-world-news","31":"tag-worldnews"},"share_on_mastodon":{"url":"","error":""},"_links":{"self":[{"href":"https:\/\/www.europesays.com\/fi\/wp-json\/wp\/v2\/posts\/63973","targetHints":{"allow":["GET"]}}],"collection":[{"href":"https:\/\/www.europesays.com\/fi\/wp-json\/wp\/v2\/posts"}],"about":[{"href":"https:\/\/www.europesays.com\/fi\/wp-json\/wp\/v2\/types\/post"}],"author":[{"embeddable":true,"href":"https:\/\/www.europesays.com\/fi\/wp-json\/wp\/v2\/users\/2"}],"replies":[{"embeddable":true,"href":"https:\/\/www.europesays.com\/fi\/wp-json\/wp\/v2\/comments?post=63973"}],"version-history":[{"count":0,"href":"https:\/\/www.europesays.com\/fi\/wp-json\/wp\/v2\/posts\/63973\/revisions"}],"wp:featuredmedia":[{"embeddable":true,"href":"https:\/\/www.europesays.com\/fi\/wp-json\/wp\/v2\/media\/63974"}],"wp:attachment":[{"href":"https:\/\/www.europesays.com\/fi\/wp-json\/wp\/v2\/media?parent=63973"}],"wp:term":[{"taxonomy":"category","embeddable":true,"href":"https:\/\/www.europesays.com\/fi\/wp-json\/wp\/v2\/categories?post=63973"},{"taxonomy":"post_tag","embeddable":true,"href":"https:\/\/www.europesays.com\/fi\/wp-json\/wp\/v2\/tags?post=63973"}],"curies":[{"name":"wp","href":"https:\/\/api.w.org\/{rel}","templated":true}]}}