{"id":63977,"date":"2025-10-16T17:42:08","date_gmt":"2025-10-16T17:42:08","guid":{"rendered":"https:\/\/www.europesays.com\/fi\/63977\/"},"modified":"2025-10-16T17:42:08","modified_gmt":"2025-10-16T17:42:08","slug":"kuura-liukastaa-tiet-etela-ja-keski-suomessa-perjantaiaamuna-saa-olla-liikenteessa-tarkkana-sanoo-ylen-meteorologi-kotimaa","status":"publish","type":"post","link":"https:\/\/www.europesays.com\/fi\/63977\/","title":{"rendered":"Kuura liukastaa tiet Etel\u00e4- ja Keski-Suomessa \u2013 \u201dPerjantaiaamuna saa olla liikenteess\u00e4 tarkkana\u201d, sanoo Ylen meteorologi | Kotimaa"},"content":{"rendered":"<p class=\"aw-1gybjub aw-5vja16 ghpEtB kjanFo yle__article__paragraph\">Talvi tekee v\u00e4hitellen tuloaan Suomeen.<\/p>\n<p><img decoding=\"async\" alt=\"Kelivaroitukset perjantaiaamulle.\" src=\"https:\/\/www.europesays.com\/fi\/wp-content\/uploads\/2025\/10\/39-153928168f0ef62c53b8.jpeg\" class=\"aw-1l9m598 hKVVvP\"\/><\/p>\n<p>Avaa kuvien katselu<\/p>\n<p>Ajokeli muuttuu huonoksi y\u00f6ll\u00e4 ja aamulla kuuraisten teiden vuoksi Etel\u00e4- ja Keski-Suomessa. Kuva: Elias Paakkanen \/ Yle<\/p>\n<p class=\"aw-1gybjub aw-1p7kakr ghpEtB jtovHP yle__article__paragraph\">\u2013 Perjantaiaamuna saa olla liikenteess\u00e4 tarkkana, toteaa Ylen meteorologi <strong class=\"aw-ak79eh KyCXm yle__article__strong\">Elias Paakkanen<\/strong>.<\/p>\n<p class=\"aw-1gybjub aw-1p7kakr ghpEtB jtovHP yle__article__paragraph\">Ensi y\u00f6n\u00e4 on pakkasta melkein koko maassa. Nopean kylmenemisen vuoksi ilmassa oleva vesih\u00f6yry h\u00e4rmistyy tienpinnoille j\u00e4\u00e4ksi. On siis kyse kuuraliukkaudesta.<\/p>\n<p class=\"aw-1gybjub aw-1p7kakr ghpEtB jtovHP yle__article__paragraph\">Liikennes\u00e4\u00e4varoitus on voimassa maan etel\u00e4- ja keskiosissa siksi, ett\u00e4 siell\u00e4 l\u00e4mp\u00f6tila on ollut torstaina korkeampi kuin pohjoisessa. Etel\u00e4ss\u00e4 kylmeneminen on rajumpaa kuin pohjoisen jo valmiiksi viileiss\u00e4 l\u00e4mp\u00f6tiloissa, mik\u00e4 edesauttaa vesih\u00f6yryn h\u00e4rmistymist\u00e4.<\/p>\n<p class=\"aw-1gybjub aw-1p7kakr ghpEtB jtovHP yle__article__paragraph\">Varoitus merkitsee, ett\u00e4 liikenteen sujuvuus voi heikenty\u00e4 ja keskinopeus laskea. Onnettomuusriski on kohonnut Ilmatieteen laitoksen mukaan. Varoitus on voimassa aamukahdeksaan saakka.<\/p>\n<p class=\"aw-1gybjub aw-1p7kakr ghpEtB jtovHP yle__article__paragraph\">Kylmenev\u00e4 s\u00e4\u00e4 ennakoi talven tuloa.<\/p>\n<p class=\"aw-1gybjub aw-1p7kakr ghpEtB jtovHP yle__article__paragraph\">\u2013 Kyll\u00e4 se sielt\u00e4 v\u00e4hitellen saapuu. Ei ihan kertarytin\u00e4ll\u00e4, mutta on t\u00e4ss\u00e4 pari y\u00f6t\u00e4, jolloin on pakkasta melkein koko maassa, joten vahvasti menn\u00e4\u00e4n talvea kohti, Paakkanen sanoo.<\/p>\n<p class=\"aw-1gybjub aw-1p7kakr ghpEtB jtovHP yle__article__paragraph\"><a class=\"aw-iao6s4 iHOxEa yle__article__link\" href=\"https:\/\/yle.fi\/a\/74-20188633\" role=\"link\" rel=\"nofollow noopener\" target=\"_blank\">Pohjois-Lappiin tuli virallinen ensilumi<\/a> torstain vastaisen y\u00f6n ja aamun aikana. K\u00e4sivarren Lapissa ja Kilpisj\u00e4rven lunta saatiin jopa seitsem\u00e4n sentti\u00e4.<\/p>\n<p class=\"aw-1gybjub aw-1p7kakr ghpEtB jtovHP yle__article__paragraph\">\u2013 Kirkkaasti t\u00e4yttyy virallinen ensilumen m\u00e4\u00e4ritelm\u00e4, kun v\u00e4hint\u00e4\u00e4n sentti pit\u00e4\u00e4 olla maassa.<\/p>\n<p class=\"aw-1gybjub aw-1p7kakr ghpEtB jtovHP yle__article__paragraph\">Lapin alueelle on tulossa lis\u00e4\u00e4 lumisateita viikonlopun ennusteessa.<\/p>\n<p class=\"aw-1gybjub aw-1p7kakr ghpEtB jtovHP yle__article__paragraph\">\u2013 Sunnuntaina olisi seuraava isompi mahdollisuus muuallakin Lapissa lumisateelle. T\u00e4m\u00e4n hetken ennusteet v\u00e4l\u00e4ytt\u00e4v\u00e4t jopa yli kymmenen sentin lumikertym\u00e4\u00e4 it\u00e4isen Lapin alueelle.<\/p>\n<p class=\"aw-1gybjub aw-1p7kakr ghpEtB jtovHP yle__article__paragraph\">Viikonlopun ennuste on kuitenkin viel\u00e4 ep\u00e4varma, Paakkanen huomauttaa.<\/p>\n<p class=\"aw-1gybjub aw-1p7kakr ghpEtB jtovHP yle__article__paragraph\">Siit\u00e4 ei ole viel\u00e4 merkkej\u00e4, ett\u00e4 muualla Suomessa tulisi lumisateita.<\/p>\n<p class=\"aw-1gybjub aw-1p7kakr ghpEtB jtovHP yle__article__paragraph\">\u2013 Niit\u00e4 saadaan hetken aikaa viel\u00e4 odotella.<\/p>\n","protected":false},"excerpt":{"rendered":"Talvi tekee v\u00e4hitellen tuloaan Suomeen. Avaa kuvien katselu Ajokeli muuttuu huonoksi y\u00f6ll\u00e4 ja aamulla kuuraisten teiden vuoksi Etel\u00e4-&hellip;\n","protected":false},"author":2,"featured_media":63978,"comment_status":"","ping_status":"","sticky":false,"template":"","format":"standard","meta":{"footnotes":""},"categories":[5],"tags":[22,23,26,27,33,31,30,17,71,24,25,1161,28,29,15,18,21,710,32,19,20,16],"class_list":{"0":"post-63977","1":"post","2":"type-post","3":"status-publish","4":"format-standard","5":"has-post-thumbnail","7":"category-otsikot","8":"tag-breaking-news","9":"tag-breakingnews","10":"tag-featured-news","11":"tag-featurednews","12":"tag-fi","13":"tag-finland","14":"tag-finnish","15":"tag-headlines","16":"tag-kotimaa","17":"tag-latest-news","18":"tag-latestnews","19":"tag-liikenne","20":"tag-main-news","21":"tag-mainnews","22":"tag-news","23":"tag-otsikot","24":"tag-paauutiset","25":"tag-saa","26":"tag-suomi","27":"tag-top-stories","28":"tag-topstories","29":"tag-uutiset"},"share_on_mastodon":{"url":"","error":""},"_links":{"self":[{"href":"https:\/\/www.europesays.com\/fi\/wp-json\/wp\/v2\/posts\/63977","targetHints":{"allow":["GET"]}}],"collection":[{"href":"https:\/\/www.europesays.com\/fi\/wp-json\/wp\/v2\/posts"}],"about":[{"href":"https:\/\/www.europesays.com\/fi\/wp-json\/wp\/v2\/types\/post"}],"author":[{"embeddable":true,"href":"https:\/\/www.europesays.com\/fi\/wp-json\/wp\/v2\/users\/2"}],"replies":[{"embeddable":true,"href":"https:\/\/www.europesays.com\/fi\/wp-json\/wp\/v2\/comments?post=63977"}],"version-history":[{"count":0,"href":"https:\/\/www.europesays.com\/fi\/wp-json\/wp\/v2\/posts\/63977\/revisions"}],"wp:featuredmedia":[{"embeddable":true,"href":"https:\/\/www.europesays.com\/fi\/wp-json\/wp\/v2\/media\/63978"}],"wp:attachment":[{"href":"https:\/\/www.europesays.com\/fi\/wp-json\/wp\/v2\/media?parent=63977"}],"wp:term":[{"taxonomy":"category","embeddable":true,"href":"https:\/\/www.europesays.com\/fi\/wp-json\/wp\/v2\/categories?post=63977"},{"taxonomy":"post_tag","embeddable":true,"href":"https:\/\/www.europesays.com\/fi\/wp-json\/wp\/v2\/tags?post=63977"}],"curies":[{"name":"wp","href":"https:\/\/api.w.org\/{rel}","templated":true}]}}