{"id":63979,"date":"2025-10-16T17:53:11","date_gmt":"2025-10-16T17:53:11","guid":{"rendered":"https:\/\/www.europesays.com\/fi\/63979\/"},"modified":"2025-10-16T17:53:11","modified_gmt":"2025-10-16T17:53:11","slug":"oneplussan-emobrandi-laajensi-puhelinvalikoimaansa-suomessa","status":"publish","type":"post","link":"https:\/\/www.europesays.com\/fi\/63979\/","title":{"rendered":"OnePlussan emobr\u00e4ndi laajensi puhelinvalikoimaansa Suomessa"},"content":{"rendered":"<p><img loading=\"lazy\" decoding=\"async\" class=\"alignnone size-large wp-image-147471\" src=\"https:\/\/www.europesays.com\/fi\/wp-content\/uploads\/2025\/10\/Nayttokuva-2025-10-16-kello-10.31.27-1024x626.png\" alt=\"\" width=\"1024\" height=\"626\"\/><\/p>\n<p>Oppo on tuonut Suomen markkinoille uuden kest\u00e4v\u00e4n Oppo A5 Pro 5G -\u00e4lypuhelimen. Laitteessa on muun muassa IP69-luokitus ja suuri 5800 milliampeeritunnin akku.<\/p>\n<p>Oppo A5 Pro 5G on nyt saatavilla Suomessa kahdessa v\u00e4riss\u00e4, jotka ovat Olive Green ja Black Brown. Hintaa on 229 euroa 8 gigatavun RAM-muistilla ja 256 gigatavun sis\u00e4isell\u00e4 tallennustilalla varustellulla versiolla. Toistaiseksi Oppon puhelimet ovat saatavilla vain Powerin kautta.<\/p>\n<p>\n\t\t\tArtikkeli jatkuu mainoksen j\u00e4lkeen\n\t\t<\/p>\n<p>T\u00e4llainen on Oppo A5 Pro 5G<\/p>\n<p><img loading=\"lazy\" decoding=\"async\" class=\" wp-image-147466 aligncenter\" src=\"https:\/\/www.europesays.com\/fi\/wp-content\/uploads\/2025\/10\/brown-green-v1.png\" alt=\"\" width=\"530\" height=\"506\"\/><\/p>\n<p>Oppo A5 Pro 5G erottuu edukseen erityisesti rakenteensa ansiosta. Laite on saanut samanaikaisesti IP69-, IP68- ja IP66-luokitukset, mik\u00e4 tarkoittaa, ett\u00e4 se kest\u00e4\u00e4 paitsi upotuksen veteen, my\u00f6s korkeapaineiset ja kuumat vesisuihkut jopa 80 \u00b0C:n l\u00e4mp\u00f6tilassa. Lis\u00e4ksi se on suojattu p\u00f6lylt\u00e4 ja hiekalta.<\/p>\n<p>N\u00e4yt\u00f6n pintaa suojaa Corning Gorilla Glass 7i. Painoa laitteella on 194 grammaa ja paksuutta vain 7,76 millimetri\u00e4.<\/p>\n<p>\n\t\t\tArtikkeli jatkuu mainoksen j\u00e4lkeen\n\t\t<\/p>\n<p><img loading=\"lazy\" decoding=\"async\" class=\"alignnone size-large wp-image-147467\" src=\"https:\/\/www.europesays.com\/fi\/wp-content\/uploads\/2025\/10\/images-pack-1_232-1-1024x894.webp.webp\" alt=\"\" width=\"1024\" height=\"894\"\/><\/p>\n<p>Etupuolella Oppo A5 Pro 5G tarjoaa 6,67 tuuman HD+ LCD-n\u00e4yt\u00f6n, jossa on 120 hertsin virkistystaajuus. Suorituskyvyst\u00e4 vastaa MediaTek Dimensity 6300 -j\u00e4rjestelm\u00e4piiri, joka on valmistettu 6 nanometrin prosessilla.<\/p>\n<p>Oppo A5 Pro 5G tarjoaa 8 gigatavua RAM-muistia ja 256 gigatavua sis\u00e4ist\u00e4 tallennustilaa, joka riitt\u00e4\u00e4 useimmille k\u00e4ytt\u00e4jille mainiosti. Lis\u00e4ksi tallennustilaa voi laajentaa jopa 1 teratavuun microSD-muistikortilla. K\u00e4ytt\u00f6j\u00e4rjestelm\u00e4n\u00e4 on heti uusin Android 15, jonka p\u00e4\u00e4ll\u00e4 on ColorOS.<\/p>\n<p>\n\t\t\tArtikkeli jatkuu mainoksen j\u00e4lkeen\n\t\t<\/p>\n<p><img loading=\"lazy\" decoding=\"async\" class=\"alignnone size-large wp-image-147469\" src=\"https:\/\/www.europesays.com\/fi\/wp-content\/uploads\/2025\/10\/images-color-switch-l5-2-1-pc-1-1024x713.webp.webp\" alt=\"\" width=\"1024\" height=\"713\"\/><\/p>\n<p>Akun kapasiteetti on per\u00e4ti 5800 mAh, ja Oppo lupaa sen kest\u00e4v\u00e4n yli 1600 lataussykli\u00e4, mik\u00e4 tarkoittaa noin nelj\u00e4n vuoden k\u00e4ytt\u00f6ik\u00e4\u00e4 ennen merkitt\u00e4v\u00e4\u00e4 kapasiteetin heikkenemist\u00e4. 45 watin SUPERVOOC-pikalataus lataa akun 30 prosenttiin vain noin 19 minuutissa. Langatonta latausta ei tueta, mutta puhelin tukee USB Power Delivery -standardia.<\/p>\n<p>Kuvauspuolella Oppo A5 Pro 5G tarjoaa 50 megapikselin p\u00e4\u00e4kameran, jota tukee 2 megapikselin muotokuvakamera. Etupuolella on 8 megapikselin kamera, joka tukee teko\u00e4lypohjaista kaunistusta ja muotokuvatilaa.<\/p>\n","protected":false},"excerpt":{"rendered":"Oppo on tuonut Suomen markkinoille uuden kest\u00e4v\u00e4n Oppo A5 Pro 5G -\u00e4lypuhelimen. Laitteessa on muun muassa IP69-luokitus ja&hellip;\n","protected":false},"author":2,"featured_media":63980,"comment_status":"","ping_status":"","sticky":false,"template":"","format":"standard","meta":{"footnotes":""},"categories":[85],"tags":[33,31,30,419,418,13377,14603,32,91,92],"class_list":{"0":"post-63979","1":"post","2":"type-post","3":"status-publish","4":"format-standard","5":"has-post-thumbnail","7":"category-mobiili","8":"tag-fi","9":"tag-finland","10":"tag-finnish","11":"tag-mobiili","12":"tag-mobile","13":"tag-oppo","14":"tag-oppo-a5-pro-5g","15":"tag-suomi","16":"tag-technology","17":"tag-teknologia"},"share_on_mastodon":{"url":"","error":""},"_links":{"self":[{"href":"https:\/\/www.europesays.com\/fi\/wp-json\/wp\/v2\/posts\/63979","targetHints":{"allow":["GET"]}}],"collection":[{"href":"https:\/\/www.europesays.com\/fi\/wp-json\/wp\/v2\/posts"}],"about":[{"href":"https:\/\/www.europesays.com\/fi\/wp-json\/wp\/v2\/types\/post"}],"author":[{"embeddable":true,"href":"https:\/\/www.europesays.com\/fi\/wp-json\/wp\/v2\/users\/2"}],"replies":[{"embeddable":true,"href":"https:\/\/www.europesays.com\/fi\/wp-json\/wp\/v2\/comments?post=63979"}],"version-history":[{"count":0,"href":"https:\/\/www.europesays.com\/fi\/wp-json\/wp\/v2\/posts\/63979\/revisions"}],"wp:featuredmedia":[{"embeddable":true,"href":"https:\/\/www.europesays.com\/fi\/wp-json\/wp\/v2\/media\/63980"}],"wp:attachment":[{"href":"https:\/\/www.europesays.com\/fi\/wp-json\/wp\/v2\/media?parent=63979"}],"wp:term":[{"taxonomy":"category","embeddable":true,"href":"https:\/\/www.europesays.com\/fi\/wp-json\/wp\/v2\/categories?post=63979"},{"taxonomy":"post_tag","embeddable":true,"href":"https:\/\/www.europesays.com\/fi\/wp-json\/wp\/v2\/tags?post=63979"}],"curies":[{"name":"wp","href":"https:\/\/api.w.org\/{rel}","templated":true}]}}