{"id":63989,"date":"2025-10-16T18:02:10","date_gmt":"2025-10-16T18:02:10","guid":{"rendered":"https:\/\/www.europesays.com\/fi\/63989\/"},"modified":"2025-10-16T18:02:10","modified_gmt":"2025-10-16T18:02:10","slug":"musiikkilegenda-bob-dylanin-konsertissa-kuvaaminen-on-kielletty-nain-siita-ajattelee-konserttiyleiso-kulttuuri","status":"publish","type":"post","link":"https:\/\/www.europesays.com\/fi\/63989\/","title":{"rendered":"Musiikkilegenda Bob Dylanin konsertissa kuvaaminen on kielletty \u2013 n\u00e4in siit\u00e4 ajattelee konserttiyleis\u00f6 | Kulttuuri"},"content":{"rendered":"<p class=\"aw-1gybjub aw-5vja16 ghpEtB kjanFo yle__article__paragraph\">Bob Dylanin torstai-illan konsertissa Helsingin areenalla ei saa valokuvata lainkaan. Puhelimet sujautetaan konsertin ajaksi suljettavaan pussiin.<\/p>\n<p><img decoding=\"async\" alt=\"Dylan esiintyykitaran kanssa lavalla.\" src=\"https:\/\/www.europesays.com\/fi\/wp-content\/uploads\/2025\/10\/39-153749768ecd2f46c324.jpeg\" class=\"aw-1l9m598 hKVVvP\"\/><\/p>\n<p>Avaa kuvien katselu<\/p>\n<p>Bob Dylanin keikkoja ei ole viime vuosina saanut taltioida. T\u00e4m\u00e4 kuva on otettu h\u00e4nest\u00e4 Noblesvilless\u00e4 Indianassa vuonna 2023. Kuva: Gary Miller \/ Getty<\/p>\n<p>18:52\u2022P\u00e4ivitetty 19:27<\/p>\n<p class=\"aw-1gybjub aw-1p7kakr ghpEtB jtovHP yle__article__paragraph\">Amerikkalainen laulajalegenda, 84-vuotias <strong class=\"aw-ak79eh KyCXm yle__article__strong\">Bob Dylan<\/strong>, esiintyy Helsingin areenalla t\u00e4n\u00e4 iltana. Maailmankiertue Rough and Rowdy Ways World Wide alkoi vuonna 2021, ja nyt on viimein Suomen vuoro.<\/p>\n<p class=\"aw-1gybjub aw-1p7kakr ghpEtB jtovHP yle__article__paragraph\">Konserttia on mainostettu \u201dpuhelinvapaana kokemuksena\u201d.<\/p>\n<p class=\"aw-1gybjub aw-1p7kakr ghpEtB jtovHP yle__article__paragraph\">K\u00e4yt\u00e4nn\u00f6ss\u00e4 t\u00e4m\u00e4 tarkoittaa, ett\u00e4 tapahtumassa on poikkeuksellisen tiukka kuvauskielto. Matkapuhelimien, kameroiden tai tallennuslaitteiden k\u00e4ytt\u00f6 konsertissa on kielletty.<\/p>\n<p class=\"aw-1gybjub aw-1p7kakr ghpEtB jtovHP yle__article__paragraph\">Konserttilipun ostaneet ovat saaneet j\u00e4rjest\u00e4jilt\u00e4 \u201dYondr-ohjeistuksen\u201d. Sen mukaan kaikki puhelimet suljetaan jo sis\u00e4\u00e4nk\u00e4ynnill\u00e4 niin sanottuun Yondr-pussiin.<\/p>\n<p><img decoding=\"async\" alt=\"K\u00e4nnyk\u00e4t sujautetaan konsertin ajaksi suljettavaan pussiin.\" src=\"https:\/\/www.europesays.com\/fi\/wp-content\/uploads\/2025\/10\/39-153940968f112cdd4604.jpeg\" class=\"aw-1l9m598 hKVVvP\"\/><\/p>\n<p>Avaa kuvien katselu<\/p>\n<p><img decoding=\"async\" alt=\"K\u00e4nnyk\u00e4t sujautetaan konsertin ajaksi suljettavaan pussiin.\" src=\"https:\/\/www.europesays.com\/fi\/wp-content\/uploads\/2025\/10\/39-153940868f112cdd2172.jpeg\" class=\"aw-1l9m598 hKVVvP\"\/><\/p>\n<p>Avaa kuvien katselu<\/p>\n<p class=\"aw-1gybjub aw-1p7kakr ghpEtB jtovHP yle__article__paragraph\">Tapahtuman aikana puhelinta saa k\u00e4ytt\u00e4\u00e4 vain erikseen merkityll\u00e4 alueella, mink\u00e4 j\u00e4lkeen k\u00e4nnykk\u00e4 pit\u00e4\u00e4 laittaa takaisin pussiin.<\/p>\n<p class=\"aw-1gybjub aw-1p7kakr ghpEtB jtovHP yle__article__paragraph\">Mik\u00e4li ohjeistusta ei noudata, musiikkiel\u00e4mys p\u00e4\u00e4ttyy siihen, ja seurauksena on poistaminen konsertista.<\/p>\n<p class=\"aw-1gybjub aw-1p7kakr ghpEtB jtovHP yle__article__paragraph\">T\u00e4st\u00e4 konsertista ei siten ole luvassa somep\u00e4ivityksi\u00e4, eik\u00e4 konsertissa heilu laulajaa kuvaavia k\u00e4nnykk\u00e4k\u00e4si\u00e4.<\/p>\n<p><img decoding=\"async\" alt=\"Pariskunnalla ruskeat hatut, joissa on kukkakoristeita. \" src=\"https:\/\/www.europesays.com\/fi\/wp-content\/uploads\/2025\/10\/39-153940168f10d2d710a9.jpeg\" loading=\"lazy\" class=\"aw-1l9m598 hKVVvP\"\/><\/p>\n<p>Avaa kuvien katselu<\/p>\n<p>Torniolainen Nella Tirkkonen ja manchesterilainen Harry Nash olivat pukeutuneet konserttiin tuunaamalla asusteitaan.  Kuva: Thomas H\u00e4gstr\u00f6m \/ Yle<\/p>\n<p class=\"aw-1gybjub aw-1p7kakr ghpEtB jtovHP yle__article__paragraph\">K\u00e4nnyk\u00f6iden k\u00e4ytt\u00f6kielto ei ole aivan uusi asia, joskin se on harvinainen. Kun ruotsalainen <a class=\"aw-iao6s4 iHOxEa yle__article__link\" href=\"https:\/\/yle.fi\/a\/74-20120601\" role=\"link\" rel=\"nofollow noopener\" target=\"_blank\">metalliyhtye Ghost konsertoi Tampereella<\/a> viime kev\u00e4\u00e4n\u00e4, puhelinten, kameroiden ja muiden tallentavien laitteiden k\u00e4ytt\u00f6 oli kielletty.<\/p>\n<p class=\"aw-1gybjub aw-1p7kakr ghpEtB jtovHP yle__article__paragraph\"><strong class=\"aw-ak79eh KyCXm yle__article__strong\">Kysyimme yleis\u00f6lt\u00e4 juuri ennen Bob Dylanin konsertin alkamista, mit\u00e4 he ajattelevat kuvauskiellosta ja miksi artisti kiinnostaa:<\/strong><\/p>\n<p>Helsinkil\u00e4inen Iiris Komunen ajattelee, ett\u00e4 kuvauskielto on positiivinen asia.Torniolainen Nella Tirkkonen ja manchesterilainen Harry Nash kertovat videolla asuistaan ja siit\u00e4, mit\u00e4 he ajattelevat Bob Dylanista. Katso videolta, mit\u00e4 mielt\u00e4 helsinkil\u00e4inen Cati Stolzenberg on Bob Dylanin konsertin kuvauskiellosta.Dylan on legenda ja musiikki-ikoni<\/p>\n<p class=\"aw-1gybjub aw-1p7kakr ghpEtB jtovHP yle__article__paragraph\">Bob Dylan on yksi maailman tunnetuimmista ja merkitt\u00e4vimmist\u00e4 laulaja-lauluntekij\u00f6ist\u00e4. H\u00e4n on konsertoinut Suomessa aikaisemminkin, edellisen kerran kes\u00e4ll\u00e4 2019.<\/p>\n<p><img decoding=\"async\" alt=\"Bob Dylan kitaransa ja huuliharppunsa kanssa 1965.\" src=\"https:\/\/www.europesays.com\/fi\/wp-content\/uploads\/2025\/10\/39-81807860c0742c27050.jpeg\" loading=\"lazy\" class=\"aw-1l9m598 hKVVvP\"\/><\/p>\n<p>Avaa kuvien katselu<\/p>\n<p>Nuori Bob Dylan soittamassa kitaraa ja huuliharppua vuonna 1965. Kuva: Courtesy Everett Collection \/ All Over Press<\/p>\n<p class=\"aw-1gybjub aw-1p7kakr ghpEtB jtovHP yle__article__paragraph\">Dylan tuli 1960-luvulla tunnetuksi folk-laulajana, jonka sanoituksissa kuuluvat pasifistiset, yhteiskunnalliset ja rasisminvastaiset teemat. Yli puoli vuosisataa kest\u00e4neen uransa aikana h\u00e4n on ottanut musiikkiinsa vaikutteita rockista, bluesista ja countrysta.<\/p>\n<p class=\"aw-1gybjub aw-1p7kakr ghpEtB jtovHP yle__article__paragraph\">Artistin tunnetuimpia kappaleita ovat muun muassa Blowin\u2019 in the Wind, The Times They Are A-Changin ja Like a Rolling Stone.<\/p>\n<p class=\"aw-1gybjub aw-1p7kakr ghpEtB jtovHP yle__article__paragraph\">Yleis\u00f6n toiveista ja odotuksista huolimatta Dylan ei v\u00e4ltt\u00e4m\u00e4tt\u00e4 esit\u00e4 n\u00e4it\u00e4 suosikkeja Helsingiss\u00e4. Sen sijaan kuullaankin kappaleita h\u00e4nen kiertueensa nime\u00e4 kantavalta albumilta Rough and Rowdy Ways, joka ilmestyi vuonna 2020.<\/p>\n<p class=\"aw-1gybjub aw-1p7kakr ghpEtB jtovHP yle__article__paragraph\">Bob Dylan on el\u00e4m\u00e4ns\u00e4 aikana saanut useita tunnustuksia el\u00e4m\u00e4nty\u00f6st\u00e4\u00e4n. Merkitt\u00e4vin on Nobelin kirjallisuuspalkinto, joka my\u00f6nnettiin h\u00e4nelle vuonna 2016.<\/p>\n<p><img decoding=\"async\" alt=\"Bob Dylan Etel\u00e4-Dakotassa 2010.\" src=\"https:\/\/www.europesays.com\/fi\/wp-content\/uploads\/2025\/10\/39-81807760c073c89b1c3.jpeg\" loading=\"lazy\" class=\"aw-1l9m598 hKVVvP\"\/><\/p>\n<p>Avaa kuvien katselu<\/p>\n<p>Rough and Rowdy Ways World Wide -kiertueen viimeinen esiintyminen on Irlannissa marraskuussa t\u00e4n\u00e4 vuonna. Konserttikuva Bob Dylanista on vuodelta 2010. Kuva: Shutterstock \/ All Over Press<\/p>\n<p class=\"aw-1gybjub aw-1p7kakr ghpEtB jtovHP yle__article__paragraph\">Helsingin areena on ollut suljettuna vuodesta 2020, lukuun ottamatta lyhytt\u00e4 avautumista vuonna 2021. Dylan on ensimm\u00e4inen merkitt\u00e4v\u00e4 kansainv\u00e4linen artisti, joka Helsingin areenalla nyt esiintyy.<\/p>\n<p class=\"aw-1gybjub aw-1p7kakr ghpEtB jtovHP yle__article__paragraph\">Juttua t\u00e4ydennetty 16.10. klo 19.27 Iiris Komusen kommenttivideolla.<\/p>\n","protected":false},"excerpt":{"rendered":"Bob Dylanin torstai-illan konsertissa Helsingin areenalla ei saa valokuvata lainkaan. Puhelimet sujautetaan konsertin ajaksi suljettavaan pussiin. Avaa kuvien&hellip;\n","protected":false},"author":2,"featured_media":63990,"comment_status":"","ping_status":"","sticky":false,"template":"","format":"standard","meta":{"footnotes":""},"categories":[130],"tags":[10495,137,33,31,30,14604,5665,3525,13843,108,47,32,109],"class_list":{"0":"post-63989","1":"post","2":"type-post","3":"status-publish","4":"format-standard","5":"has-post-thumbnail","7":"category-viihde","8":"tag-bob-dylan","9":"tag-entertainment","10":"tag-fi","11":"tag-finland","12":"tag-finnish","13":"tag-folk-rock","14":"tag-helsingin-areena","15":"tag-konsertit","16":"tag-konserttikiertue","17":"tag-kulttuuri","18":"tag-musiikki","19":"tag-suomi","20":"tag-viihde"},"share_on_mastodon":{"url":"","error":""},"_links":{"self":[{"href":"https:\/\/www.europesays.com\/fi\/wp-json\/wp\/v2\/posts\/63989","targetHints":{"allow":["GET"]}}],"collection":[{"href":"https:\/\/www.europesays.com\/fi\/wp-json\/wp\/v2\/posts"}],"about":[{"href":"https:\/\/www.europesays.com\/fi\/wp-json\/wp\/v2\/types\/post"}],"author":[{"embeddable":true,"href":"https:\/\/www.europesays.com\/fi\/wp-json\/wp\/v2\/users\/2"}],"replies":[{"embeddable":true,"href":"https:\/\/www.europesays.com\/fi\/wp-json\/wp\/v2\/comments?post=63989"}],"version-history":[{"count":0,"href":"https:\/\/www.europesays.com\/fi\/wp-json\/wp\/v2\/posts\/63989\/revisions"}],"wp:featuredmedia":[{"embeddable":true,"href":"https:\/\/www.europesays.com\/fi\/wp-json\/wp\/v2\/media\/63990"}],"wp:attachment":[{"href":"https:\/\/www.europesays.com\/fi\/wp-json\/wp\/v2\/media?parent=63989"}],"wp:term":[{"taxonomy":"category","embeddable":true,"href":"https:\/\/www.europesays.com\/fi\/wp-json\/wp\/v2\/categories?post=63989"},{"taxonomy":"post_tag","embeddable":true,"href":"https:\/\/www.europesays.com\/fi\/wp-json\/wp\/v2\/tags?post=63989"}],"curies":[{"name":"wp","href":"https:\/\/api.w.org\/{rel}","templated":true}]}}