{"id":63999,"date":"2025-10-16T18:20:10","date_gmt":"2025-10-16T18:20:10","guid":{"rendered":"https:\/\/www.europesays.com\/fi\/63999\/"},"modified":"2025-10-16T18:20:10","modified_gmt":"2025-10-16T18:20:10","slug":"huhut-uuden-musiikin-kilpailusta-alkoivat-velloa-nain-kommentoi-bess","status":"publish","type":"post","link":"https:\/\/www.europesays.com\/fi\/63999\/","title":{"rendered":"Huhut Uuden musiikin kilpailusta alkoivat velloa: N\u00e4in kommentoi Bess"},"content":{"rendered":"<p>Huhut seuraavista Uuden musiikin kilpailun osallistujista alkoivat liikkua piireiss\u00e4.<\/p>\n<p><img decoding=\"async\" class=\"image image-show image-preview\" src=\"https:\/\/www.europesays.com\/fi\/wp-content\/uploads\/2025\/10\/bde57593f636f9f091957d92f1252059a0bc57c89478825aa259d303c3343655.jpg\" alt=\"\"\/><img decoding=\"async\" class=\"image image-show\" src=\"https:\/\/www.europesays.com\/fi\/wp-content\/uploads\/2025\/10\/1760638810_362_bde57593f636f9f091957d92f1252059a0bc57c89478825aa259d303c3343655.jpg\" alt=\"\"\/><\/p>\n<p>Bess saapui Tanssii t\u00e4htien kanssa -l\u00e4hetykseen. Atte Kajova<\/p>\n<p class=\"paragraph\">Uuden musiikin kilpailuun on viel\u00e4 kuukausia aikaa, mutta <a href=\"https:\/\/www.iltalehti.fi\/musiikki\/0292fdaa-63ac-4355-bb80-7656936031fe\" rel=\"nofollow noopener\" target=\"_blank\">Yle tiedotti hiljattain<\/a>, ett\u00e4 kilpailun osallistujat on nyt valittu. Huhut vellovat kuumina siit\u00e4, ketk\u00e4 kilpailevat Suomen viisuedustajan paikasta ensi vuonna.<\/p>\n<p class=\"paragraph\">Iltalehden sis\u00e4piiril\u00e4hteiden mukaan yksi osallistujista olisi <a href=\"https:\/\/www.iltalehti.fi\/henkilot\/Bess\" class=\"article-link-person-page\" rel=\"nofollow noopener\" target=\"_blank\">Bess<\/a>, jonka on arveltu osallistuvan kilpailuun duona <a href=\"https:\/\/www.iltalehti.fi\/henkilot\/Benjamin Peltonen\" class=\"article-link-person-page\" rel=\"nofollow noopener\" target=\"_blank\">Benjamin Peltosen<\/a> kanssa.<\/p>\n<p class=\"paragraph\">Bess saapui sunnuntaina 12. lokakuuta katsomaan Tanssii t\u00e4htien kanssa -l\u00e4hetyst\u00e4. Iltalehti tapasi laulajan ennen l\u00e4hetyst\u00e4 ja t\u00e4r\u00e4ytti suoran kysymyksen.<\/p>\n<p class=\"paragraph\"><strong>Miten kommentoit huhuja, joiden mukaan olisit mukana t\u00e4m\u00e4n vuoden UMK:ssa?<\/strong><\/p>\n<p class=\"paragraph\">\u2013 Uu, m\u00e4 en ole kuulutkaan sellaisia huhuja. Kertokaa minullekin kaikki niist\u00e4! Bess sanoi naurahtaen.<\/p>\n<p class=\"paragraph\">Bess osallistui Uuden musiikin kilpailuun vuonna 2022 kappaleella Ram pam pam. Peltonen osallistui kilpailuun seuraavana vuonna kappaleella Hoida mut.<\/p>\n<p>Bessill\u00e4 oli p\u00e4\u00e4ll\u00e4 h\u00e4nen UMK-asunsa vuodelta 2022. Atte Kajova<\/p>\n<p class=\"paragraph\">Bess tanssi itse Tanssii t\u00e4htien kanssa -kilpailussa viime vuonna. H\u00e4n p\u00e4\u00e4si kilpailussa finaaliin asti.<\/p>\n<p class=\"paragraph\">\u2013 T\u00e4\u00e4ll\u00e4 on kaikkia ihania tuttuja ihmisi\u00e4. Olen muistuttanut heit\u00e4 siit\u00e4, ett\u00e4 ihan vaan tiedoksi, olen ilmoittautunut sitten all stars -kaudelle. Tanssikassi on jo pakattu!<\/p>\n<p class=\"paragraph\">\u2013 Tuotannolle vaan taas muistutusta, ett\u00e4 jonain kauniina vuonna sitten! Bess nauraa.<\/p>\n<p class=\"paragraph\">Bessill\u00e4 ei ole t\u00e4m\u00e4n kauden osallistujista varsinaista suosikkia. H\u00e4n kertoo kannustavansa kilpailijoita tasapuolisesti, sill\u00e4 h\u00e4n arvostaa jokaisen t\u00e4htioppilaan ja -opettajan heitt\u00e4ytymiskyky\u00e4 ja panosta kilpailuun.<\/p>\n","protected":false},"excerpt":{"rendered":"Huhut seuraavista Uuden musiikin kilpailun osallistujista alkoivat liikkua piireiss\u00e4. Bess saapui Tanssii t\u00e4htien kanssa -l\u00e4hetykseen. Atte Kajova Uuden&hellip;\n","protected":false},"author":2,"featured_media":64000,"comment_status":"","ping_status":"","sticky":false,"template":"","format":"standard","meta":{"footnotes":""},"categories":[136],"tags":[35,407,137,33,31,30,408,47,979,1999,32,484,139,109],"class_list":{"0":"post-63999","1":"post","2":"type-post","3":"status-publish","4":"format-standard","5":"has-post-thumbnail","7":"category-julkkikset","8":"tag-24h","9":"tag-celebrities","10":"tag-entertainment","11":"tag-fi","12":"tag-finland","13":"tag-finnish","14":"tag-julkkikset","15":"tag-musiikki","16":"tag-sahkoinen-media","17":"tag-suomalaiset-tv-ohjelmat","18":"tag-suomi","19":"tag-taiteellinen-ilmaisu-ja-mediat","20":"tag-tv-ohjelmat","21":"tag-viihde"},"share_on_mastodon":{"url":"","error":""},"_links":{"self":[{"href":"https:\/\/www.europesays.com\/fi\/wp-json\/wp\/v2\/posts\/63999","targetHints":{"allow":["GET"]}}],"collection":[{"href":"https:\/\/www.europesays.com\/fi\/wp-json\/wp\/v2\/posts"}],"about":[{"href":"https:\/\/www.europesays.com\/fi\/wp-json\/wp\/v2\/types\/post"}],"author":[{"embeddable":true,"href":"https:\/\/www.europesays.com\/fi\/wp-json\/wp\/v2\/users\/2"}],"replies":[{"embeddable":true,"href":"https:\/\/www.europesays.com\/fi\/wp-json\/wp\/v2\/comments?post=63999"}],"version-history":[{"count":0,"href":"https:\/\/www.europesays.com\/fi\/wp-json\/wp\/v2\/posts\/63999\/revisions"}],"wp:featuredmedia":[{"embeddable":true,"href":"https:\/\/www.europesays.com\/fi\/wp-json\/wp\/v2\/media\/64000"}],"wp:attachment":[{"href":"https:\/\/www.europesays.com\/fi\/wp-json\/wp\/v2\/media?parent=63999"}],"wp:term":[{"taxonomy":"category","embeddable":true,"href":"https:\/\/www.europesays.com\/fi\/wp-json\/wp\/v2\/categories?post=63999"},{"taxonomy":"post_tag","embeddable":true,"href":"https:\/\/www.europesays.com\/fi\/wp-json\/wp\/v2\/tags?post=63999"}],"curies":[{"name":"wp","href":"https:\/\/api.w.org\/{rel}","templated":true}]}}