{"id":64027,"date":"2025-10-16T18:58:07","date_gmt":"2025-10-16T18:58:07","guid":{"rendered":"https:\/\/www.europesays.com\/fi\/64027\/"},"modified":"2025-10-16T18:58:07","modified_gmt":"2025-10-16T18:58:07","slug":"trumpilta-uhkaus-hamasille-jos-ette-lopeta-tappamista-tulemme-tappamaan-teidat-uutisia-lyhyesti","status":"publish","type":"post","link":"https:\/\/www.europesays.com\/fi\/64027\/","title":{"rendered":"Trumpilta uhkaus Hamasille: Jos ette lopeta tappamista, tulemme tappamaan teid\u00e4t | Uutisia lyhyesti"},"content":{"rendered":"<p>20:59\u2022P\u00e4ivitetty 21:05<\/p>\n<p class=\"aw-1gybjub aw-1p7kakr ghpEtB jtovHP yle__article__paragraph\">Yhdysvaltain presidentti <strong class=\"aw-ak79eh KyCXm yle__article__strong\">Donald Trump<\/strong> varoitti torstaina \u00e4\u00e4rij\u00e4rjest\u00f6 Hamasia jatkamasta teloituksia Gazassa.<\/p>\n<p class=\"aw-1gybjub aw-1p7kakr ghpEtB jtovHP yle__article__paragraph\">Jos Hamas ei lopeta v\u00e4kivaltaisuuksia, \u201dmeill\u00e4 ei ole muuta vaihtoehtoa kuin menn\u00e4 sis\u00e4\u00e4n ja tappaa heid\u00e4t\u201d, Trump totesi.<\/p>\n<p class=\"aw-1gybjub aw-1p7kakr ghpEtB jtovHP yle__article__paragraph\">Trump oli aiemmin v\u00e4h\u00e4tellyt aselevon tapahtunutta Hamasin v\u00e4kivaltaa Gazassa.<\/p>\n<p class=\"aw-1gybjub aw-1p7kakr ghpEtB jtovHP yle__article__paragraph\">Viel\u00e4 Yhdysvaltain aikaa tiistaina Trump sanoi, ett\u00e4 Hamas oli hoidellut \u201dpari hyvin pahaa jengi\u00e4\u201d ja tappanut useita jengil\u00e4isi\u00e4.<\/p>\n<p class=\"aw-1gybjub aw-1p7kakr ghpEtB jtovHP yle__article__paragraph\">\u2013 Se ei rehellisesti sanottuna juurikaan h\u00e4irinnyt minua, h\u00e4n sanoi.<\/p>\n<p class=\"aw-1gybjub aw-1p7kakr ghpEtB jtovHP yle__article__paragraph\"><a class=\"aw-iao6s4 iHOxEa yle__article__link\" href=\"https:\/\/yle.fi\/a\/74-20186629\/64-3-280569?\" role=\"link\" rel=\"nofollow noopener\" target=\"_blank\">Hamas on teloittanut<\/a> aseleposopimuksen j\u00e4lkeen useita vastustajiaan Gazassa.<\/p>\n<p class=\"aw-1gybjub aw-1p7kakr ghpEtB jtovHP yle__article__paragraph\">AP, Reuters<\/p>\n","protected":false},"excerpt":{"rendered":"20:59\u2022P\u00e4ivitetty 21:05 Yhdysvaltain presidentti Donald Trump varoitti torstaina \u00e4\u00e4rij\u00e4rjest\u00f6 Hamasia jatkamasta teloituksia Gazassa. Jos Hamas ei lopeta v\u00e4kivaltaisuuksia,&hellip;\n","protected":false},"author":2,"featured_media":74,"comment_status":"","ping_status":"","sticky":false,"template":"","format":"standard","meta":{"footnotes":""},"categories":[14],"tags":[22,23,585,26,27,33,31,30,505,997,17,24,25,28,29,15,18,21,32,19,20,56,16,59,60,61],"class_list":{"0":"post-64027","1":"post","2":"type-post","3":"status-publish","4":"format-standard","5":"has-post-thumbnail","7":"category-ulkomaat","8":"tag-breaking-news","9":"tag-breakingnews","10":"tag-donald-trump","11":"tag-featured-news","12":"tag-featurednews","13":"tag-fi","14":"tag-finland","15":"tag-finnish","16":"tag-gazan-sota","17":"tag-hamas","18":"tag-headlines","19":"tag-latest-news","20":"tag-latestnews","21":"tag-main-news","22":"tag-mainnews","23":"tag-news","24":"tag-otsikot","25":"tag-paauutiset","26":"tag-suomi","27":"tag-top-stories","28":"tag-topstories","29":"tag-ulkomaat","30":"tag-uutiset","31":"tag-world","32":"tag-world-news","33":"tag-worldnews"},"share_on_mastodon":{"url":"","error":""},"_links":{"self":[{"href":"https:\/\/www.europesays.com\/fi\/wp-json\/wp\/v2\/posts\/64027","targetHints":{"allow":["GET"]}}],"collection":[{"href":"https:\/\/www.europesays.com\/fi\/wp-json\/wp\/v2\/posts"}],"about":[{"href":"https:\/\/www.europesays.com\/fi\/wp-json\/wp\/v2\/types\/post"}],"author":[{"embeddable":true,"href":"https:\/\/www.europesays.com\/fi\/wp-json\/wp\/v2\/users\/2"}],"replies":[{"embeddable":true,"href":"https:\/\/www.europesays.com\/fi\/wp-json\/wp\/v2\/comments?post=64027"}],"version-history":[{"count":0,"href":"https:\/\/www.europesays.com\/fi\/wp-json\/wp\/v2\/posts\/64027\/revisions"}],"wp:featuredmedia":[{"embeddable":true,"href":"https:\/\/www.europesays.com\/fi\/wp-json\/wp\/v2\/media\/74"}],"wp:attachment":[{"href":"https:\/\/www.europesays.com\/fi\/wp-json\/wp\/v2\/media?parent=64027"}],"wp:term":[{"taxonomy":"category","embeddable":true,"href":"https:\/\/www.europesays.com\/fi\/wp-json\/wp\/v2\/categories?post=64027"},{"taxonomy":"post_tag","embeddable":true,"href":"https:\/\/www.europesays.com\/fi\/wp-json\/wp\/v2\/tags?post=64027"}],"curies":[{"name":"wp","href":"https:\/\/api.w.org\/{rel}","templated":true}]}}