{"id":64316,"date":"2025-10-17T03:08:12","date_gmt":"2025-10-17T03:08:12","guid":{"rendered":"https:\/\/www.europesays.com\/fi\/64316\/"},"modified":"2025-10-17T03:08:12","modified_gmt":"2025-10-17T03:08:12","slug":"kirja-ville-valolta-outoa-kaytosta-halusi-sabotoida-omaa-keikkaansa","status":"publish","type":"post","link":"https:\/\/www.europesays.com\/fi\/64316\/","title":{"rendered":"Kirja: Ville Valolta outoa k\u00e4yt\u00f6st\u00e4 \u2013 \u201dHalusi sabotoida omaa keikkaansa\u201d"},"content":{"rendered":"<p>HIM-yhtye teki j\u00e4\u00e4hyv\u00e4iskiertueen vuoden 2017 lopussa. Yhtyeen keulahahmona toimi loppuun asti <strong>Ville Valo<\/strong>. H\u00e4nen toimintansa yhtyeen j\u00e4senen\u00e4 ja esiintyj\u00e4n\u00e4 tulee esille <strong>Kimmo Aroluoman <\/strong>juuri julkaistussa kirjassa Viimeinen kiertue. Sen mukaan Valon k\u00e4ytt\u00e4ytyminen yhtyeen j\u00e4senen muodossa on ollut v\u00e4lill\u00e4 melko ala-arvoista.<\/p>\n<p>Kirjassa v\u00e4itet\u00e4\u00e4n, kuinka Valo on saanut keikoilla raivareita useampaan otteeseen.<\/p>\n<p>\u2013 Kun ensimm\u00e4inen kappale alkoi, h\u00e4n potkaisi alttariaan t\u00e4ydell\u00e4 voimalla. Tavarat vain sinkoilivat, ja itse p\u00f6mpeli meni tuhannen palasiksi. Riensin katsomaan, oliko jotain teht\u00e4viss\u00e4, mutta lava oli lohduton n\u00e4ky. Avoimet kokist\u00f6lkit vaahtosivat siell\u00e4 t\u00e4\u00e4ll\u00e4. Korvatulpat ja pyyhkeet lojuivat ymp\u00e4riins\u00e4, lukee kirjassa er\u00e4\u00e4n keikan aloituksesta.<\/p>\n<p>T\u00e4m\u00e4n j\u00e4lkeen my\u00f6s seuraavalla keikalla oli jouduttu kokemaan samankaltainen v\u00e4likohtaus. Valolla oli ollut mikrofonin kanssa jotain ongelmaa.<\/p>\n<p>\u2013 Seuraavaksi Ville heitti juomapullon t\u00e4ydell\u00e4 voimalla lavan sivutiloihin, ja se meni vain kymmenen sentin p\u00e4\u00e4st\u00e4 [agentti] <strong>Jim Morewoodin<\/strong> kasvoista. H\u00e4n ei hievahtanutkaan, mutta min\u00e4 seisoin vieress\u00e4 kauhusta kankeana, kerrotaan kirjassa.<\/p>\n<p>Ilmapiiri oli ollut koko kiertueen ajan huono. Valo oli saattanut antaa palautetta taustavoimille sek\u00e4 b\u00e4ndin j\u00e4senille jopa esiintymisen aikana. Er\u00e4\u00e4n kappaleen aikana oli sattunut asia, joka oli saanut Valon lopettamaan laulamisen kuin sein\u00e4\u00e4n. H\u00e4nen ei olisi tarvinnut tehd\u00e4 sit\u00e4, koska kyse ei ollut mist\u00e4\u00e4n niin vakavasta. H\u00e4n oli silti jostain syyst\u00e4 halunnut tehd\u00e4 siit\u00e4 isomman numeron kuin mik\u00e4 se oikeasti oli.<\/p>\n<p>\u2013 Silti t\u00e4m\u00e4 katkos oli fanien n\u00e4k\u00f6kulmasta t\u00e4ysin turha ja valitettava. Oli erikoista, ett\u00e4 b\u00e4ndin liideri halusi sabotoida omaa keikkaansa. Yleis\u00f6 oli paikalla viihtym\u00e4ss\u00e4 ja pit\u00e4m\u00e4ss\u00e4 hauskaa, mutta Villen tuittuilu s\u00f6i fiilist\u00e4, kerrotaan kirjassa ik\u00e4v\u00e4st\u00e4 tapahtumasta.<\/p>\n<p>N\u00e4ist\u00e4 tapahtumista kertova kirja on ilmestynyt t\u00e4n\u00e4\u00e4n 15.10. Sen kirjoittaja Aroluoma on HIMin entinen kitarateknikko.<\/p>\n<p>Valolla on ollut monenlaisia ongelmia<\/p>\n<p>Valon el\u00e4m\u00e4ss\u00e4 on ollut monenlaisia ongelmia. H\u00e4nell\u00e4 on ollut ty\u00f6stressi\u00e4, jonka my\u00f6t\u00e4 h\u00e4n on saanut paniikkikohtauksia. H\u00e4nt\u00e4 on vaivannut my\u00f6s unettomuus. H\u00e4nell\u00e4 tiedet\u00e4\u00e4n olleen my\u00f6s alkoholiongelma, johon h\u00e4n haki apua jo vuonna 2007.<\/p>\n<p>Valolla ei ole lapsia eik\u00e4 h\u00e4n ole ollut koskaan naimisissa. H\u00e4n on ollut yhdess\u00e4 mallirakkaansa <strong>Christel Karhun<\/strong> kanssa jo pitk\u00e4\u00e4n.<\/p>\n<p>Lue my\u00f6s: <a href=\"https:\/\/www.como.fi\/uutiset\/elamani-biisi-kulisseissa-haayllatys-diandra-julkaisi-videon-jota-ei-tvssa-nahda\/\" title=\"El\u00e4m\u00e4ni biisi -kulisseissa h\u00e4\u00e4yll\u00e4tys \u2013 Diandra  julkaisi videon jota ei tv:ss\u00e4 n\u00e4hd\u00e4\" class=\"underline-custom !font-montserrat !font-bold !underline-offset-4 !decoration-4 !decoration-red-600 !text-md\" rel=\"nofollow noopener\" target=\"_blank\">El\u00e4m\u00e4ni biisi -kulisseissa h\u00e4\u00e4yll\u00e4tys \u2013 Diandra  julkaisi videon jota ei tv:ss\u00e4 n\u00e4hd\u00e4<\/a><\/p>\n<p>L\u00e4hde: Viimeinen kiertue -kirja<\/p>\n<p>Lue my\u00f6s: <a href=\"https:\/\/www.como.fi\/tilaa-comon-uutiskirje\/\" title=\"Tilaa Comon uutiskirje ja tied\u00e4t mist\u00e4 kahvitauolla puhutaan! Nappaa kotimaan tv-vinkit ja puheenaiheet suoraan s\u00e4hk\u00f6postiin t\u00e4st\u00e4.\" class=\"underline-custom !font-montserrat !font-bold !underline-offset-4 !decoration-4 !decoration-red-600 !text-md\" rel=\"nofollow noopener\" target=\"_blank\">Tilaa Comon uutiskirje ja tied\u00e4t mist\u00e4 kahvitauolla puhutaan! Nappaa kotimaan tv-vinkit ja puheenaiheet suoraan s\u00e4hk\u00f6postiin t\u00e4st\u00e4.<\/a><\/p>\n","protected":false},"excerpt":{"rendered":"HIM-yhtye teki j\u00e4\u00e4hyv\u00e4iskiertueen vuoden 2017 lopussa. Yhtyeen keulahahmona toimi loppuun asti Ville Valo. H\u00e4nen toimintansa yhtyeen j\u00e4senen\u00e4 ja&hellip;\n","protected":false},"author":2,"featured_media":64317,"comment_status":"","ping_status":"","sticky":false,"template":"","format":"standard","meta":{"footnotes":""},"categories":[130],"tags":[137,33,31,30,32,109,7419],"class_list":{"0":"post-64316","1":"post","2":"type-post","3":"status-publish","4":"format-standard","5":"has-post-thumbnail","7":"category-viihde","8":"tag-entertainment","9":"tag-fi","10":"tag-finland","11":"tag-finnish","12":"tag-suomi","13":"tag-viihde","14":"tag-ville-valo"},"share_on_mastodon":{"url":"","error":""},"_links":{"self":[{"href":"https:\/\/www.europesays.com\/fi\/wp-json\/wp\/v2\/posts\/64316","targetHints":{"allow":["GET"]}}],"collection":[{"href":"https:\/\/www.europesays.com\/fi\/wp-json\/wp\/v2\/posts"}],"about":[{"href":"https:\/\/www.europesays.com\/fi\/wp-json\/wp\/v2\/types\/post"}],"author":[{"embeddable":true,"href":"https:\/\/www.europesays.com\/fi\/wp-json\/wp\/v2\/users\/2"}],"replies":[{"embeddable":true,"href":"https:\/\/www.europesays.com\/fi\/wp-json\/wp\/v2\/comments?post=64316"}],"version-history":[{"count":0,"href":"https:\/\/www.europesays.com\/fi\/wp-json\/wp\/v2\/posts\/64316\/revisions"}],"wp:featuredmedia":[{"embeddable":true,"href":"https:\/\/www.europesays.com\/fi\/wp-json\/wp\/v2\/media\/64317"}],"wp:attachment":[{"href":"https:\/\/www.europesays.com\/fi\/wp-json\/wp\/v2\/media?parent=64316"}],"wp:term":[{"taxonomy":"category","embeddable":true,"href":"https:\/\/www.europesays.com\/fi\/wp-json\/wp\/v2\/categories?post=64316"},{"taxonomy":"post_tag","embeddable":true,"href":"https:\/\/www.europesays.com\/fi\/wp-json\/wp\/v2\/tags?post=64316"}],"curies":[{"name":"wp","href":"https:\/\/api.w.org\/{rel}","templated":true}]}}