{"id":64514,"date":"2025-10-17T08:17:06","date_gmt":"2025-10-17T08:17:06","guid":{"rendered":"https:\/\/www.europesays.com\/fi\/64514\/"},"modified":"2025-10-17T08:17:06","modified_gmt":"2025-10-17T08:17:06","slug":"tom-cruise-ja-ana-de-armas-ero","status":"publish","type":"post","link":"https:\/\/www.europesays.com\/fi\/64514\/","title":{"rendered":"Tom Cruise ja Ana de Armas: Ero"},"content":{"rendered":"<p>Medial\u00e4hteiden mukaan Tom Cruise ja Ana de Armas ovat eronneet.<\/p>\n<p>The Sunin uutinen kertoo, ett\u00e4 Cruise ja Armas ovat p\u00e4\u00e4tt\u00e4neet, ett\u00e4 haluavat mielummin olla yst\u00e4vi\u00e4 kuin pariskunta. Suhde kesti n. 9kk.<\/p>\n<p>\u201cTom ja Ana viettiv\u00e4t hyv\u00e4\u00e4 aikaa yhdess\u00e4, mutta heid\u00e4n yhteinen aikansa parina on tullut tiens\u00e4 p\u00e4\u00e4h\u00e4n.\u201d\ufeff<\/p>\n<p>\u201cKipin\u00e4 heid\u00e4n v\u00e4lilt\u00e4\u00e4n oli kadonnut, mutta he pit\u00e4v\u00e4t yh\u00e4 toistensa seurasta ja ovat suhtautuneet siihen hyvin aikuismaisesti\u201d, sis\u00e4piiril\u00e4hteet kertoivat.<\/p>\n<p>Lue my\u00f6s: <a href=\"https:\/\/www.episodi.fi\/uutiset\/halytys-tom-cruise-ei-taida-olla-enaa-vapailla-markkinoilla-kaveli-kasi-kadessa-ballerina-tahden-kanssa-woodstockissa\/\" title=\"H\u00e4lytys! Tom Cruise ei taida olla en\u00e4\u00e4 vapailla markkinoilla \u2013 K\u00e4veli k\u00e4si k\u00e4dess\u00e4 Ballerina-t\u00e4hden kanssa Woodstockissa\" class=\"underline-custom !font-montserrat !font-bold !underline-offset-4 !decoration-4 !decoration-episodi-blue !text-md\" rel=\"nofollow noopener\" target=\"_blank\">H\u00e4lytys! Tom Cruise ei taida olla en\u00e4\u00e4 vapailla markkinoilla \u2013 K\u00e4veli k\u00e4si k\u00e4dess\u00e4 Ballerina-t\u00e4hden kanssa Woodstockissa<\/a><\/p>\n<p>Lue my\u00f6s: <a href=\"https:\/\/www.episodi.fi\/uutiset\/tom-cruisen-275-miljoonan-dollarin-vedenalainen-projekti-on-tormannyt-seinaan\/\" title=\"Tom Cruisen 275 miljoonan dollarin vedenalainen projekti on t\u00f6rm\u00e4nnyt sein\u00e4\u00e4n\" class=\"underline-custom !font-montserrat !font-bold !underline-offset-4 !decoration-4 !decoration-episodi-blue !text-md\" rel=\"nofollow noopener\" target=\"_blank\">Tom Cruisen 275 miljoonan dollarin vedenalainen projekti on t\u00f6rm\u00e4nnyt sein\u00e4\u00e4n<\/a><\/p>\n<p>Huhut suhteesta alkoivat helmikuussa 2025 ja julkiseksi se tuli kev\u00e4\u00e4ll\u00e4. Heid\u00e4t n\u00e4htiin yhdess\u00e4 mm. <strong>David Beckhamin<\/strong> 50-vuotissyntt\u00e4reill\u00e4, sek\u00e4 lomamatkoilla Madridissa ja Lontoossa.<\/p>\n<p>Ero ei tiett\u00e4v\u00e4sti ole vaikuttanut ty\u00f6toveruuteen.<\/p>\n<p>Armas on yh\u00e4 kiinnitettyn\u00e4 Cruisen tulevaan Deeper-trilleriin. Joskin elokuva on muilta osin ongelmissa. Kaksikko harjoitteli roolejaan Lontoossa aikaisemmin t\u00e4n\u00e4 vuonna, mutta tuotanto on sittemmin laitettu tauolle.<\/p>\n<p>My\u00f6s toinen yhteisprojekti on suunnitteilla. Pressure-nimisest\u00e4 virityksest\u00e4 ei kuitenkaan tiedet\u00e4 viel\u00e4 juuri mit\u00e4\u00e4n.<\/p>\n<p>L\u00e4hde: <a href=\"https:\/\/www.comingsoon.net\/pop-culture\/news\/2044392-tom-cruise-ana-de-armas-split-break-up-new-movie\" rel=\"nofollow noopener\" target=\"_blank\">Comingsoon<\/a><\/p>\n","protected":false},"excerpt":{"rendered":"Medial\u00e4hteiden mukaan Tom Cruise ja Ana de Armas ovat eronneet. The Sunin uutinen kertoo, ett\u00e4 Cruise ja Armas&hellip;\n","protected":false},"author":2,"featured_media":64515,"comment_status":"","ping_status":"","sticky":false,"template":"","format":"standard","meta":{"footnotes":""},"categories":[131],"tags":[6760,155,137,33,173,31,30,172,32,4380,109],"class_list":{"0":"post-64514","1":"post","2":"type-post","3":"status-publish","4":"format-standard","5":"has-post-thumbnail","7":"category-elokuvat","8":"tag-ana-de-armas","9":"tag-elokuvat","10":"tag-entertainment","11":"tag-fi","12":"tag-film","13":"tag-finland","14":"tag-finnish","15":"tag-movies","16":"tag-suomi","17":"tag-tom-cruise","18":"tag-viihde"},"share_on_mastodon":{"url":"","error":""},"_links":{"self":[{"href":"https:\/\/www.europesays.com\/fi\/wp-json\/wp\/v2\/posts\/64514","targetHints":{"allow":["GET"]}}],"collection":[{"href":"https:\/\/www.europesays.com\/fi\/wp-json\/wp\/v2\/posts"}],"about":[{"href":"https:\/\/www.europesays.com\/fi\/wp-json\/wp\/v2\/types\/post"}],"author":[{"embeddable":true,"href":"https:\/\/www.europesays.com\/fi\/wp-json\/wp\/v2\/users\/2"}],"replies":[{"embeddable":true,"href":"https:\/\/www.europesays.com\/fi\/wp-json\/wp\/v2\/comments?post=64514"}],"version-history":[{"count":0,"href":"https:\/\/www.europesays.com\/fi\/wp-json\/wp\/v2\/posts\/64514\/revisions"}],"wp:featuredmedia":[{"embeddable":true,"href":"https:\/\/www.europesays.com\/fi\/wp-json\/wp\/v2\/media\/64515"}],"wp:attachment":[{"href":"https:\/\/www.europesays.com\/fi\/wp-json\/wp\/v2\/media?parent=64514"}],"wp:term":[{"taxonomy":"category","embeddable":true,"href":"https:\/\/www.europesays.com\/fi\/wp-json\/wp\/v2\/categories?post=64514"},{"taxonomy":"post_tag","embeddable":true,"href":"https:\/\/www.europesays.com\/fi\/wp-json\/wp\/v2\/tags?post=64514"}],"curies":[{"name":"wp","href":"https:\/\/api.w.org\/{rel}","templated":true}]}}