{"id":6452,"date":"2025-08-15T10:00:08","date_gmt":"2025-08-15T10:00:08","guid":{"rendered":"https:\/\/www.europesays.com\/fi\/6452\/"},"modified":"2025-08-15T10:00:08","modified_gmt":"2025-08-15T10:00:08","slug":"illalla-tvssa-florence-pugh-ja-morgan-freeman-loistavat-paaosissa-elamalle-loytyy-merkitys","status":"publish","type":"post","link":"https:\/\/www.europesays.com\/fi\/6452\/","title":{"rendered":"Illalla tv:ss\u00e4: Florence Pugh ja Morgan Freeman loistavat p\u00e4\u00e4osissa &#8211; el\u00e4m\u00e4lle l\u00f6ytyy merkitys"},"content":{"rendered":"<p>Illalla voi katsella televisiosta kelpo draaman Hyv\u00e4 ihminen (A Good Person, 2023).<\/p>\n<p>Allisonin el\u00e4m\u00e4 k\u00e4\u00e4ntyy p\u00e4\u00e4laelleen traagisen onnettomuuden j\u00e4lkeen. Anopin tuki kuitenkin auttaa h\u00e4nt\u00e4 l\u00f6yt\u00e4m\u00e4\u00e4n uudelleen ilon el\u00e4m\u00e4\u00e4n.<\/p>\n<p>N\u00e4yttelij\u00f6in\u00e4 <strong>Florence Pugh, Morgan Freeman, Molly Shannon, Celeste O\u2019Connor<\/strong> sek\u00e4 <strong>Zoe Lister-Jones<\/strong>. Ohjaajana ja k\u00e4sikirjoittajana <strong>Zach Braff <\/strong>(Garden State, 2004).<\/p>\n<p><img loading=\"lazy\" height=\"800\" width=\"1920\" class=\"wp-image-168154 sp-no-webp perfmatters-lazy\" alt=\"\" decoding=\"async\" src=\"https:\/\/www.europesays.com\/fi\/wp-content\/uploads\/2025\/08\/nike-womens-t-shirt-worn-by-celeste-oconnor-as-ryan-in-a-good-person-20231.jpg\"  data-\/> Celeste O\u2019Connor elokuvassa A Good Person (2023).<\/p>\n<p>O\u2019Connor ja Pugh esitt\u00e4v\u00e4t hahmoja, joiden i\u00e4t ovat 16- ja 26-vuotta. Vaikka elokuvassa hahmojen ik\u00e4ero on 10 vuotta, n\u00e4yttelij\u00f6iden ik\u00e4eronsa on oikeasti vain kolme vuotta.<\/p>\n<p>Kriitikoiden ja yleis\u00f6n mielipiteet menev\u00e4t elokuvassa ristiin. Rotten Tomatoesin kriitikkomittari on luvussa 57, kun yleis\u00f6mittari on luvussa 96. Kriitikot nostivat esiin ainakin elokuvan sentimentaalisuuden, kliseisyyden, ja ett\u00e4 sama tarina on n\u00e4hty jo moneen kertaan. Alla elokuvan traileri.<\/p>\n<p>Tulevat l\u00e4hetykset:<\/p>\n<ul class=\"wp-block-list\">\n<li>Pe 15.8.2025 klo 21.00, Yle Teema &amp; Fem<\/li>\n<\/ul>\n<p>Lue my\u00f6s: <a href=\"https:\/\/www.episodi.fi\/uutiset\/keanu-reeves-maksaa-kuukausittain-siita-etta-sosiaalista-mediaa-putsataan-hanen-puolestaan\/\" title=\"Keanu Reeves maksaa kuukausittain siit\u00e4, ett\u00e4 sosiaalista mediaa putsataan h\u00e4nen puolestaan\" class=\"underline-custom !font-montserrat !font-bold !underline-offset-4 !decoration-4 !decoration-episodi-blue !text-md\" rel=\"nofollow noopener\" target=\"_blank\">Keanu Reeves maksaa kuukausittain siit\u00e4, ett\u00e4 sosiaalista mediaa putsataan h\u00e4nen puolestaan<\/a><\/p>\n<p>Lue my\u00f6s: <a href=\"https:\/\/www.episodi.fi\/uutiset\/sam-rockwellin-ensimmainen-elokuva-oli-morgan-freemanin-kanssa-sitten-rockwell-sai-potkut\/\" title=\"Sam Rockwellin ensimm\u00e4inen elokuva oli Morgan Freemanin kanssa \u2013\u00a0Sitten Rockwell sai potkut\" class=\"underline-custom !font-montserrat !font-bold !underline-offset-4 !decoration-4 !decoration-episodi-blue !text-md\" rel=\"nofollow noopener\" target=\"_blank\">Sam Rockwellin ensimm\u00e4inen elokuva oli Morgan Freemanin kanssa \u2013\u00a0Sitten Rockwell sai potkut<\/a><\/p>\n<p>Lue my\u00f6s: <a href=\"https:\/\/www.episodi.fi\/uutiset\/nyt-netflixissa-vakoilutrillerissa-nahdaan-oikeasti-kaytossa-oleva-cian-agenttityokalu-ben-affleck-ottaa-tutun-roolin-haltuunsa\/\" title=\"Nyt Netflixiss\u00e4: Vakoilutrilleriss\u00e4 n\u00e4hd\u00e4\u00e4n oikeasti k\u00e4yt\u00f6ss\u00e4 oleva CIA:n agenttity\u00f6kalu \u2013 Ben Affleck ottaa tutun roolin haltuunsa\" class=\"underline-custom !font-montserrat !font-bold !underline-offset-4 !decoration-4 !decoration-episodi-blue !text-md\" rel=\"nofollow noopener\" target=\"_blank\">Nyt Netflixiss\u00e4: Vakoilutrilleriss\u00e4 n\u00e4hd\u00e4\u00e4n oikeasti k\u00e4yt\u00f6ss\u00e4 oleva CIA:n agenttity\u00f6kalu \u2013 Ben Affleck ottaa tutun roolin haltuunsa<\/a><\/p>\n<p>Lue my\u00f6s: <a href=\"https:\/\/www.episodi.fi\/uutiset\/taman-vuosituhannen-paras-trilogia-nyt-katsottavissa-netflixissa\/\" title=\"Nyt Netflixiss\u00e4: T\u00e4m\u00e4n vuosituhannen paras trilogia? Ker\u00e4si 2 449 000 000 dollarin lipputulot\" class=\"underline-custom !font-montserrat !font-bold !underline-offset-4 !decoration-4 !decoration-episodi-blue !text-md\" rel=\"nofollow noopener\" target=\"_blank\">Nyt Netflixiss\u00e4: T\u00e4m\u00e4n vuosituhannen paras trilogia? Ker\u00e4si 2 449 000 000 dollarin lipputulot<\/a><\/p>\n<p><img loading=\"lazy\" decoding=\"async\" alt=\"YouTube video\" width=\"480\" height=\"360\" data-pin-nopin=\"true\" nopin=\"nopin\" class=\"perfmatters-lazy\" src=\"https:\/\/www.europesays.com\/fi\/wp-content\/uploads\/2025\/08\/1755252008_649_hqdefault.jpg\"\/><\/p>\n<p>L\u00e4hde: <a href=\"https:\/\/www.imdb.com\/title\/tt14153080\/trivia\/?ref_=tt_ql_3\" target=\"_blank\" rel=\"noreferrer noopener nofollow\">IMDb<\/a><\/p>\n<p>Lue my\u00f6s: <a href=\"https:\/\/www.episodi.fi\/uutiskirje\" title=\"Tilaa Episodin uutiskirje ja tied\u00e4t mit\u00e4 katsoa! Nappaa tv-vinkit suoraan s\u00e4hk\u00f6postiin t\u00e4st\u00e4.\" class=\"underline-custom !font-montserrat !font-bold !underline-offset-4 !decoration-4 !decoration-episodi-blue !text-md\" rel=\"nofollow noopener\" target=\"_blank\">Tilaa Episodin uutiskirje ja tied\u00e4t mit\u00e4 katsoa! Nappaa katseluvinkit suoraan s\u00e4hk\u00f6postiin t\u00e4st\u00e4.<\/a><\/p>\n","protected":false},"excerpt":{"rendered":"Illalla voi katsella televisiosta kelpo draaman Hyv\u00e4 ihminen (A Good Person, 2023). Allisonin el\u00e4m\u00e4 k\u00e4\u00e4ntyy p\u00e4\u00e4laelleen traagisen onnettomuuden&hellip;\n","protected":false},"author":2,"featured_media":6453,"comment_status":"","ping_status":"","sticky":false,"template":"","format":"standard","meta":{"footnotes":""},"categories":[133],"tags":[137,33,31,30,32,206,139,156,109],"class_list":{"0":"post-6452","1":"post","2":"type-post","3":"status-publish","4":"format-standard","5":"has-post-thumbnail","7":"category-televisiot","8":"tag-entertainment","9":"tag-fi","10":"tag-finland","11":"tag-finnish","12":"tag-suomi","13":"tag-televisiot","14":"tag-tv-ohjelmat","15":"tag-tv","16":"tag-viihde"},"share_on_mastodon":{"url":"","error":""},"_links":{"self":[{"href":"https:\/\/www.europesays.com\/fi\/wp-json\/wp\/v2\/posts\/6452","targetHints":{"allow":["GET"]}}],"collection":[{"href":"https:\/\/www.europesays.com\/fi\/wp-json\/wp\/v2\/posts"}],"about":[{"href":"https:\/\/www.europesays.com\/fi\/wp-json\/wp\/v2\/types\/post"}],"author":[{"embeddable":true,"href":"https:\/\/www.europesays.com\/fi\/wp-json\/wp\/v2\/users\/2"}],"replies":[{"embeddable":true,"href":"https:\/\/www.europesays.com\/fi\/wp-json\/wp\/v2\/comments?post=6452"}],"version-history":[{"count":0,"href":"https:\/\/www.europesays.com\/fi\/wp-json\/wp\/v2\/posts\/6452\/revisions"}],"wp:featuredmedia":[{"embeddable":true,"href":"https:\/\/www.europesays.com\/fi\/wp-json\/wp\/v2\/media\/6453"}],"wp:attachment":[{"href":"https:\/\/www.europesays.com\/fi\/wp-json\/wp\/v2\/media?parent=6452"}],"wp:term":[{"taxonomy":"category","embeddable":true,"href":"https:\/\/www.europesays.com\/fi\/wp-json\/wp\/v2\/categories?post=6452"},{"taxonomy":"post_tag","embeddable":true,"href":"https:\/\/www.europesays.com\/fi\/wp-json\/wp\/v2\/tags?post=6452"}],"curies":[{"name":"wp","href":"https:\/\/api.w.org\/{rel}","templated":true}]}}