{"id":64538,"date":"2025-10-17T08:43:16","date_gmt":"2025-10-17T08:43:16","guid":{"rendered":"https:\/\/www.europesays.com\/fi\/64538\/"},"modified":"2025-10-17T08:43:16","modified_gmt":"2025-10-17T08:43:16","slug":"elokuva-arvio-me-hymyillaan-vaikka-saataisiin-turpaan-sanoo-elokapina-aktivisti-erinomaisessa-dokumentissa-hs-fi","status":"publish","type":"post","link":"https:\/\/www.europesays.com\/fi\/64538\/","title":{"rendered":"Elokuva-arvio: Me hymyill\u00e4\u00e4n, vaikka saataisiin turpaan, sanoo Elokapina-aktivisti erinomaisessa dokumentissa &#8211; HS.fi"},"content":{"rendered":"<ol>\n<li><a href=\"https:\/\/news.google.com\/rss\/articles\/CBMiWkFVX3lxTE9QS2RnNmhNYzBCUDRzQ3RlTTlyWXdBZVU3Y241Wlp5OGxFeEtCQnF6MDlHVTlmRkJ2R0tVR1B5bkJNa0t0LVluQjE4cHRKR3NUdEJYVVRsTDllUQ?oc=5\" target=\"_blank\" rel=\"nofollow noopener\">Elokuva-arvio: Me hymyill\u00e4\u00e4n, vaikka saataisiin turpaan, sanoo Elokapina-aktivisti erinomaisessa dokumentissa<\/a>&nbsp;&nbsp;HS.fi<\/li>\n<li><a href=\"https:\/\/news.google.com\/rss\/articles\/CBMiZkFVX3lxTE9rNEpydTFKVS1XMjFCY0tkQjFEY1BSWFVXY2k1R0NwUWtQSERuVlNBNXprMy1lUkRkT1JWOVc0WGQ4eWdtQ2o0cXhVeHRkek45bEZTMF95dXMyQ2plQWxsWF9KenFCUQ?oc=5\" target=\"_blank\" rel=\"nofollow noopener\">Kapina el\u00e4m\u00e4n puolesta \u2013 elokuvan arvostelu<\/a>&nbsp;&nbsp;Episodi.fi<\/li>\n<li><a href=\"https:\/\/news.google.com\/rss\/articles\/CBMihwFBVV95cUxQQ0l4OG5fTDl3eHZ1UFFPTzMxZGlITE5NN1JTN1FiRHJsV1cyZXhBY2RLeHFoQ0huWlNUOEZ3Z2ZzaFI4OVdGZFc3OVpfYl94dEwtM1hUb2JMRV91alprLWpqRk54em5VZjQtd3Z1cklkMVpHcGFsbWFNWGJnN1IyZXJKaW1PVmc?oc=5\" target=\"_blank\" rel=\"nofollow noopener\">Uudessa Elokapina-dokumentissa on t\u00e4rke\u00e4\u00e4 todistusvoimaa<\/a>&nbsp;&nbsp;voima.fi<\/li>\n<li><a href=\"https:\/\/news.google.com\/rss\/articles\/CBMiXkFVX3lxTFBFTnROaUlPUXR0M3M3djVHcThsd05yZU5naU1rcHRoc2dlSHNjVGNtTzFrOXl3NDlaQXhRdlVuYlU0NDlKeVhDeVJYRVVieUdKcVAyVEZiSDFIbndOREE?oc=5\" target=\"_blank\" rel=\"nofollow noopener\">Menovinkki | Kino Laikassa n\u00e4hd\u00e4\u00e4n elokuva Elokapina -liikkeen vaiheista<\/a>&nbsp;&nbsp;Karkkilalainen<\/li>\n<li><a href=\"https:\/\/news.google.com\/rss\/articles\/CBMieEFVX3lxTFA2SUZlejItaTNNekVpS2dGNWV4dEJ1RF90S1QwXzNUREkwa1NuWmpGME4wM0pQbnNFQVExOWtpb0k0WlR2blZnWnJnMGUwZmJObl9udi1JSXd4dGZockYydEJmdHdMQmVtRzlRN3U3SUs3aXVDb1ZzSQ?oc=5\" target=\"_blank\" rel=\"nofollow noopener\">Elokapinan elokuvallinen potentiaali<\/a>&nbsp;&nbsp;voima.fi<\/li>\n<\/ol>\n","protected":false},"excerpt":{"rendered":"Elokuva-arvio: Me hymyill\u00e4\u00e4n, vaikka saataisiin turpaan, sanoo Elokapina-aktivisti erinomaisessa dokumentissa&nbsp;&nbsp;HS.fi Kapina el\u00e4m\u00e4n puolesta \u2013 elokuvan arvostelu&nbsp;&nbsp;Episodi.fi Uudessa Elokapina-dokumentissa&hellip;\n","protected":false},"author":2,"featured_media":64539,"comment_status":"","ping_status":"","sticky":false,"template":"","format":"standard","meta":{"footnotes":""},"categories":[131],"tags":[155,137,33,173,31,30,46,172,32,109],"class_list":{"0":"post-64538","1":"post","2":"type-post","3":"status-publish","4":"format-standard","5":"has-post-thumbnail","7":"category-elokuvat","8":"tag-elokuvat","9":"tag-entertainment","10":"tag-fi","11":"tag-film","12":"tag-finland","13":"tag-finnish","14":"tag-helsingin-sanomat","15":"tag-movies","16":"tag-suomi","17":"tag-viihde"},"share_on_mastodon":{"url":"","error":""},"_links":{"self":[{"href":"https:\/\/www.europesays.com\/fi\/wp-json\/wp\/v2\/posts\/64538","targetHints":{"allow":["GET"]}}],"collection":[{"href":"https:\/\/www.europesays.com\/fi\/wp-json\/wp\/v2\/posts"}],"about":[{"href":"https:\/\/www.europesays.com\/fi\/wp-json\/wp\/v2\/types\/post"}],"author":[{"embeddable":true,"href":"https:\/\/www.europesays.com\/fi\/wp-json\/wp\/v2\/users\/2"}],"replies":[{"embeddable":true,"href":"https:\/\/www.europesays.com\/fi\/wp-json\/wp\/v2\/comments?post=64538"}],"version-history":[{"count":0,"href":"https:\/\/www.europesays.com\/fi\/wp-json\/wp\/v2\/posts\/64538\/revisions"}],"wp:featuredmedia":[{"embeddable":true,"href":"https:\/\/www.europesays.com\/fi\/wp-json\/wp\/v2\/media\/64539"}],"wp:attachment":[{"href":"https:\/\/www.europesays.com\/fi\/wp-json\/wp\/v2\/media?parent=64538"}],"wp:term":[{"taxonomy":"category","embeddable":true,"href":"https:\/\/www.europesays.com\/fi\/wp-json\/wp\/v2\/categories?post=64538"},{"taxonomy":"post_tag","embeddable":true,"href":"https:\/\/www.europesays.com\/fi\/wp-json\/wp\/v2\/tags?post=64538"}],"curies":[{"name":"wp","href":"https:\/\/api.w.org\/{rel}","templated":true}]}}