{"id":64540,"date":"2025-10-17T08:45:08","date_gmt":"2025-10-17T08:45:08","guid":{"rendered":"https:\/\/www.europesays.com\/fi\/64540\/"},"modified":"2025-10-17T08:45:08","modified_gmt":"2025-10-17T08:45:08","slug":"jypin-ex-tahti-joakim-kemell-passitettiin-farmiin-urheilu","status":"publish","type":"post","link":"https:\/\/www.europesays.com\/fi\/64540\/","title":{"rendered":"JYPin ex-t\u00e4hti Joakim Kemell passitettiin farmiin | Urheilu"},"content":{"rendered":"<p>J\u00e4\u00e4kiekon NHL-seura Nashville Predators on l\u00e4hett\u00e4nyt Palokan Kiekon kasvatti <strong>Joakim Kemellin<\/strong> farmiliiga AHL:\u00e4\u00e4n.<\/p>\n<p>Kemell, 21, murtautui Predatorsin NHL-miehist\u00f6\u00f6n harjoituskauden j\u00e4lkeen, mutta mahtui pelaavaan kokoonpanoon vain kahdesti. Hy\u00f6kk\u00e4\u00e4j\u00e4 pelasi ottelua kohden alle 11 minuuttia, eik\u00e4 onnistunut viel\u00e4 avaamaan pistetili\u00e4\u00e4n taalaliigassa.<\/p>\n<p>Viime kaudella entinen JYP-t\u00e4hti pelasi niin ik\u00e4\u00e4n kaksi ottelua NHL:ss\u00e4 tehoitta.<\/p>\n<p><strong class=\"diks-storyline__impact\">Predatorsin<\/strong> farmiseurassa Milwaukee Admiralsissa Kemell on kiekkoillut edellisen kolmen kauden ajan. 146 ottelussa h\u00e4n on tehnyt 41 maalia ja antanut 53 maaliin johtanutta sy\u00f6tt\u00f6\u00e4.<\/p>\n<p>Kotimaisessa Liigassa Kemell kiekkoili JYPiss\u00e4 vuosina 2021\u201323. Predators varasi Kemellin ykk\u00f6skierroksella vuonna 2022.<\/p>\n<p>Tappiolla kautensa aloittanut Admirals pelaa seuraavan ottelunsa sunnuntain vastaisena y\u00f6n\u00e4 Texas Starsia vastaan.<\/p>\n","protected":false},"excerpt":{"rendered":"J\u00e4\u00e4kiekon NHL-seura Nashville Predators on l\u00e4hett\u00e4nyt Palokan Kiekon kasvatti Joakim Kemellin farmiliiga AHL:\u00e4\u00e4n. Kemell, 21, murtautui Predatorsin NHL-miehist\u00f6\u00f6n&hellip;\n","protected":false},"author":2,"featured_media":64541,"comment_status":"","ping_status":"","sticky":false,"template":"","format":"standard","meta":{"footnotes":""},"categories":[158],"tags":[1144,33,31,30,1143,3822,41,1146,4804,159,32,1145,160],"class_list":{"0":"post-64540","1":"post","2":"type-post","3":"status-publish","4":"format-standard","5":"has-post-thumbnail","7":"category-urheilu","8":"tag-ammattilaisjaakiekko","9":"tag-fi","10":"tag-finland","11":"tag-finnish","12":"tag-jaakiekko","13":"tag-jyp","14":"tag-liikunta-ja-urheilu","15":"tag-miesten-jaakiekko","16":"tag-national-hockey-league-nhl","17":"tag-sports","18":"tag-suomi","19":"tag-talviurheilu","20":"tag-urheilu"},"share_on_mastodon":{"url":"","error":""},"_links":{"self":[{"href":"https:\/\/www.europesays.com\/fi\/wp-json\/wp\/v2\/posts\/64540","targetHints":{"allow":["GET"]}}],"collection":[{"href":"https:\/\/www.europesays.com\/fi\/wp-json\/wp\/v2\/posts"}],"about":[{"href":"https:\/\/www.europesays.com\/fi\/wp-json\/wp\/v2\/types\/post"}],"author":[{"embeddable":true,"href":"https:\/\/www.europesays.com\/fi\/wp-json\/wp\/v2\/users\/2"}],"replies":[{"embeddable":true,"href":"https:\/\/www.europesays.com\/fi\/wp-json\/wp\/v2\/comments?post=64540"}],"version-history":[{"count":0,"href":"https:\/\/www.europesays.com\/fi\/wp-json\/wp\/v2\/posts\/64540\/revisions"}],"wp:featuredmedia":[{"embeddable":true,"href":"https:\/\/www.europesays.com\/fi\/wp-json\/wp\/v2\/media\/64541"}],"wp:attachment":[{"href":"https:\/\/www.europesays.com\/fi\/wp-json\/wp\/v2\/media?parent=64540"}],"wp:term":[{"taxonomy":"category","embeddable":true,"href":"https:\/\/www.europesays.com\/fi\/wp-json\/wp\/v2\/categories?post=64540"},{"taxonomy":"post_tag","embeddable":true,"href":"https:\/\/www.europesays.com\/fi\/wp-json\/wp\/v2\/tags?post=64540"}],"curies":[{"name":"wp","href":"https:\/\/api.w.org\/{rel}","templated":true}]}}