{"id":64721,"date":"2025-10-17T12:58:10","date_gmt":"2025-10-17T12:58:10","guid":{"rendered":"https:\/\/www.europesays.com\/fi\/64721\/"},"modified":"2025-10-17T12:58:10","modified_gmt":"2025-10-17T12:58:10","slug":"essi-unkuri-osana-todellista-shokkitulosta","status":"publish","type":"post","link":"https:\/\/www.europesays.com\/fi\/64721\/","title":{"rendered":"Essi Unkuri osana todellista shokkitulosta"},"content":{"rendered":"<p>\n            07 2025Essi Unkuri ja Viljami Harjuniemi h\u00e4\u00e4t.Seiska\/juhamatti Nieminen<br \/>\n            Juhamatti Nieminen\n        <\/p>\n<p class=\"subtitle \">Essill\u00e4 kulkee useammallakin rintamalla.<\/p>\n<p class=\"article-content article-content-width !bg-background\"> kuuluu hyv\u00e4\u00e4.<\/p>\n<p class=\"article-content article-content-width !bg-background\">Vuoden 2021 Miss Suomi meni kes\u00e4ll\u00e4 naimisiin heng\u00e4stytt\u00e4v\u00e4n komean miehens\u00e4, , kanssa.<\/p>\n<p class=\"article-content article-content-width !bg-background\">Ty\u00f6rintamallakin menee hyvin.<\/p>\n<p class=\"article-content article-content-width !bg-background\">Vuonna 2023 Essi aloitti legendaarisessa Laajasalon opistossa, erikoistuen radioon.<\/p>\n<p>        <a itemprop=\"url\" href=\"https:\/\/www.seiska.fi\/kotimaa\/vau-tassa-ovat-essi-unkurin-kaasot\/1691199\" rel=\"nofollow noopener\" target=\"_blank\"><\/p>\n<p>\nVau!\n<\/p>\n<p class=\"section-date\">\n        <strong class=\"article-section\" data-section=\"kotimaa\"><br \/>\n            kotimaa<br \/>\n        <\/strong><br \/>\n        4.5. 21:00\n    <\/p>\n<p>Vau! T\u00e4ss\u00e4 ovat Essi Unkurin kaasot\n    <\/p>\n<p itemprop=\"description\" class=\"subtitle \">\n    Essin kaasokattaus on n\u00e4ytt\u00e4v\u00e4. N\u00e4in saanee sanoa, sill\u00e4 heill\u00e4 on kaikilla missitaustaa.\n<\/p>\n<p>        <\/a><\/p>\n<p class=\"article-content article-content-width !bg-background\">Sinne h\u00e4n p\u00e4\u00e4sikin. Harjoittelu meni Radio Suomipopissa, ja sittemmin h\u00e4n teki l\u00e4hetyksi\u00e4 kotopuolessa Radio Vaasassa.<\/p>\n<p>                <img decoding=\"async\" src=\"https:\/\/www.europesays.com\/fi\/wp-content\/uploads\/2025\/10\/1896351.webp\" width=\"576\" height=\"720\" alt=\"Essi ja Viljami ovat kuin suuren maailman julkkikset.\" loading=\"lazy\" \/>            <\/p>\n<p>\n            Essi ja Viljami ovat kuin suuren maailman julkkikset.<br \/>\n            TIMO KORHONEN\n        <\/p>\n<p> Pop FM<\/p>\n<p class=\"article-content article-content-width !bg-background\">Kev\u00e4\u00e4ll\u00e4 jys\u00e4hti.<\/p>\n<p class=\"article-content article-content-width !bg-background\">Suomessa aloitti huhtikuun puoliv\u00e4liss\u00e4 t\u00e4ysin uusi kaupallinen radiokanava, Pop FM, jonka juontajiksi tulivat ,  sek\u00e4 Essi.<\/p>\n<p class=\"article-content article-content-width !bg-background\">My\u00f6hemmin kolmikko t\u00e4ydentyi viel\u00e4 , joka tunnetaan paremmin tubettaja .<\/p>\n<p>        <a itemprop=\"url\" href=\"https:\/\/www.seiska.fi\/kotimaa\/talta-essi-unkuri-nayttaa-nykyaan-vitsi-mika-ero\/1583132\" rel=\"nofollow noopener\" target=\"_blank\"><\/p>\n<p class=\"section-date\">\n        <strong class=\"article-section\" data-section=\"kotimaa\"><br \/>\n            kotimaa<br \/>\n        <\/strong><br \/>\n        19.1. 12:00\n    <\/p>\n<p>T\u00e4lt\u00e4 Essi Unkuri n\u00e4ytt\u00e4\u00e4 nyky\u00e4\u00e4n \u2013 &#8221;Vitsi mik\u00e4 ero&#8221;\n    <\/p>\n<p itemprop=\"description\" class=\"subtitle \">\n    Ex-missi esittelee nykyist\u00e4 ulkon\u00e4k\u00f6\u00e4\u00e4n.\n<\/p>\n<p>        <\/a><\/p>\n<p class=\"article-content article-content-width !bg-background\">Kanava sai toimiluvan Yle Puheelta vapautuneelle taajuudelle, mik\u00e4 tarkoittaa, ett\u00e4 se on valtakunnallinen \u2013 eli miss\u00e4 vain voi muun muassa Essin juttuja p\u00e4\u00e4st\u00e4 kuulemaan.<\/p>\n<p>                <img decoding=\"async\" src=\"https:\/\/www.europesays.com\/fi\/wp-content\/uploads\/2025\/10\/1805783.webp\" width=\"576\" height=\"322\" alt=\"2021 Essi Unkurin p\u00e4\u00e4h\u00e4n asteltiin Miss Suomen tiara.\" loading=\"lazy\" \/>            <\/p>\n<p>\n            2021 Essi Unkurin p\u00e4\u00e4h\u00e4n asteltiin Miss Suomen tiara.<br \/>\n            Seiska\n        <\/p>\n<p>Kova tulos!<\/p>\n<p class=\"article-content article-content-width !bg-background\">Nyt Essi on osa iloista yll\u00e4tyst\u00e4.<\/p>\n<p class=\"article-content article-content-width !bg-background\"><a href=\"https:\/\/www.iltalehti.fi\/viihdeuutiset\/a\/e6d3f9c1-6a76-4e71-8dcd-a09d721a6966\" target=\"_blank\" rel=\"nofollow noopener\">Iltalehti<\/a> kertoo nimitt\u00e4in Finnpanelin toteuttaman Kansallisen radiotutkimuksen tuloksista.<\/p>\n<p class=\"article-content article-content-width !bg-background\">Vain puolivuotias Pop FM on kes\u00e4\u2013elokuun mittauksessa 351 000 viikoittaisella kuuntelijallaan koko maan viidenneksi kuunnelluin radiokanava.<\/p>\n<p>        <a itemprop=\"url\" href=\"https:\/\/www.seiska.fi\/vain-seiskassa\/vau-mika-morsian-essi-unkuri-ja-viljami-harjuniemi-sanoivat-tahdon-kuva\/1873462\" rel=\"nofollow noopener\" target=\"_blank\"><\/p>\n<p>\nKuva!\n<\/p>\n<p class=\"section-date\">\n        <strong class=\"article-section\" data-section=\"vain seiskassa\"><br \/>\n            vain seiskassa<br \/>\n        <\/strong><br \/>\n        19.7. 16:00\n    <\/p>\n<p>Vau, mik\u00e4 morsian! Essi Unkuri ja Viljami Harjuniemi sanoivat tahdon \u2013 kuva\n    <\/p>\n<p itemprop=\"description\" class=\"subtitle \">\n    Seiska oli paikalla, kun Essi ja Viljami astuivat ulos kirkosta.\n<\/p>\n<p>        <\/a><\/p>\n<p class=\"article-content article-content-width !bg-background\">Edell\u00e4 ovat ylivoimainen johtaja Radio Nova sek\u00e4 Suomipop, Radio Rock ja Iskelm\u00e4.<\/p>\n<p>NRJ ja Loop takana<\/p>\n<p class=\"article-content article-content-width !bg-background\">Muun muassa juuri Essin t\u00e4hditt\u00e4m\u00e4 radiokanava on kuitenkin ker\u00e4nnyt nopeasti oman kuuntelijakuntansa, ja esimerkiksi  t\u00e4hditt\u00e4m\u00e4 NRJ sek\u00e4  ja  Loop ovat joutuneet tyytym\u00e4\u00e4n pienemp\u00e4\u00e4n kuulijam\u00e4\u00e4r\u00e4\u00e4n.<\/p>\n<p class=\"article-content article-content-width !bg-background\">Tapaus on poikkeuksellinen my\u00f6s siksi, ett\u00e4 Suomessa on vain kaksi isoa radiotoimijaa kaupallisella puolella: Bauer Media sek\u00e4 Sanoma Media.<\/p>\n<p>        <a itemprop=\"url\" href=\"https:\/\/www.seiska.fi\/kotimaa\/miss-suomi-ulos-radiosta\/1658978\" rel=\"nofollow noopener\" target=\"_blank\"><\/p>\n<p>\nOho!\n<\/p>\n<p class=\"section-date\">\n        <strong class=\"article-section\" data-section=\"kotimaa\"><br \/>\n            kotimaa<br \/>\n        <\/strong><br \/>\n        29.3. 21:00\n    <\/p>\n<p>Miss Suomi ulos radiosta!\n    <\/p>\n<p itemprop=\"description\" class=\"subtitle \">\n    Tammikuussa 2024 kihlautuneet Essi ja Viljami ovat kertoneet menev\u00e4ns\u00e4 tulevana kes\u00e4n\u00e4 naimisiin.\n<\/p>\n<p>        <\/a><\/p>\n<p class=\"article-content article-content-width !bg-background\">Baueriin kuuluvat muun muassa Nova, Iskelm\u00e4 ja NRJ, kun taas Sanomaan Suomipop, Rock, Loop ja Aito Iskelm\u00e4.<\/p>\n<p class=\"article-content article-content-width !bg-background\">Bauerilla ja Sanomalla on luonnollisesti takanaan my\u00f6s j\u00e4rkytt\u00e4v\u00e4n iso markkinointikoneisto ja sosiaalisen median eri kanavat, mik\u00e4 nostaa Pop FM:n saavutusta entisest\u00e4\u00e4n.<\/p>\n<p>&#8221;Harvoin n\u00e4hty t\u00e4m\u00e4nkaltaista&#8221;<\/p>\n<p class=\"article-content article-content-width !bg-background\">Kanava mainostaa itse\u00e4\u00e4n sanoin: \u201dSoitamme hyv\u00e4n mielen musiikkia 90-luvulta t\u00e4h\u00e4n p\u00e4iv\u00e4\u00e4n.\u201d<\/p>\n<p class=\"article-content article-content-width !bg-background\">Se n\u00e4ytt\u00e4\u00e4 purreen, sill\u00e4 kuulijoista l\u00e4hes 60 prosenttia on 25\u201354-vuotiaita.<\/p>\n<p class=\"article-content article-content-width !bg-background\">\u2013 Valitsemamme linja soittaa nopeatempoista, hyv\u00e4n mielen musiikkia on ollut selke\u00e4sti oikea valinta, ja kanava on l\u00f6yt\u00e4nyt tiens\u00e4 suomalaisten radioihin. Suomen radiokent\u00e4ss\u00e4 on harvoin n\u00e4hty t\u00e4m\u00e4nkaltaista kuulijam\u00e4\u00e4r\u00e4n kehityst\u00e4 n\u00e4in lyhyess\u00e4 ajassa \u2013 ottaen huomioon, ett\u00e4 aloitimme t\u00e4ysin nollista, intoili <a href=\"https:\/\/www.epressi.com\/tiedotteet\/mainonta\/radiokanava-popfm-tavoittanut-suomalaiset-radion-kuuntelijat-ennatysajassa.html\" target=\"_blank\" rel=\"nofollow noopener\">kanavan tiedotteessa<\/a> operatiivinen johtaja .<\/p>\n","protected":false},"excerpt":{"rendered":"07 2025Essi Unkuri ja Viljami Harjuniemi h\u00e4\u00e4t.Seiska\/juhamatti Nieminen Juhamatti Nieminen Essill\u00e4 kulkee useammallakin rintamalla. kuuluu hyv\u00e4\u00e4. Vuoden 2021&hellip;\n","protected":false},"author":2,"featured_media":64722,"comment_status":"","ping_status":"","sticky":false,"template":"","format":"standard","meta":{"footnotes":""},"categories":[136],"tags":[407,137,1507,33,31,30,14708,408,14710,14709,32,109,4953],"class_list":{"0":"post-64721","1":"post","2":"type-post","3":"status-publish","4":"format-standard","5":"has-post-thumbnail","7":"category-julkkikset","8":"tag-celebrities","9":"tag-entertainment","10":"tag-essi-unkuri","11":"tag-fi","12":"tag-finland","13":"tag-finnish","14":"tag-finnpanel","15":"tag-julkkikset","16":"tag-laajasalon-opisto","17":"tag-pop-fm","18":"tag-suomi","19":"tag-viihde","20":"tag-viljami-harjuniemi"},"share_on_mastodon":{"url":"","error":""},"_links":{"self":[{"href":"https:\/\/www.europesays.com\/fi\/wp-json\/wp\/v2\/posts\/64721","targetHints":{"allow":["GET"]}}],"collection":[{"href":"https:\/\/www.europesays.com\/fi\/wp-json\/wp\/v2\/posts"}],"about":[{"href":"https:\/\/www.europesays.com\/fi\/wp-json\/wp\/v2\/types\/post"}],"author":[{"embeddable":true,"href":"https:\/\/www.europesays.com\/fi\/wp-json\/wp\/v2\/users\/2"}],"replies":[{"embeddable":true,"href":"https:\/\/www.europesays.com\/fi\/wp-json\/wp\/v2\/comments?post=64721"}],"version-history":[{"count":0,"href":"https:\/\/www.europesays.com\/fi\/wp-json\/wp\/v2\/posts\/64721\/revisions"}],"wp:featuredmedia":[{"embeddable":true,"href":"https:\/\/www.europesays.com\/fi\/wp-json\/wp\/v2\/media\/64722"}],"wp:attachment":[{"href":"https:\/\/www.europesays.com\/fi\/wp-json\/wp\/v2\/media?parent=64721"}],"wp:term":[{"taxonomy":"category","embeddable":true,"href":"https:\/\/www.europesays.com\/fi\/wp-json\/wp\/v2\/categories?post=64721"},{"taxonomy":"post_tag","embeddable":true,"href":"https:\/\/www.europesays.com\/fi\/wp-json\/wp\/v2\/tags?post=64721"}],"curies":[{"name":"wp","href":"https:\/\/api.w.org\/{rel}","templated":true}]}}