{"id":64760,"date":"2025-10-17T13:54:07","date_gmt":"2025-10-17T13:54:07","guid":{"rendered":"https:\/\/www.europesays.com\/fi\/64760\/"},"modified":"2025-10-17T13:54:07","modified_gmt":"2025-10-17T13:54:07","slug":"cheekin-alpha-omega-levy-taytti-10-vuotta","status":"publish","type":"post","link":"https:\/\/www.europesays.com\/fi\/64760\/","title":{"rendered":"Cheekin Alpha Omega -levy t\u00e4ytti 10 vuotta"},"content":{"rendered":"<p>Cheekin menestysalbumi julkaistiin tasan 10 vuotta sitten.<\/p>\n<p>16.10. 22:30<\/p>\n<p class=\"article-body mb-nof-24 px-nof-16\">Artistiuransa lopettanut <a class=\"article-personlink\" href=\"https:\/\/www.is.fi\/haku\/?query=Jare%20Tiihonen\" rel=\"nofollow noopener\" target=\"_blank\">Jare Tiihonen<\/a> julkaisi harvinaisen p\u00e4ivityksen Liiga Musicin sometilill\u00e4.<\/p>\n<p class=\"article-body mb-nof-24 px-nof-16\">\u2013 Cheekin viimeiseksi albumiksi j\u00e4\u00e4nyt Alpha Omega julkaistiin 10 vuotta sitten. Levy saavutti my\u00f6s sopivasti t\u00e4ll\u00e4 viikolla 100 miljoonan striimin rajapyykin. Liittyyk\u00f6 sulla mit\u00e4\u00e4n muistoja t\u00e4h\u00e4n albumiin? kuvatekstiss\u00e4 kysyt\u00e4\u00e4n.<\/p>\n<p class=\"article-body mb-nof-24 px-nof-16\">Videolla Tiihonen muistelee menestysalbumia ja kiitt\u00e4\u00e4 faneja sen kuuntelemisesta.<\/p>\n<p class=\"article-body mb-nof-24 px-nof-16\">\u2013 Meitsin viimeiseksi j\u00e4\u00e4nyt ja paras levy t\u00e4ytt\u00e4\u00e4 t\u00e4n\u00e4\u00e4n 10 vuotta. Olen ollut hyv\u00e4 ennustelemaan asioita ja toivonutkin, ett\u00e4 musa j\u00e4\u00e4 el\u00e4m\u00e4\u00e4n, mutta en olisi ikin\u00e4 osannut arvata, ett\u00e4 jengi kuuntelee nytkin viel\u00e4 noin paljon. Kiitos, se on tuntunut hyv\u00e4lt\u00e4. Pist\u00e4 levy soimaan, h\u00e4n kehottaa.<\/p>\n<p class=\"article-body mb-nof-24 px-nof-16\">Omalla Instagram-tilill\u00e4\u00e4n Tiihonen kertoo kuunnelleensa levyn l\u00e4pi pitk\u00e4st\u00e4 aikaa.<\/p>\n<p class=\"article-body mb-nof-24 px-nof-16\">\u2013 Tuli hyv\u00e4 fiilis ja hyvi\u00e4 muistoja.<\/p>\n<p class=\"article-body mb-nof-24 px-nof-16\">Samassa Tiihonen kertoo, ett\u00e4 Cheekin kolmen viimeisen levyn omistus siirtyi nyt sataprosenttisesti h\u00e4nelle itselleen.<\/p>\n<p class=\"article-body mb-nof-24 px-nof-16\">\u2013 T\u00e4\u00e4 on mulle merkityksellinen asia.<\/p>\n","protected":false},"excerpt":{"rendered":"Cheekin menestysalbumi julkaistiin tasan 10 vuotta sitten. 16.10. 22:30 Artistiuransa lopettanut Jare Tiihonen julkaisi harvinaisen p\u00e4ivityksen Liiga Musicin&hellip;\n","protected":false},"author":2,"featured_media":64761,"comment_status":"","ping_status":"","sticky":false,"template":"","format":"standard","meta":{"footnotes":""},"categories":[132],"tags":[137,33,31,30,34,195,47,32,109],"class_list":{"0":"post-64760","1":"post","2":"type-post","3":"status-publish","4":"format-standard","5":"has-post-thumbnail","7":"category-musiikki","8":"tag-entertainment","9":"tag-fi","10":"tag-finland","11":"tag-finnish","12":"tag-ilta-sanomat","13":"tag-music","14":"tag-musiikki","15":"tag-suomi","16":"tag-viihde"},"share_on_mastodon":{"url":"","error":""},"_links":{"self":[{"href":"https:\/\/www.europesays.com\/fi\/wp-json\/wp\/v2\/posts\/64760","targetHints":{"allow":["GET"]}}],"collection":[{"href":"https:\/\/www.europesays.com\/fi\/wp-json\/wp\/v2\/posts"}],"about":[{"href":"https:\/\/www.europesays.com\/fi\/wp-json\/wp\/v2\/types\/post"}],"author":[{"embeddable":true,"href":"https:\/\/www.europesays.com\/fi\/wp-json\/wp\/v2\/users\/2"}],"replies":[{"embeddable":true,"href":"https:\/\/www.europesays.com\/fi\/wp-json\/wp\/v2\/comments?post=64760"}],"version-history":[{"count":0,"href":"https:\/\/www.europesays.com\/fi\/wp-json\/wp\/v2\/posts\/64760\/revisions"}],"wp:featuredmedia":[{"embeddable":true,"href":"https:\/\/www.europesays.com\/fi\/wp-json\/wp\/v2\/media\/64761"}],"wp:attachment":[{"href":"https:\/\/www.europesays.com\/fi\/wp-json\/wp\/v2\/media?parent=64760"}],"wp:term":[{"taxonomy":"category","embeddable":true,"href":"https:\/\/www.europesays.com\/fi\/wp-json\/wp\/v2\/categories?post=64760"},{"taxonomy":"post_tag","embeddable":true,"href":"https:\/\/www.europesays.com\/fi\/wp-json\/wp\/v2\/tags?post=64760"}],"curies":[{"name":"wp","href":"https:\/\/api.w.org\/{rel}","templated":true}]}}