{"id":64788,"date":"2025-10-17T14:29:08","date_gmt":"2025-10-17T14:29:08","guid":{"rendered":"https:\/\/www.europesays.com\/fi\/64788\/"},"modified":"2025-10-17T14:29:08","modified_gmt":"2025-10-17T14:29:08","slug":"nalkalakko-joutsenossa-on-lahes-paattynyt-alkoi-tehda-mieli-jaateloa","status":"publish","type":"post","link":"https:\/\/www.europesays.com\/fi\/64788\/","title":{"rendered":"N\u00e4lk\u00e4lakko Joutsenossa on l\u00e4hes p\u00e4\u00e4ttynyt \u2013 \u201dAlkoi tehd\u00e4 mieli j\u00e4\u00e4tel\u00f6\u00e4\u201d"},"content":{"rendered":"<p>En\u00e4\u00e4 yksi Joutsenon s\u00e4il\u00f6\u00f6nottoyksik\u00f6n asukas on n\u00e4lk\u00e4lakossa.<\/p>\n<p><img decoding=\"async\" class=\"image image-show image-preview\" src=\"https:\/\/www.europesays.com\/fi\/wp-content\/uploads\/2025\/10\/5b5f9e15b7f7345364ad1323f39e2bb85d88f24132bcb3de131fce772dad9513.jpg\" alt=\"\"\/><img decoding=\"async\" class=\"image image-show\" src=\"https:\/\/www.europesays.com\/fi\/wp-content\/uploads\/2025\/10\/1760711348_840_5b5f9e15b7f7345364ad1323f39e2bb85d88f24132bcb3de131fce772dad9513.jpg\" alt=\"\"\/><\/p>\n<p>J\u00e4\u00e4tel\u00f6 alkoi houkuttaa Milan Jaffia. Antti Nikkanen<\/p>\n<p class=\"paragraph\">Iltalehden tietojen mukaan Joutsenon s\u00e4il\u00f6\u00f6nottoyksik\u00f6ss\u00e4 alkanut n\u00e4lk\u00e4lakko on p\u00e4\u00e4ttynyt l\u00e4hes kokonaan.<\/p>\n<p class=\"paragraph\">Useat lakkoon osallistuneet ovat alkaneet j\u00e4lleen sy\u00f6d\u00e4. Yksi heist\u00e4 on katujengihahmona tunnettu <strong>Milan Jaff<\/strong>. Iltalehden tietojen mukaan Jaff p\u00e4\u00e4tti lopettaa lakon, koska \u201dalkoi tehd\u00e4 mieli j\u00e4\u00e4tel\u00f6\u00e4\u201d. Lakko murtui lopulta suklaaj\u00e4\u00e4tel\u00f6\u00f6n.<\/p>\n<p class=\"paragraph\">Lakossa on IL:n tietojen mukaan en\u00e4\u00e4 yksi henkil\u00f6 \u2013 vanhempi mies, jota ollaan karkottamassa Georgiaan. H\u00e4n ei ole sy\u00f6nyt ruokaa kymmeneen p\u00e4iv\u00e4\u00e4n.<\/p>\n<p class=\"paragraph\">Iltalehden n\u00e4kemien asiakirjojen mukaan h\u00e4nell\u00e4 on vakavia terveysongelmia, joihin h\u00e4n ei ole kokenut saaneensa riitt\u00e4v\u00e4sti apua. Mies  protestoi n\u00e4lk\u00e4lakolla viranomaismenettely\u00e4.<\/p>\n<p>Kohu nousi<\/p>\n<p>Joutsenon s\u00e4il\u00f6\u00f6nottoyksikk\u00f6 sijaitsee entisess\u00e4 Konnunsuon vankilassa. Mia Jussinniemi<\/p>\n<p class=\"paragraph\">Kun Iltalehti uutisoi Joutsenon s\u00e4il\u00f6\u00f6nottoyksik\u00f6n n\u00e4lk\u00e4lakosta, nousi asiasta \u00e4l\u00e4kk\u00e4 etenkin perussuomalaisten <a href=\"https:\/\/www.iltalehti.fi\/politiikka\/61c48d19-8b95-4345-a44d-227eada597df\" rel=\"nofollow noopener\" target=\"_blank\">kansanedustajien keskuudessa<\/a>. Esimerkiksi <strong>Joakim Vigelius<\/strong> ja <strong>Ari Koponen<\/strong> kehottivat s\u00e4il\u00f6\u00f6notettuja karkotettavia l\u00e4htem\u00e4\u00e4n Suomesta itse.<\/p>\n<p class=\"paragraph\">\u2013 Kotimaahan voi milloin vain l\u00e4hte\u00e4, Koponen kirjoitti tiedotteessaan.<\/p>\n<p class=\"paragraph\">Joutsenon s\u00e4il\u00f6\u00f6nottoyksik\u00f6n asukkaat ihmettelev\u00e4t, kuinka v\u00e4h\u00e4n suomalaiset kansanedustajat tiet\u00e4v\u00e4t s\u00e4il\u00f6\u00f6nottomenettelyst\u00e4. Kotimaahan paluu ei v\u00e4ltt\u00e4m\u00e4tt\u00e4 ole mik\u00e4\u00e4n ilmoitusasia.<\/p>\n<p class=\"paragraph\">\u2013 Vaikka ilmoittaisimme, ett\u00e4 haluamme l\u00e4hte\u00e4 nyt heti, voi olla, ett\u00e4 joudumme odottamaan t\u00e4\u00e4ll\u00e4 jopa puolitoista vuotta.<\/p>\n<p class=\"paragraph\">\u2013 Kaikki maat eiv\u00e4t my\u00f6sk\u00e4\u00e4n ota karkotettuja vastaan, ja siin\u00e4 tapauksessa joudumme my\u00f6s odottamaan n\u00e4it\u00e4 p\u00e4\u00e4t\u00f6ksi\u00e4 s\u00e4il\u00f6ss\u00e4, asukkaat kertovat.<\/p>\n<p class=\"paragraph\">N\u00e4lk\u00e4lakkoon osallistuneiden mukaan protestoimisen syy oli my\u00f6s siin\u00e4, ett\u00e4 heit\u00e4 pidet\u00e4\u00e4n vankilaolosuhteissa vapauden menett\u00e4nein\u00e4, vaikka heit\u00e4 ei ole tuomittu vankeuteen.<\/p>\n<p class=\"paragraph\">Iltalehden tietojen mukaan my\u00f6s Milan Jaff oli ollut yhteydess\u00e4 poliisiin ja pyyt\u00e4nyt mahdollisuutta l\u00e4hte\u00e4 vapaaehtoisesti ja nopeasti pois Suomesta. H\u00e4net ohjattiin olemaan yhteydess\u00e4 konsulaattiin, eiv\u00e4tk\u00e4 j\u00e4rjestelyt edenneet sen pidemm\u00e4lle.<\/p>\n<p class=\"paragraph\">Jaffin avustaja <strong>Anton von Schrowe<\/strong> on kertonut, ett\u00e4 Jaff on kuitenkin laatimassa valitustaan karkoitusp\u00e4\u00e4t\u00f6ksest\u00e4\u00e4n.<\/p>\n","protected":false},"excerpt":{"rendered":"En\u00e4\u00e4 yksi Joutsenon s\u00e4il\u00f6\u00f6nottoyksik\u00f6n asukas on n\u00e4lk\u00e4lakossa. J\u00e4\u00e4tel\u00f6 alkoi houkuttaa Milan Jaffia. Antti Nikkanen Iltalehden tietojen mukaan Joutsenon&hellip;\n","protected":false},"author":2,"featured_media":64789,"comment_status":"","ping_status":"","sticky":false,"template":"","format":"standard","meta":{"footnotes":""},"categories":[12],"tags":[35,22,23,26,27,33,31,30,17,53,24,25,28,29,15,18,21,52,142,637,886,32,19,20,16],"class_list":{"0":"post-64788","1":"post","2":"type-post","3":"status-publish","4":"format-standard","5":"has-post-thumbnail","7":"category-suomi","8":"tag-24h","9":"tag-breaking-news","10":"tag-breakingnews","11":"tag-featured-news","12":"tag-featurednews","13":"tag-fi","14":"tag-finland","15":"tag-finnish","16":"tag-headlines","17":"tag-laki-oikeus-ja-rikos","18":"tag-latest-news","19":"tag-latestnews","20":"tag-main-news","21":"tag-mainnews","22":"tag-news","23":"tag-otsikot","24":"tag-paauutiset","25":"tag-poliisi","26":"tag-poliitikot","27":"tag-politiikka","28":"tag-puolueet","29":"tag-suomi","30":"tag-top-stories","31":"tag-topstories","32":"tag-uutiset"},"share_on_mastodon":{"url":"","error":""},"_links":{"self":[{"href":"https:\/\/www.europesays.com\/fi\/wp-json\/wp\/v2\/posts\/64788","targetHints":{"allow":["GET"]}}],"collection":[{"href":"https:\/\/www.europesays.com\/fi\/wp-json\/wp\/v2\/posts"}],"about":[{"href":"https:\/\/www.europesays.com\/fi\/wp-json\/wp\/v2\/types\/post"}],"author":[{"embeddable":true,"href":"https:\/\/www.europesays.com\/fi\/wp-json\/wp\/v2\/users\/2"}],"replies":[{"embeddable":true,"href":"https:\/\/www.europesays.com\/fi\/wp-json\/wp\/v2\/comments?post=64788"}],"version-history":[{"count":0,"href":"https:\/\/www.europesays.com\/fi\/wp-json\/wp\/v2\/posts\/64788\/revisions"}],"wp:featuredmedia":[{"embeddable":true,"href":"https:\/\/www.europesays.com\/fi\/wp-json\/wp\/v2\/media\/64789"}],"wp:attachment":[{"href":"https:\/\/www.europesays.com\/fi\/wp-json\/wp\/v2\/media?parent=64788"}],"wp:term":[{"taxonomy":"category","embeddable":true,"href":"https:\/\/www.europesays.com\/fi\/wp-json\/wp\/v2\/categories?post=64788"},{"taxonomy":"post_tag","embeddable":true,"href":"https:\/\/www.europesays.com\/fi\/wp-json\/wp\/v2\/tags?post=64788"}],"curies":[{"name":"wp","href":"https:\/\/api.w.org\/{rel}","templated":true}]}}