{"id":65143,"date":"2025-10-17T23:49:09","date_gmt":"2025-10-17T23:49:09","guid":{"rendered":"https:\/\/www.europesays.com\/fi\/65143\/"},"modified":"2025-10-17T23:49:09","modified_gmt":"2025-10-17T23:49:09","slug":"vain-elamaa-tahden-herra-ylpon-uusi-aluevaltaus-hammentaa-mista-ihmeesta-tassa-sekoilussa-on-kyse","status":"publish","type":"post","link":"https:\/\/www.europesays.com\/fi\/65143\/","title":{"rendered":"Vain el\u00e4m\u00e4\u00e4 -t\u00e4hden Herra Ylp\u00f6n uusi aluevaltaus h\u00e4mment\u00e4\u00e4: mist\u00e4 ihmeest\u00e4 t\u00e4ss\u00e4 sekoilussa on kyse?"},"content":{"rendered":"<p>Vain el\u00e4m\u00e4\u00e4 -sarjasta suuren kansan tietoisuuteen tulleen <strong>Herra Ylp\u00f6n<\/strong>\u00a0surrealistinen taide-elokuva\u00a0Kronos Kairos\u00a0saapuu elokuvateattereihin\u00a0marraskuussa.<\/p>\n<p>Kronos Kairos\u00a0on tiedotteen mukaan Herra Ylp\u00f6n omiin kokemuksiin perustuva tarina avioerosta, joka johtaa tinnitukseen, miehiseen irrationaalisuuteen ja ep\u00e4toivoiseen tasapainon etsimiseen. Elokuva on rockmuusikkona ja taiteilijana tunnetun Herra Ylp\u00f6n ensimm\u00e4inen pitk\u00e4 ohjausty\u00f6.<\/p>\n<p>Ylp\u00f6n ohella k\u00e4sikirjoituksesta vastaa\u00a0<strong>Mika L\u00e4tti.<\/strong>\u00a0P\u00e4\u00e4osissa n\u00e4hd\u00e4\u00e4n\u00a0<strong>Mira Luoti, Protoni J\u00e4rvinen, Kari Reini, Mika L\u00e4tti<\/strong>\u00a0sek\u00e4\u00a0<strong>Tero H\u00f6glund<\/strong>. Elokuva saa valtakunnallisen elokuvateatterilevityksen 7.11. alkaen. Ohjaaja Herra Ylpp\u00f6 vierailee elokuvan yleis\u00f6n\u00e4yt\u00f6ksiss\u00e4 ensi-illan j\u00e4lkeen. Kiertueteatterit vahvistuvat l\u00e4hemp\u00e4n\u00e4 ensi-iltaa.<\/p>\n<p>Lue my\u00f6s: <a href=\"https:\/\/www.como.fi\/uutiset\/herra-ylppo-cheekin-toimittajakohusta-nain-hanen-olisi-pitanyt-toimia\/\" title=\"Herra Ylpp\u00f6 Cheekin toimittajakohusta: N\u00e4in h\u00e4nen olisi pit\u00e4nyt toimia!\" class=\"underline-custom !font-montserrat !font-bold !underline-offset-4 !decoration-4 !decoration-red-600 !text-md\" rel=\"nofollow noopener\" target=\"_blank\">Herra Ylpp\u00f6 Cheekin toimittajakohusta: N\u00e4in h\u00e4nen olisi pit\u00e4nyt toimia!<\/a><\/p>\n<p>Elokuvan synopsis kuuluu n\u00e4in:<\/p>\n<p>\u201dAvioero ja tinnitus taide-scifi-elokuvassa. Ohjaajan omiin kokemuksiin perustuva tarina avioerosta, joka johtaa tinnitukseen, miehiseen irrationaalisuuteen ja ep\u00e4toivoiseen tasapainon etsimiseen. P\u00e4\u00e4henkil\u00f6mme virheet johtavat vaurioihin, jotka voidaan korjata vain uudella tanssitangolla. Riitt\u00e4\u00e4k\u00f6 sek\u00e4\u00e4n? \u00c4yri\u00e4isille allerginen palkkamurhaaja on ainoa, joka voi auttaa h\u00e4nt\u00e4 selvitt\u00e4m\u00e4\u00e4n asian.\u201d<\/p>\n<p>Katso traileri alta.<\/p>\n<p><img loading=\"lazy\" decoding=\"async\" alt=\"YouTube video\" width=\"480\" height=\"360\" data-pin-nopin=\"true\" nopin=\"nopin\" class=\"perfmatters-lazy\" src=\"https:\/\/www.europesays.com\/fi\/wp-content\/uploads\/2025\/10\/1760006888_576_hqdefault.jpg\"\/><\/p>\n<p>Lue my\u00f6s: <a href=\"https:\/\/www.como.fi\/tilaa-comon-uutiskirje\/\" title=\"Tilaa Comon uutiskirje ja tied\u00e4t mist\u00e4 kahvitauolla puhutaan! Nappaa kotimaan tv-vinkit ja puheenaiheet suoraan s\u00e4hk\u00f6postiin t\u00e4st\u00e4.\" class=\"underline-custom !font-montserrat !font-bold !underline-offset-4 !decoration-4 !decoration-red-600 !text-md\" rel=\"nofollow noopener\" target=\"_blank\">Tilaa Comon uutiskirje ja tied\u00e4t mist\u00e4 kahvitauolla puhutaan! Nappaa kotimaan tv-vinkit ja puheenaiheet suoraan s\u00e4hk\u00f6postiin t\u00e4st\u00e4.<\/a><\/p>\n","protected":false},"excerpt":{"rendered":"Vain el\u00e4m\u00e4\u00e4 -sarjasta suuren kansan tietoisuuteen tulleen Herra Ylp\u00f6n\u00a0surrealistinen taide-elokuva\u00a0Kronos Kairos\u00a0saapuu elokuvateattereihin\u00a0marraskuussa. Kronos Kairos\u00a0on tiedotteen mukaan Herra Ylp\u00f6n&hellip;\n","protected":false},"author":2,"featured_media":65144,"comment_status":"","ping_status":"","sticky":false,"template":"","format":"standard","meta":{"footnotes":""},"categories":[136],"tags":[407,137,33,31,30,14798,408,32,4685,109],"class_list":{"0":"post-65143","1":"post","2":"type-post","3":"status-publish","4":"format-standard","5":"has-post-thumbnail","7":"category-julkkikset","8":"tag-celebrities","9":"tag-entertainment","10":"tag-fi","11":"tag-finland","12":"tag-finnish","13":"tag-herra-ylppu00f6","14":"tag-julkkikset","15":"tag-suomi","16":"tag-vain-elu00e4mu00e4u00e4","17":"tag-viihde"},"share_on_mastodon":{"url":"","error":""},"_links":{"self":[{"href":"https:\/\/www.europesays.com\/fi\/wp-json\/wp\/v2\/posts\/65143","targetHints":{"allow":["GET"]}}],"collection":[{"href":"https:\/\/www.europesays.com\/fi\/wp-json\/wp\/v2\/posts"}],"about":[{"href":"https:\/\/www.europesays.com\/fi\/wp-json\/wp\/v2\/types\/post"}],"author":[{"embeddable":true,"href":"https:\/\/www.europesays.com\/fi\/wp-json\/wp\/v2\/users\/2"}],"replies":[{"embeddable":true,"href":"https:\/\/www.europesays.com\/fi\/wp-json\/wp\/v2\/comments?post=65143"}],"version-history":[{"count":0,"href":"https:\/\/www.europesays.com\/fi\/wp-json\/wp\/v2\/posts\/65143\/revisions"}],"wp:featuredmedia":[{"embeddable":true,"href":"https:\/\/www.europesays.com\/fi\/wp-json\/wp\/v2\/media\/65144"}],"wp:attachment":[{"href":"https:\/\/www.europesays.com\/fi\/wp-json\/wp\/v2\/media?parent=65143"}],"wp:term":[{"taxonomy":"category","embeddable":true,"href":"https:\/\/www.europesays.com\/fi\/wp-json\/wp\/v2\/categories?post=65143"},{"taxonomy":"post_tag","embeddable":true,"href":"https:\/\/www.europesays.com\/fi\/wp-json\/wp\/v2\/tags?post=65143"}],"curies":[{"name":"wp","href":"https:\/\/api.w.org\/{rel}","templated":true}]}}