{"id":6518,"date":"2025-08-15T11:41:09","date_gmt":"2025-08-15T11:41:09","guid":{"rendered":"https:\/\/www.europesays.com\/fi\/6518\/"},"modified":"2025-08-15T11:41:09","modified_gmt":"2025-08-15T11:41:09","slug":"sara-sieppi-suunniltaan-okyautoa-vahingoitettiin","status":"publish","type":"post","link":"https:\/\/www.europesays.com\/fi\/6518\/","title":{"rendered":"Sara Sieppi suunniltaan! \u00d6kyautoa vahingoitettiin"},"content":{"rendered":"<p class=\"article-content article-content-width !bg-background\">Somepersoona <a alt=\"Haku\" class=\"text-primary-red font-extrabold\" href=\"https:\/\/www.seiska.fi\/haku?q=Sara Sieppi\" rel=\"nofollow noopener\" target=\"_blank\">Sara Sieppi<\/a> koki perjantaina (15.8.) ik\u00e4v\u00e4n yll\u00e4tyksen, kun h\u00e4nen kadunvarteen pys\u00e4k\u00f6ity \u00f6kyautonsa oli naarmutettu.<\/p>\n<p class=\"article-content article-content-width !bg-background\"><a alt=\"Haku\" class=\"text-primary-red font-extrabold\" href=\"https:\/\/www.seiska.fi\/haku?q=Katso videolta, kun Sara huristeli autollaan hakemaan postia:\" rel=\"nofollow noopener\" target=\"_blank\">Katso videolta, kun Sara huristeli autollaan hakemaan postia:<\/a><\/p>\n<p class=\"article-content article-content-width !bg-background\">Mit\u00e4 ilmeisimmin toisen auton kanssa t\u00f6rm\u00e4ykseen joutuneen auton valkoiset j\u00e4ljet saivat Saran suunniltaan.<\/p>\n<p>&#8221;Mik\u00e4 ihmisi\u00e4 vaivaa?&#8221;<\/p>\n<p class=\"article-content article-content-width !bg-background\">Sara julkaisi perjantai aamuna kello 11 aikoihin kuvan autonsa takaosasta <a href=\"https:\/\/www.instagram.com\/sarasieppi\/\" target=\"_blank\" rel=\"nofollow noopener\">Instagraminsa <\/a>tarinat-osioon.<\/p>\n<p class=\"article-content article-content-width !bg-background\">Kuvassa n\u00e4kyy harmaa Porsche, jonka takarenkaiden vierest\u00e4 l\u00f6ytyy suuret valkoiset naarmutusj\u00e4ljet.<\/p>\n<p class=\"article-content article-content-width !bg-background\">Tarinat-osion kuva on katsottavissa 24 tuntia sen julkaisemishetkest\u00e4.<\/p>\n<p>                <img decoding=\"async\" src=\"https:\/\/www.europesays.com\/fi\/wp-content\/uploads\/2025\/08\/1901050.webp\" width=\"576\" height=\"274\" alt=\"Saran luksusmaasturia naarmutettiin jo aiemmin elokuussa kertaalleen.\" loading=\"lazy\" \/>            <\/p>\n<p class=\"article-content article-content-width !bg-background\">\u2013 Mik\u00e4 ihmisi\u00e4 vaivaa???? Sara tivaa julkaisussaan.<\/p>\n<p class=\"article-content article-content-width !bg-background\">Sara oli pys\u00e4k\u00f6inyt auton Helsingin Iso Roobertin kadun ja Fredrikinkadun kulmille. Auto oli ollut vartioimatta mit\u00e4 ilmeisimmin vain noin kymmenen minuutin ajan.<\/p>\n<p>Tekij\u00e4 etsinn\u00e4ss\u00e4<\/p>\n<p class=\"article-content article-content-width !bg-background\">Sara pyysi Instagram-seuraajilta apua tilanteen selvitt\u00e4miseen.<\/p>\n<p class=\"article-content article-content-width !bg-background\">\u2013 Jos joku sattui olemaan Iso-Roban ja Fredan kulmilla 10.30-10.40 t\u00e4n\u00e4\u00e4n ja n\u00e4ki tilanteen, niin saa laittaa viesti\u00e4, Sara pyyt\u00e4\u00e4.<\/p>\n<p><script async src=\"\/\/www.instagram.com\/embed.js\"><\/script><\/p>\n","protected":false},"excerpt":{"rendered":"Somepersoona Sara Sieppi koki perjantaina (15.8.) ik\u00e4v\u00e4n yll\u00e4tyksen, kun h\u00e4nen kadunvarteen pys\u00e4k\u00f6ity \u00f6kyautonsa oli naarmutettu. Katso videolta, kun&hellip;\n","protected":false},"author":2,"featured_media":6519,"comment_status":"","ping_status":"","sticky":false,"template":"","format":"standard","meta":{"footnotes":""},"categories":[136],"tags":[3622,407,137,33,31,30,104,408,212,3621,3423,32,109],"class_list":{"0":"post-6518","1":"post","2":"type-post","3":"status-publish","4":"format-standard","5":"has-post-thumbnail","7":"category-julkkikset","8":"tag-auto-onnettomuus","9":"tag-celebrities","10":"tag-entertainment","11":"tag-fi","12":"tag-finland","13":"tag-finnish","14":"tag-helsinki","15":"tag-julkkikset","16":"tag-lifestyle","17":"tag-porsche","18":"tag-sara-sieppi","19":"tag-suomi","20":"tag-viihde"},"share_on_mastodon":{"url":"","error":""},"_links":{"self":[{"href":"https:\/\/www.europesays.com\/fi\/wp-json\/wp\/v2\/posts\/6518","targetHints":{"allow":["GET"]}}],"collection":[{"href":"https:\/\/www.europesays.com\/fi\/wp-json\/wp\/v2\/posts"}],"about":[{"href":"https:\/\/www.europesays.com\/fi\/wp-json\/wp\/v2\/types\/post"}],"author":[{"embeddable":true,"href":"https:\/\/www.europesays.com\/fi\/wp-json\/wp\/v2\/users\/2"}],"replies":[{"embeddable":true,"href":"https:\/\/www.europesays.com\/fi\/wp-json\/wp\/v2\/comments?post=6518"}],"version-history":[{"count":0,"href":"https:\/\/www.europesays.com\/fi\/wp-json\/wp\/v2\/posts\/6518\/revisions"}],"wp:featuredmedia":[{"embeddable":true,"href":"https:\/\/www.europesays.com\/fi\/wp-json\/wp\/v2\/media\/6519"}],"wp:attachment":[{"href":"https:\/\/www.europesays.com\/fi\/wp-json\/wp\/v2\/media?parent=6518"}],"wp:term":[{"taxonomy":"category","embeddable":true,"href":"https:\/\/www.europesays.com\/fi\/wp-json\/wp\/v2\/categories?post=6518"},{"taxonomy":"post_tag","embeddable":true,"href":"https:\/\/www.europesays.com\/fi\/wp-json\/wp\/v2\/tags?post=6518"}],"curies":[{"name":"wp","href":"https:\/\/api.w.org\/{rel}","templated":true}]}}