{"id":65209,"date":"2025-10-18T02:54:08","date_gmt":"2025-10-18T02:54:08","guid":{"rendered":"https:\/\/www.europesays.com\/fi\/65209\/"},"modified":"2025-10-18T02:54:08","modified_gmt":"2025-10-18T02:54:08","slug":"epailys-masked-singer-suomessa-mahdollistavatko-saannot","status":"publish","type":"post","link":"https:\/\/www.europesays.com\/fi\/65209\/","title":{"rendered":"Ep\u00e4ilys Masked Singer Suomessa: \u201dMahdollistavatko s\u00e4\u00e4nn\u00f6t?\u201d"},"content":{"rendered":"<p>Atte Kilpinen kuvailee itse\u00e4\u00e4n s\u00e4\u00e4nt\u00f6mieheksi.<\/p>\n<p><img decoding=\"async\" class=\"image image-show image-preview\" src=\"https:\/\/www.europesays.com\/fi\/wp-content\/uploads\/2025\/10\/eadebcd1fc56baf6dad479459ae855fb857e6e41723691d5e2277c066e120649.jpg\" alt=\"\"\/><img decoding=\"async\" class=\"image image-show\" src=\"https:\/\/www.europesays.com\/fi\/wp-content\/uploads\/2025\/10\/1760756048_724_eadebcd1fc56baf6dad479459ae855fb857e6e41723691d5e2277c066e120649.jpg\" alt=\"\"\/><\/p>\n<p>Masked Singer Suomen alkukarsinnat on nyt k\u00e4yty, ja kisassa siirryt\u00e4\u00e4n seuraavaan vaiheeseen. MTV3<\/p>\n<p class=\"paragraph\">Alkukarsintojen ryhm\u00e4t yhdistyv\u00e4t t\u00e4n\u00e4\u00e4n Masked Singer Suomen seitsem\u00e4nness\u00e4 jaksossa. Lavalle nousevat Maikkarilla kaikki seitsem\u00e4n j\u00e4ljell\u00e4 olevaa hahmoa. He ovat Kameleontti, Pierumies, Merenneito, Hai, Papparainen, Kukkak\u00e4rp\u00e4nen ja Mansikki. Luvassa ovat ainakin kappaleet Electric ja Bailando.<\/p>\n<p class=\"paragraph\"><strong>Janne Katajan<\/strong>, <strong>Jenni Poikeluksen<\/strong> ja <strong>Benjamin Peltosen<\/strong> lis\u00e4ksi esiintyjien todellisia henkil\u00f6llisyyksi\u00e4 arvuuttelee vierailijana <a href=\"https:\/\/www.iltalehti.fi\/henkilot\/Atte Kilpinen\" class=\"article-link-person-page\" rel=\"nofollow noopener\" target=\"_blank\">Atte Kilpinen<\/a>. <a href=\"https:\/\/www.iltalehti.fi\/tv-ja-leffat\/093906bb-0260-4150-a30e-181ca317c4b3\" rel=\"nofollow noopener\" target=\"_blank\">H\u00e4n voitti edelliskauden Mets\u00e4peikkona<\/a>. Nyt Atte nostaa esiin kilpailun s\u00e4\u00e4nn\u00f6t, jotka h\u00e4n kyseenalaistaa. Vakituiset etsiv\u00e4t Janne, Jenni ja Benjamin uskovat nimitt\u00e4in, ett\u00e4 yht\u00e4 hahmoa esitt\u00e4\u00e4 useampi saman perheen j\u00e4sen. Mahdollisia perheit\u00e4kin mainitaan kaksin kappalein.<\/p>\n<p>Atte Kilpinen vei Mets\u00e4peikkona voiton edelliskaudella. Nyt mukana on viime vuodelta tuttua rekvisiittaa. MTV3<\/p>\n<p class=\"paragraph\">Atesta n\u00e4m\u00e4 veikkaukset ovat ep\u00e4ilytt\u00e4vi\u00e4, ja niin s\u00e4\u00e4nn\u00f6t joutuvat suurennuslasin alle.<\/p>\n<p class=\"paragraph\">\u2013\u2009Min\u00e4 olen s\u00e4\u00e4nt\u00f6mies ja kyseenalaistan, onko se mahdollista. Mahdollistavatko s\u00e4\u00e4nn\u00f6t sen? Atte ep\u00e4ilee, eik\u00e4 olekaan muiden kanssa samaa mielt\u00e4.<\/p>\n<p class=\"paragraph\">H\u00e4nell\u00e4 on kokonaan oma arvauksensa.<\/p>\n<p class=\"paragraph\">Masked Singer Suomi t\u00e4n\u00e4\u00e4n MTV3:lla kello 19.30 &amp; Katsomossa. <a href=\"https:\/\/www.iltalehti.fi\/telkku\/\" rel=\"nofollow noopener\" target=\"_blank\">Katso kaikki\u00a0TV-ohjelmat ja l\u00e4hetysajat Telkun TV-oppaasta<\/a>.<\/p>\n","protected":false},"excerpt":{"rendered":"Atte Kilpinen kuvailee itse\u00e4\u00e4n s\u00e4\u00e4nt\u00f6mieheksi. Masked Singer Suomen alkukarsinnat on nyt k\u00e4yty, ja kisassa siirryt\u00e4\u00e4n seuraavaan vaiheeseen. MTV3&hellip;\n","protected":false},"author":2,"featured_media":65210,"comment_status":"","ping_status":"","sticky":false,"template":"","format":"standard","meta":{"footnotes":""},"categories":[133],"tags":[35,137,33,31,30,979,1999,32,484,206,140,139,156,109],"class_list":{"0":"post-65209","1":"post","2":"type-post","3":"status-publish","4":"format-standard","5":"has-post-thumbnail","7":"category-televisiot","8":"tag-24h","9":"tag-entertainment","10":"tag-fi","11":"tag-finland","12":"tag-finnish","13":"tag-sahkoinen-media","14":"tag-suomalaiset-tv-ohjelmat","15":"tag-suomi","16":"tag-taiteellinen-ilmaisu-ja-mediat","17":"tag-televisiot","18":"tag-tv-ja-elokuvat","19":"tag-tv-ohjelmat","20":"tag-tv","21":"tag-viihde"},"share_on_mastodon":{"url":"","error":""},"_links":{"self":[{"href":"https:\/\/www.europesays.com\/fi\/wp-json\/wp\/v2\/posts\/65209","targetHints":{"allow":["GET"]}}],"collection":[{"href":"https:\/\/www.europesays.com\/fi\/wp-json\/wp\/v2\/posts"}],"about":[{"href":"https:\/\/www.europesays.com\/fi\/wp-json\/wp\/v2\/types\/post"}],"author":[{"embeddable":true,"href":"https:\/\/www.europesays.com\/fi\/wp-json\/wp\/v2\/users\/2"}],"replies":[{"embeddable":true,"href":"https:\/\/www.europesays.com\/fi\/wp-json\/wp\/v2\/comments?post=65209"}],"version-history":[{"count":0,"href":"https:\/\/www.europesays.com\/fi\/wp-json\/wp\/v2\/posts\/65209\/revisions"}],"wp:featuredmedia":[{"embeddable":true,"href":"https:\/\/www.europesays.com\/fi\/wp-json\/wp\/v2\/media\/65210"}],"wp:attachment":[{"href":"https:\/\/www.europesays.com\/fi\/wp-json\/wp\/v2\/media?parent=65209"}],"wp:term":[{"taxonomy":"category","embeddable":true,"href":"https:\/\/www.europesays.com\/fi\/wp-json\/wp\/v2\/categories?post=65209"},{"taxonomy":"post_tag","embeddable":true,"href":"https:\/\/www.europesays.com\/fi\/wp-json\/wp\/v2\/tags?post=65209"}],"curies":[{"name":"wp","href":"https:\/\/api.w.org\/{rel}","templated":true}]}}