{"id":65412,"date":"2025-10-18T08:29:08","date_gmt":"2025-10-18T08:29:08","guid":{"rendered":"https:\/\/www.europesays.com\/fi\/65412\/"},"modified":"2025-10-18T08:29:08","modified_gmt":"2025-10-18T08:29:08","slug":"il-helmi-leena-nummelan-haat-siirtyvat","status":"publish","type":"post","link":"https:\/\/www.europesays.com\/fi\/65412\/","title":{"rendered":"IL: Helmi-Leena Nummelan h\u00e4\u00e4t siirtyv\u00e4t"},"content":{"rendered":"<p>\n            20250401, Helsinki. L300 Hyalurtonic Age Renewal tapahtuma. Kuvassa Helmi-Leena Nummela.<br \/>\n            Timo Korhonen\n        <\/p>\n<p class=\"subtitle \">Helmi-Leena ei mennytk\u00e4\u00e4n naimisiin kes\u00e4ll\u00e4. Nyt totuus tilanteesta paljastui.<\/p>\n<p class=\"article-content article-content-width !bg-background\">N\u00e4yttelij\u00e4  h\u00e4\u00e4t siirtyv\u00e4t, <a href=\"https:\/\/www.iltalehti.fi\/viihdeuutiset\/a\/f2092547-e661-4644-bce4-e1d4f7a69282\" target=\"_blank\" rel=\"nofollow noopener\">kertoo Iltalehti<\/a>.<\/p>\n<p class=\"font-weight-bold m-font-weight-bold article-content article-content-width !bg-background\">Arkistovideo: Helmi-Leena kertoo, millaista oli n\u00e4ytell\u00e4 raskaana ollessaan.<\/p>\n<p class=\"article-content article-content-width !bg-background\">Syke-sarjasta tuttu n\u00e4yttelij\u00e4 kertoo, ettei h\u00e4n kumppaninsa kanssa yksinkertaisesti ehtinyt j\u00e4rjest\u00e4\u00e4 h\u00e4it\u00e4.<\/p>\n<p class=\"article-content article-content-width !bg-background\">Ty\u00f6kiireet ja uusperhearki eiv\u00e4t aikataulujen osalta antaneet periksi sille, ett\u00e4 Helmi-Leenan h\u00e4it\u00e4 olisi tanssittu kes\u00e4ll\u00e4 2025, vaikka alun perin oli tarkoitus. H\u00e4\u00e4t ovat kyll\u00e4 tulossa, mutta vasta ensi vuonna.<\/p>\n<p class=\"article-content article-content-width !bg-background\">\u2013 En ole koskaan ollut mik\u00e4\u00e4n h\u00e4\u00e4intoilija, mutta kun puoliso kosi viime kes\u00e4n\u00e4, se tuntui todella oikealta. Kun kes\u00e4 tuli ja yst\u00e4vien h\u00e4iss\u00e4 n\u00e4ki, miten ihana juhla se on, tuli ajatus, ett\u00e4 olisihan se ollut hienoa. Nyt olemme p\u00e4\u00e4tt\u00e4neet, ett\u00e4 ensi kes\u00e4n\u00e4 menn\u00e4\u00e4n, ja suunnitelmat ovat jo k\u00e4ynniss\u00e4, Helmi-Leena kertoo Iltalehdelle.<\/p>\n<p>N\u00e4in suhde eteni<\/p>\n<p class=\"article-content article-content-width !bg-background\">Seiska paljasti Helmi-Leenan ja h\u00e4nen nykyisen kumppaninsa suhteen kev\u00e4\u00e4ll\u00e4 2023.<\/p>\n<p class=\"article-content article-content-width !bg-background\">Tuolloin <a href=\"https:\/\/www.seiska.fi\/kotimaa\/kuva-lemmenlomalta-helmi-leena-nummela-loysi-rinnalleen-komean-ravintoloitsijan\/150334\" target=\"_blank\" rel=\"nofollow noopener\">uutisoimme, ett\u00e4 n\u00e4yttelij\u00e4\u00a0nautti aurinkoisesta lemmenlomasta Kap Verdell\u00e4. <\/a>Mukana oli h\u00e4neen jo aiemmin yhdistetty turkulaisravintoloitsija.<\/p>\n<p class=\"article-content article-content-width !bg-background\">Jo lentomatkalla kohteeseen pari n\u00e4htiin herkiss\u00e4 tunnelmissa. <a href=\"https:\/\/www.seiska.fi\/kotimaa\/lemmenloma-helmi-leena-nummela-ja-uusi-rakas-pusuttelivat-lentokoneessa\/150341\" target=\"_blank\" rel=\"nofollow noopener\">Seiska uutisoi tapauksesta tuoreeltaan<\/a>.<\/p>\n<p class=\"article-content article-content-width !bg-background\">\u2013 He pussailivat koneessa pariskunnan lailla, Seiskalle kerrottiin tuolloin.<\/p>\n<p class=\"article-content article-content-width !bg-background\">Vasta yli kaksi vuotta my\u00f6hemmin eli viime kes\u00e4n\u00e4 <a href=\"https:\/\/www.seiska.fi\/kotimaa\/ensimmainen-yhteiskuva-tassa-on-helmi-leena-nummelan-rakas\/1901374\" target=\"_blank\" rel=\"nofollow noopener\">Helmi-Leena julkaisi ensimm\u00e4isen yhteiskuvan rakkaansa kanssa<\/a>.<\/p>\n<p class=\"article-content article-content-width !bg-background\">Helmi-Leena oli aiemmin yhdess\u00e4  kanssa, mutta he ilmoittivat erostaan huhtikuussa 2022. Heill\u00e4 on yhteinen lapsi.<\/p>\n<p class=\"article-content article-content-width !bg-background\">Helmi-Leena ja h\u00e4nen nykyinen kumppaninsa saivat perheenlis\u00e4yst\u00e4 helmikuussa 2024.<\/p>\n<p>        <a itemprop=\"url\" href=\"https:\/\/www.seiska.fi\/vain-seiskassa\/roope-salminen-raplasi-itseaan-lentokentalla-salakuva\/1934491\" rel=\"nofollow noopener\" target=\"_blank\"><\/p>\n<p>\nSalakuva\n<\/p>\n<p class=\"section-date\">\n        <strong class=\"article-section\" data-section=\"vain seiskassa\"><br \/>\n            vain seiskassa<br \/>\n        <\/strong><br \/>\n        18.9. 16:00\n    <\/p>\n<p>Roope Salminen r\u00e4pl\u00e4si itse\u00e4\u00e4n lentokent\u00e4ll\u00e4 \u2013 salakuva!\n    <\/p>\n<p itemprop=\"description\" class=\"subtitle \">\n    Viihteen moniottelija oli lentokent\u00e4ll\u00e4 kuin kotonaan.\n<\/p>\n<p>        <\/a><\/p>\n<p>Laaja perhek\u00e4sitys<\/p>\n<p class=\"article-content article-content-width !bg-background\">Alkuvuodesta 2024 <a href=\"https:\/\/www.seiska.fi\/kotimaa\/viimeisillaan-raskaana-olevan-helmi-leena-nummelan-perhepaljastus-en-ole-koskaan\/1247888\" target=\"_blank\" rel=\"nofollow noopener\">Helmi-Leena kertoi Seiskalle, keit\u00e4 h\u00e4nen perheeseens\u00e4 kuuluu<\/a>. Arkea el\u00e4v\u00e4t puolison lapset sek\u00e4 h\u00e4nen oma lapsensa, kuin my\u00f6s kaikki heid\u00e4n l\u00e4hipiirins\u00e4 ihmiset, kuten mummot ja siskot.<\/p>\n<p class=\"article-content article-content-width !bg-background\">\u2013 Perhek\u00e4sitys on t\u00e4ll\u00e4 hetkell\u00e4 aika laaja, ja hyv\u00e4 niin, se on rikkaus ehdottomasti, Helmi-Leena paljasti tuolloin.<\/p>\n<p class=\"article-content article-content-width !bg-background\">Helmi-Leena koki, ett\u00e4 laaja perhepiiri on ollut vain positiivinen asia.<\/p>\n<p class=\"article-content article-content-width !bg-background\">\u2013 Olen el\u00e4nyt el\u00e4m\u00e4ni aika lailla niin, ett\u00e4 en ole suunnitellut, ett\u00e4 minulla pit\u00e4isi olla joku tietty sapluuna. En ole koskaan n\u00e4hnyt itse\u00e4ni omakotitalossa ydinperheess\u00e4, koska ty\u00f6nikin on t\u00e4llaista.<\/p>\n<p class=\"article-content article-content-width !bg-background\">\u2013 Mielenkiinnon kohteeni, el\u00e4m\u00e4n rytmi ja sosiaaliset kuviot n\u00e4ytt\u00e4v\u00e4t minun n\u00e4k\u00f6iselt\u00e4ni, n\u00e4yttelij\u00e4 pohti puolitoista vuotta sitten Seiskalle.<\/p>\n<p>        <a itemprop=\"url\" href=\"https:\/\/www.seiska.fi\/katso\/helmi-leena-nummela-nappasi-paaroolin-elokuvasta\/1905957\" rel=\"nofollow noopener\" target=\"_blank\"><\/p>\n<p>\nHelmi-Leena Nummela\n<\/p>\n<p class=\"section-date\">\n        <strong class=\"article-section\" data-section=\"katso\"><br \/>\n            katso<br \/>\n        <\/strong><br \/>\n        21.8. 10:25\n    <\/p>\n<p>Helmi-Leena Nummela nappasi p\u00e4\u00e4roolin elokuvasta\n    <\/p>\n<p itemprop=\"description\" class=\"subtitle \">\n    Syke-elokuva: Kipin\u00f6it\u00e4 y\u00f6ss\u00e4 saa ensi-iltansa 14. marraskuussa.\n<\/p>\n<p>        <\/a><\/p>\n","protected":false},"excerpt":{"rendered":"20250401, Helsinki. L300 Hyalurtonic Age Renewal tapahtuma. Kuvassa Helmi-Leena Nummela. Timo Korhonen Helmi-Leena ei mennytk\u00e4\u00e4n naimisiin kes\u00e4ll\u00e4. Nyt&hellip;\n","protected":false},"author":2,"featured_media":65413,"comment_status":"","ping_status":"","sticky":false,"template":"","format":"standard","meta":{"footnotes":""},"categories":[136],"tags":[407,137,33,31,30,1208,3655,408,1342,98,3653,651,32,10949,109],"class_list":{"0":"post-65412","1":"post","2":"type-post","3":"status-publish","4":"format-standard","5":"has-post-thumbnail","7":"category-julkkikset","8":"tag-celebrities","9":"tag-entertainment","10":"tag-fi","11":"tag-finland","12":"tag-finnish","13":"tag-haat","14":"tag-helmi-leena-nummela","15":"tag-julkkikset","16":"tag-nayttelija","17":"tag-perhe","18":"tag-roope-salminen","19":"tag-suhteet","20":"tag-suomi","21":"tag-uusperhe","22":"tag-viihde"},"share_on_mastodon":{"url":"","error":""},"_links":{"self":[{"href":"https:\/\/www.europesays.com\/fi\/wp-json\/wp\/v2\/posts\/65412","targetHints":{"allow":["GET"]}}],"collection":[{"href":"https:\/\/www.europesays.com\/fi\/wp-json\/wp\/v2\/posts"}],"about":[{"href":"https:\/\/www.europesays.com\/fi\/wp-json\/wp\/v2\/types\/post"}],"author":[{"embeddable":true,"href":"https:\/\/www.europesays.com\/fi\/wp-json\/wp\/v2\/users\/2"}],"replies":[{"embeddable":true,"href":"https:\/\/www.europesays.com\/fi\/wp-json\/wp\/v2\/comments?post=65412"}],"version-history":[{"count":0,"href":"https:\/\/www.europesays.com\/fi\/wp-json\/wp\/v2\/posts\/65412\/revisions"}],"wp:featuredmedia":[{"embeddable":true,"href":"https:\/\/www.europesays.com\/fi\/wp-json\/wp\/v2\/media\/65413"}],"wp:attachment":[{"href":"https:\/\/www.europesays.com\/fi\/wp-json\/wp\/v2\/media?parent=65412"}],"wp:term":[{"taxonomy":"category","embeddable":true,"href":"https:\/\/www.europesays.com\/fi\/wp-json\/wp\/v2\/categories?post=65412"},{"taxonomy":"post_tag","embeddable":true,"href":"https:\/\/www.europesays.com\/fi\/wp-json\/wp\/v2\/tags?post=65412"}],"curies":[{"name":"wp","href":"https:\/\/api.w.org\/{rel}","templated":true}]}}