{"id":65424,"date":"2025-10-18T08:42:07","date_gmt":"2025-10-18T08:42:07","guid":{"rendered":"https:\/\/www.europesays.com\/fi\/65424\/"},"modified":"2025-10-18T08:42:07","modified_gmt":"2025-10-18T08:42:07","slug":"kiinassa-laajat-puhdistukset-asevoimien-johdossa-uutisia-lyhyesti","status":"publish","type":"post","link":"https:\/\/www.europesays.com\/fi\/65424\/","title":{"rendered":"Kiinassa laajat puhdistukset asevoimien johdossa | Uutisia lyhyesti"},"content":{"rendered":"<p class=\"aw-1gybjub aw-1p7kakr ghpEtB jtovHP yle__article__paragraph\">Kiinan kommunistipuolue on toteuttanut laajan puhdistuksen asevoimien ylimm\u00e4ss\u00e4 johtoportaassa erottamalla yhdeks\u00e4n korkea-arvoista kenraalia. Miehi\u00e4 ep\u00e4ill\u00e4\u00e4n vakavista talousrikoksista, puolue kertoi. Kiinan toimista uutisoivat perjantaina muun muassa <a class=\"aw-iao6s4 iHOxEa yle__article__link\" href=\"https:\/\/www.bbc.com\/news\/articles\/cwy7528ekzro\" role=\"link\" rel=\"nofollow noopener\" target=\"_blank\">BBC<\/a> ja <a class=\"aw-iao6s4 iHOxEa yle__article__link\" href=\"https:\/\/www.wsj.com\/world\/china\/xi-removes-chinas-no-2-general-in-escalating-purge-of-military-leadership-15eb3dfd?gaa_at=eafs&amp;gaa_n=AWEtsqcpw7FCmESxDXheXnRb2366iVswOmpjjg79_9eqzKDiuV6OycpeculJ&amp;gaa_ts=68f34189&amp;gaa_sig=MZ5aw-1igip4fOdQVWajFci8Kv3fppR0-b2S34dq5EpDKCeyqf4LqNdZeb1CAxnKV2pr57NnWwPj9_7WGPbA6Q%3D%3D\" role=\"link\" rel=\"nofollow noopener\" target=\"_blank\">Wall Street Journal<\/a>.<\/p>\n<p class=\"aw-1gybjub aw-1p7kakr ghpEtB jtovHP yle__article__paragraph\">Erotetuista korkea-arvoisin on kenraali <strong class=\"aw-ak79eh KyCXm yle__article__strong\">He Weidong<\/strong>, joka toimi keskussotilaskomission varapuheenjohtajana. BBC:n mukaan h\u00e4n oli Kiinan asevoimien korkea-arvoisin johtaja komission puheenjohtajan, presidentti <strong class=\"aw-ak79eh KyCXm yle__article__strong\">Xi Jinpingin<\/strong> j\u00e4lkeen.<\/p>\n<p class=\"aw-1gybjub aw-1p7kakr ghpEtB jtovHP yle__article__paragraph\">Suurin osa erotetuista oli kolmen t\u00e4hden kenraaleja, jotka kuuluivat my\u00f6s puolueen keskuskomiteaan.<\/p>\n","protected":false},"excerpt":{"rendered":"Kiinan kommunistipuolue on toteuttanut laajan puhdistuksen asevoimien ylimm\u00e4ss\u00e4 johtoportaassa erottamalla yhdeks\u00e4n korkea-arvoista kenraalia. Miehi\u00e4 ep\u00e4ill\u00e4\u00e4n vakavista talousrikoksista, puolue&hellip;\n","protected":false},"author":2,"featured_media":74,"comment_status":"","ping_status":"","sticky":false,"template":"","format":"standard","meta":{"footnotes":""},"categories":[12],"tags":[22,23,26,27,33,31,30,17,14851,510,1796,24,25,782,28,29,15,18,21,32,19,20,56,16],"class_list":{"0":"post-65424","1":"post","2":"type-post","3":"status-publish","4":"format-standard","5":"has-post-thumbnail","7":"category-suomi","8":"tag-breaking-news","9":"tag-breakingnews","10":"tag-featured-news","11":"tag-featurednews","12":"tag-fi","13":"tag-finland","14":"tag-finnish","15":"tag-headlines","16":"tag-kenraalit","17":"tag-kiina","18":"tag-kiinan-kommunistinen-puolue","19":"tag-latest-news","20":"tag-latestnews","21":"tag-maanpuolustus","22":"tag-main-news","23":"tag-mainnews","24":"tag-news","25":"tag-otsikot","26":"tag-paauutiset","27":"tag-suomi","28":"tag-top-stories","29":"tag-topstories","30":"tag-ulkomaat","31":"tag-uutiset"},"share_on_mastodon":{"url":"","error":""},"_links":{"self":[{"href":"https:\/\/www.europesays.com\/fi\/wp-json\/wp\/v2\/posts\/65424","targetHints":{"allow":["GET"]}}],"collection":[{"href":"https:\/\/www.europesays.com\/fi\/wp-json\/wp\/v2\/posts"}],"about":[{"href":"https:\/\/www.europesays.com\/fi\/wp-json\/wp\/v2\/types\/post"}],"author":[{"embeddable":true,"href":"https:\/\/www.europesays.com\/fi\/wp-json\/wp\/v2\/users\/2"}],"replies":[{"embeddable":true,"href":"https:\/\/www.europesays.com\/fi\/wp-json\/wp\/v2\/comments?post=65424"}],"version-history":[{"count":0,"href":"https:\/\/www.europesays.com\/fi\/wp-json\/wp\/v2\/posts\/65424\/revisions"}],"wp:featuredmedia":[{"embeddable":true,"href":"https:\/\/www.europesays.com\/fi\/wp-json\/wp\/v2\/media\/74"}],"wp:attachment":[{"href":"https:\/\/www.europesays.com\/fi\/wp-json\/wp\/v2\/media?parent=65424"}],"wp:term":[{"taxonomy":"category","embeddable":true,"href":"https:\/\/www.europesays.com\/fi\/wp-json\/wp\/v2\/categories?post=65424"},{"taxonomy":"post_tag","embeddable":true,"href":"https:\/\/www.europesays.com\/fi\/wp-json\/wp\/v2\/tags?post=65424"}],"curies":[{"name":"wp","href":"https:\/\/api.w.org\/{rel}","templated":true}]}}