{"id":65427,"date":"2025-10-18T08:44:07","date_gmt":"2025-10-18T08:44:07","guid":{"rendered":"https:\/\/www.europesays.com\/fi\/65427\/"},"modified":"2025-10-18T08:44:07","modified_gmt":"2025-10-18T08:44:07","slug":"susi-piiritti-ja-naytteli-hampaitaan-nain-tyrvaan-sanomien-lukijat-kertovat-susihavainnoistaan","status":"publish","type":"post","link":"https:\/\/www.europesays.com\/fi\/65427\/","title":{"rendered":"Susi piiritti ja n\u00e4ytteli hampaitaan \u2013 N\u00e4in Tyrv\u00e4\u00e4n Sanomien lukijat kertovat susihavainnoistaan"},"content":{"rendered":"<p>Tyrv\u00e4\u00e4n Sanomat kysyi lukijoilta susihavainnoista. N\u00e4in vastattiin.<\/p>\n<p class=\"article-body mb-nof-24 px-nof-16\">Susi alkoi piiritt\u00e4\u00e4 ja n\u00e4ytteli hampaitaan. Et\u00e4isyytt\u00e4 oli noin 20 metri\u00e4.<\/p>\n<p class=\"article-body mb-nof-24 px-nof-16\">N\u00e4in kertoo Suodenniemen Lahdenper\u00e4ss\u00e4 asuva <a class=\"article-personlink\" href=\"https:\/\/www.tyrvaansanomat.fi\/haku\/?query=Jaana%20Sillanp%C3%A4%C3%A4-Heino\" rel=\"nofollow noopener\" target=\"_blank\">Jaana Sillanp\u00e4\u00e4-Heino<\/a>.<\/p>\n<p class=\"article-body mb-nof-24 px-nof-16\">Tyrv\u00e4\u00e4n Sanomat kysyi lukijoilta susihavainnoista. Viikon aikana kyselyyn tuli 16 vastausta, ja l\u00e4hes 90 prosenttia vastaajista oli tehnyt havaintoja sudesta tai susista.<\/p>\n","protected":false},"excerpt":{"rendered":"Tyrv\u00e4\u00e4n Sanomat kysyi lukijoilta susihavainnoista. N\u00e4in vastattiin. Susi alkoi piiritt\u00e4\u00e4 ja n\u00e4ytteli hampaitaan. Et\u00e4isyytt\u00e4 oli noin 20 metri\u00e4.&hellip;\n","protected":false},"author":2,"featured_media":65428,"comment_status":"","ping_status":"","sticky":false,"template":"","format":"standard","meta":{"footnotes":""},"categories":[117],"tags":[33,31,30,72,476,118,32,119,3885,477],"class_list":{"0":"post-65427","1":"post","2":"type-post","3":"status-publish","4":"format-standard","5":"has-post-thumbnail","7":"category-luonto","8":"tag-fi","9":"tag-finland","10":"tag-finnish","11":"tag-luonto","12":"tag-nature","13":"tag-science","14":"tag-suomi","15":"tag-tiede","16":"tag-tyrvaan-sanomat","17":"tag-wildlife"},"share_on_mastodon":{"url":"","error":""},"_links":{"self":[{"href":"https:\/\/www.europesays.com\/fi\/wp-json\/wp\/v2\/posts\/65427","targetHints":{"allow":["GET"]}}],"collection":[{"href":"https:\/\/www.europesays.com\/fi\/wp-json\/wp\/v2\/posts"}],"about":[{"href":"https:\/\/www.europesays.com\/fi\/wp-json\/wp\/v2\/types\/post"}],"author":[{"embeddable":true,"href":"https:\/\/www.europesays.com\/fi\/wp-json\/wp\/v2\/users\/2"}],"replies":[{"embeddable":true,"href":"https:\/\/www.europesays.com\/fi\/wp-json\/wp\/v2\/comments?post=65427"}],"version-history":[{"count":0,"href":"https:\/\/www.europesays.com\/fi\/wp-json\/wp\/v2\/posts\/65427\/revisions"}],"wp:featuredmedia":[{"embeddable":true,"href":"https:\/\/www.europesays.com\/fi\/wp-json\/wp\/v2\/media\/65428"}],"wp:attachment":[{"href":"https:\/\/www.europesays.com\/fi\/wp-json\/wp\/v2\/media?parent=65427"}],"wp:term":[{"taxonomy":"category","embeddable":true,"href":"https:\/\/www.europesays.com\/fi\/wp-json\/wp\/v2\/categories?post=65427"},{"taxonomy":"post_tag","embeddable":true,"href":"https:\/\/www.europesays.com\/fi\/wp-json\/wp\/v2\/tags?post=65427"}],"curies":[{"name":"wp","href":"https:\/\/api.w.org\/{rel}","templated":true}]}}