{"id":65479,"date":"2025-10-18T10:27:08","date_gmt":"2025-10-18T10:27:08","guid":{"rendered":"https:\/\/www.europesays.com\/fi\/65479\/"},"modified":"2025-10-18T10:27:08","modified_gmt":"2025-10-18T10:27:08","slug":"parisuhde-paattyi-vakavaan-vakivaltaan-35-vuotias-insinoori-vangittiin","status":"publish","type":"post","link":"https:\/\/www.europesays.com\/fi\/65479\/","title":{"rendered":"Parisuhde p\u00e4\u00e4ttyi vakavaan v\u00e4kivaltaan: 35-vuotias insin\u00f6\u00f6ri vangittiin"},"content":{"rendered":"<p>35-vuotias insin\u00f6\u00f6rimies vangittiin naisyst\u00e4v\u00e4ns\u00e4 taposta ep\u00e4iltyn\u00e4.<\/p>\n<p><img decoding=\"async\" class=\"image image-show image-preview\" src=\"https:\/\/www.europesays.com\/fi\/wp-content\/uploads\/2025\/10\/34c75e0d2eadfc5186cf0a26c1259f1e05faf5fc1dd3faa41e19b24aab5d7bb1.jpg\" alt=\"\"\/><img decoding=\"async\" class=\"image image-show\" src=\"https:\/\/www.europesays.com\/fi\/wp-content\/uploads\/2025\/10\/1760783228_391_34c75e0d2eadfc5186cf0a26c1259f1e05faf5fc1dd3faa41e19b24aab5d7bb1.jpg\" alt=\"\"\/><\/p>\n<p>Naisyst\u00e4v\u00e4ns\u00e4 taposta ep\u00e4ilty mies otettiin kiinni asunnostaan tiistaina 14. lokakuuta. Kuvituskuva. Inka Soveri<\/p>\n<p class=\"paragraph\">Naisyst\u00e4v\u00e4ns\u00e4 taposta ep\u00e4ilty 35-vuotias insin\u00f6\u00f6rimies on vangittu. Poliisi ep\u00e4ilee, ett\u00e4 mies tappoi 46-vuotiaan naisen asunnossaan Pit\u00e4j\u00e4nm\u00e4en Reimarlassa viime tiistaina.<\/p>\n<p class=\"paragraph\">Helsingin k\u00e4r\u00e4j\u00e4oikeus k\u00e4sitteli vangitsemisvaatimusta lauantaina aamup\u00e4iv\u00e4st\u00e4. Istunnon alussa oikeuden puheenjohtaja kysyi ep\u00e4illylt\u00e4 t\u00e4m\u00e4n mielipidett\u00e4 kuvaamisesta.<\/p>\n<p class=\"paragraph\">\u2013 Min\u00e4 en haluaisi, ett\u00e4 kuvataan, sanoi mies pidellen huppua kasvojensa suojana.<\/p>\n<p class=\"paragraph\">H\u00e4n istui hermostuneen oloisena avustajansa vierell\u00e4 ja rummutti reitt\u00e4\u00e4n sormillaan.<\/p>\n<p class=\"paragraph\">Puheenjohtaja linjasi, ettei kuvata saa. Kyse on vasta alustavasta rikosep\u00e4ilyst\u00e4 eik\u00e4 ep\u00e4ilty ole julkisuuden henkil\u00f6, p\u00e4\u00e4t\u00f6st\u00e4 perusteltiin.<\/p>\n<p class=\"paragraph\">Istunnon p\u00e4\u00e4tteeksi k\u00e4r\u00e4j\u00e4oikeus katsoi, ett\u00e4 asiassa on todenn\u00e4k\u00f6isi\u00e4 syit\u00e4 ep\u00e4ill\u00e4 miest\u00e4 taposta. H\u00e4net m\u00e4\u00e4r\u00e4ttiin vangittavaksi.<\/p>\n<p class=\"paragraph\">Tutkinnanjohtaja, rikoskomisario <strong>Tuomas Lindholm<\/strong> kertoi Iltalehdelle istunnon p\u00e4\u00e4tteeksi, ettei mies ole juuri rikosep\u00e4ily\u00e4 kommentoinut tai tiistai-illan tapahtumia avannut.<\/p>\n<p class=\"paragraph\">\u2013 Meid\u00e4n k\u00e4sityksemme mukaan asunnolla ei ole ollut muita kuin he kaksi.<\/p>\n<p>Poliisi: Vakavaa v\u00e4kivaltaa<\/p>\n<p class=\"paragraph\">Henkirikos paljastui noin puoli kymmenen aikoihin tiistai-iltana 14. lokakuuta, kun sivullisen ilmoittivat havainnoistaan h\u00e4t\u00e4keskukseen. Naapuruston asukkaat Pit\u00e4j\u00e4nm\u00e4en Reimarlassa olivat kuulleet miehen asunnosta poikkeuksellista mekkalaa.<\/p>\n<p class=\"paragraph\">Nainen l\u00f6ytyi miesyst\u00e4v\u00e4ns\u00e4 asunnosta elottomana. H\u00e4n kuoli elvytysyrityksist\u00e4 huolimatta. Viranomaiset ottivat miehen kiinni asunnosta taposta ep\u00e4iltyn\u00e4.<\/p>\n<p class=\"paragraph\">Naisen ruumiissa oli havaittavissa ulkoiseen v\u00e4kivaltaan viittaavia vammoja. Tutkinnanjohtaja Lindholm on kuvaillut v\u00e4kivaltaa vakavaksi.<\/p>\n<p class=\"paragraph\">Poliisilla on yh\u00e4 selvityksess\u00e4 henkirikoksen tekotapa sek\u00e4 se, k\u00e4yttik\u00f6 ep\u00e4ilty v\u00e4linett\u00e4 tai v\u00e4lineit\u00e4. Ampuma-aseella tekoa ei kuitenkaan tehty.<\/p>\n<p class=\"paragraph\">Lindholmin mukaan uhri ja ep\u00e4ilty olivat \u201djonkinlaisessa seurustelusuhteessa\u201d. Ep\u00e4ilty on merkinnyt uhrin sosiaalisessa mediassa \u201dentiseksi puolisokseen\u201d.<\/p>\n<p class=\"paragraph\">Henkirikoksen motiivi on toistaiseksi pimennossa.<\/p>\n<p>Rattijuopumustuomio<\/p>\n<p>Vangitsemisvaatimusta k\u00e4sitell\u00e4\u00e4n Pasilan poliisitalolla lauantaina. Eevi Karvinen<\/p>\n<p class=\"paragraph\">35-vuotias ep\u00e4ilty on sosiaalisen mediansa perusteella valmistunut kymmenisen vuotta sitten insin\u00f6\u00f6riksi. H\u00e4n on julkaisuiden perusteella my\u00f6s innokas kalastaja.<\/p>\n<p class=\"paragraph\">Iltalehden tietojen mukaan miehell\u00e4 ei ole juuri rikoshistoriaa. H\u00e4net on maaliskuussa 2023 tuomittu t\u00f6rke\u00e4st\u00e4 rattijuopumuksesta ja liikenneturvallisuuden vaarantamisesta muutaman kuukauden mittaiseen ehdolliseen vankeusrangaistukseen.<\/p>\n<p class=\"paragraph\">Mies oli tuomion mukaan ajanut Keh\u00e4 I:ll\u00e4 varsin p\u00e4ihtyneen\u00e4: veren alkoholipitoisuus oli ajon j\u00e4lkeen 2,76 promillea. Mies poukkoili kaistoilla, oli l\u00e4hell\u00e4 t\u00f6rm\u00e4t\u00e4 toisiin ajoneuvoihin ja n\u00e4ytti vilkkua v\u00e4\u00e4r\u00e4\u00e4n suuntaan.<\/p>\n<p class=\"paragraph\">Vankeusrangaistuksen sijasta mies m\u00e4\u00e4r\u00e4ttiin suorittamaan 105 tuntia yhdyskuntapalvelua. Tuomiosta ilmenee my\u00f6s, ett\u00e4 noihin aikoihin mies hakeutui p\u00e4ihdepoliklinikalle.<\/p>\n<p class=\"paragraph\">Henkirikoksen uhrina kuolleella naisella ei ole rikostaustaa lainkaan, ainakaan 10 viime vuodelta.<\/p>\n<p class=\"paragraph\">Iltalehden tietojen mukaan nainen on vuosien saatossa ty\u00f6skennellyt muun muassa ulkoministeri\u00f6n palveluksessa sek\u00e4 suurl\u00e4hetyst\u00f6iss\u00e4 esimerkiksi Pohjois- ja Etel\u00e4-Amerikassa, Aasiassa ja Afrikassa.<\/p>\n","protected":false},"excerpt":{"rendered":"35-vuotias insin\u00f6\u00f6rimies vangittiin naisyst\u00e4v\u00e4ns\u00e4 taposta ep\u00e4iltyn\u00e4. Naisyst\u00e4v\u00e4ns\u00e4 taposta ep\u00e4ilty mies otettiin kiinni asunnostaan tiistaina 14. lokakuuta. Kuvituskuva. Inka&hellip;\n","protected":false},"author":2,"featured_media":65480,"comment_status":"","ping_status":"","sticky":false,"template":"","format":"standard","meta":{"footnotes":""},"categories":[5],"tags":[35,22,23,26,27,33,31,30,17,39,53,24,25,28,29,15,18,21,52,38,32,19,20,16,37],"class_list":{"0":"post-65479","1":"post","2":"type-post","3":"status-publish","4":"format-standard","5":"has-post-thumbnail","7":"category-otsikot","8":"tag-24h","9":"tag-breaking-news","10":"tag-breakingnews","11":"tag-featured-news","12":"tag-featurednews","13":"tag-fi","14":"tag-finland","15":"tag-finnish","16":"tag-headlines","17":"tag-henkirikos","18":"tag-laki-oikeus-ja-rikos","19":"tag-latest-news","20":"tag-latestnews","21":"tag-main-news","22":"tag-mainnews","23":"tag-news","24":"tag-otsikot","25":"tag-paauutiset","26":"tag-poliisi","27":"tag-rikos","28":"tag-suomi","29":"tag-top-stories","30":"tag-topstories","31":"tag-uutiset","32":"tag-vakivaltarikokset"},"share_on_mastodon":{"url":"","error":""},"_links":{"self":[{"href":"https:\/\/www.europesays.com\/fi\/wp-json\/wp\/v2\/posts\/65479","targetHints":{"allow":["GET"]}}],"collection":[{"href":"https:\/\/www.europesays.com\/fi\/wp-json\/wp\/v2\/posts"}],"about":[{"href":"https:\/\/www.europesays.com\/fi\/wp-json\/wp\/v2\/types\/post"}],"author":[{"embeddable":true,"href":"https:\/\/www.europesays.com\/fi\/wp-json\/wp\/v2\/users\/2"}],"replies":[{"embeddable":true,"href":"https:\/\/www.europesays.com\/fi\/wp-json\/wp\/v2\/comments?post=65479"}],"version-history":[{"count":0,"href":"https:\/\/www.europesays.com\/fi\/wp-json\/wp\/v2\/posts\/65479\/revisions"}],"wp:featuredmedia":[{"embeddable":true,"href":"https:\/\/www.europesays.com\/fi\/wp-json\/wp\/v2\/media\/65480"}],"wp:attachment":[{"href":"https:\/\/www.europesays.com\/fi\/wp-json\/wp\/v2\/media?parent=65479"}],"wp:term":[{"taxonomy":"category","embeddable":true,"href":"https:\/\/www.europesays.com\/fi\/wp-json\/wp\/v2\/categories?post=65479"},{"taxonomy":"post_tag","embeddable":true,"href":"https:\/\/www.europesays.com\/fi\/wp-json\/wp\/v2\/tags?post=65479"}],"curies":[{"name":"wp","href":"https:\/\/api.w.org\/{rel}","templated":true}]}}