{"id":6577,"date":"2025-08-15T13:02:08","date_gmt":"2025-08-15T13:02:08","guid":{"rendered":"https:\/\/www.europesays.com\/fi\/6577\/"},"modified":"2025-08-15T13:02:08","modified_gmt":"2025-08-15T13:02:08","slug":"vappu-pimia-julkaisi-kuvia-maajussille-morsian-ohjelman-kulisseista","status":"publish","type":"post","link":"https:\/\/www.europesays.com\/fi\/6577\/","title":{"rendered":"Vappu Pimi\u00e4 julkaisi kuvia Maajussille morsian -ohjelman kulisseista"},"content":{"rendered":"<p><strong class=\"typography-bold\">Vappu Pimi\u00e4n juontama Maajussille morsian -ohjelma alkaa Maikkarilla maanantaina 25. elokuuta.<\/strong><\/p>\n<p>Juontaja <a class=\"underline\" data-testid=\"internal-link\" role=\"link\" data-sentry-element=\"Link\" data-sentry-component=\"InternalLink\" data-sentry-source-file=\"InternalLink.tsx\" href=\"https:\/\/www.mtvuutiset.fi\/aihe\/vappu-pimia\/2874696\" rel=\"nofollow noopener\" target=\"_blank\"><strong class=\"typography-bold\">Vappu Pimi\u00e4n<\/strong><\/a> on pit\u00e4nyt kiireisen\u00e4 t\u00e4m\u00e4n viikon <a class=\"underline\" data-testid=\"internal-link\" role=\"link\" data-sentry-element=\"Link\" data-sentry-component=\"InternalLink\" data-sentry-source-file=\"InternalLink.tsx\" href=\"https:\/\/www.mtvuutiset.fi\/aihe\/maajussille-morsian\/2889974\" rel=\"nofollow noopener\" target=\"_blank\">Maajussille morsian<\/a> -ohjelman kuvaukset. Ohjelmasta n\u00e4hd\u00e4\u00e4n t\u00e4n\u00e4 syksyn\u00e4 jo 18. tuotantokausi.<\/p>\n<p>Pimi\u00e4 julkaisi ohjelman kuvausten kulisseista Instagram-tilill\u00e4\u00e4n useita kuvia. Otoksissa n\u00e4hd\u00e4\u00e4n niin ty\u00f6ryhm\u00e4\u00e4 kuin my\u00f6s ohjelman p\u00e4\u00e4t\u00e4hti\u00e4 eli t\u00e4m\u00e4n vuoden maajusseja.<\/p>\n<p>\u2013 T\u00e4m\u00e4 viikko on vietetty hyv\u00e4ss\u00e4 seurassa, kun olen mennyt Maajussien per\u00e4ss\u00e4 taas ymp\u00e4ri Suomea! Ensi viikolla t\u00e4m\u00e4n kauden Jussit esitell\u00e4\u00e4nkin jo lehdist\u00f6lle, kuvataan viel\u00e4 yksi jakso ja sitten reilun viikon p\u00e4\u00e4st\u00e4 tekin p\u00e4\u00e4sette n\u00e4kem\u00e4\u00e4n MTV3-kanavalla, millainen rakkauden reissu t\u00e4ll\u00e4 kertaa t\u00e4st\u00e4 syntyi!Pimi\u00e4 kirjoittaa kuvakollaasin yhteyteen.\u00a0<\/p>\n<p>Kaikki kuvat n\u00e4et klikkaamalla nuolesta.<\/p>\n<p>Jos julkaisu ei n\u00e4y, voit katsoa sen <a class=\"underline\" data-testid=\"external-link\" href=\"https:\/\/www.instagram.com\/p\/DNU5twrC3C2\/?img_index=1\" rel=\"noopener noreferrer nofollow\" target=\"_blank\" data-sentry-component=\"ExternalLink\" data-sentry-source-file=\"ExternalLink.tsx\">t\u00e4st\u00e4<\/a>.\u00a0<\/p>\n<p>Lue my\u00f6s: <a class=\"underline\" data-testid=\"internal-link\" role=\"link\" data-sentry-element=\"Link\" data-sentry-component=\"InternalLink\" data-sentry-source-file=\"InternalLink.tsx\" href=\"https:\/\/www.mtvuutiset.fi\/artikkeli\/tassa-ovat-maajussille-morsian-maajussit-joiden-rakkauden-metsastysta-tulevana-syksyna-seurataan\/9196836\" rel=\"nofollow noopener\" target=\"_blank\">T\u00e4ss\u00e4 ovat Maajussille morsian -maajussit, joiden rakkauden mets\u00e4styst\u00e4 tulevana syksyn\u00e4 seurataan<\/a><\/p>\n<p>T\u00e4m\u00e4 vuonna Maajussille morsian -ohjelmassa seurataan, kun maajussit <strong class=\"typography-bold\">Matti<\/strong>, <strong class=\"typography-bold\">Perttu<\/strong>, <strong class=\"typography-bold\">Antti<\/strong> ja <strong class=\"typography-bold\">Ville<\/strong> etsiv\u00e4t rakkautta. My\u00f6s <a class=\"underline\" data-testid=\"internal-link\" role=\"link\" data-sentry-element=\"Link\" data-sentry-component=\"InternalLink\" data-sentry-source-file=\"InternalLink.tsx\" href=\"https:\/\/www.mtvuutiset.fi\/aihe\/maajussille-morsian-kaikki-tarinat\/8717540\" rel=\"nofollow noopener\" target=\"_blank\">Maajussille morsian: Kaikki tarinat<\/a> -sarjassa n\u00e4hd\u00e4\u00e4n suuria tunteita, ja ohjelmassa ovat mukana <strong class=\"typography-bold\">Miia<\/strong>, <strong class=\"typography-bold\">Pia<\/strong>, <strong class=\"typography-bold\">Ritva<\/strong> ja <strong class=\"typography-bold\">Tuomas<\/strong>.\u00a0<\/p>\n<p><strong class=\"typography-bold\">Maajussille morsian\u00a0<\/strong><a class=\"underline\" data-testid=\"external-link\" href=\"https:\/\/www.mtv.fi\/ohjelma\/8961570ec8f2b9a6e0d5\/maajussille-morsian\" rel=\"noopener noreferrer nofollow\" target=\"_blank\" data-sentry-component=\"ExternalLink\" data-sentry-source-file=\"ExternalLink.tsx\"><strong class=\"typography-bold\">MTV Katsomossa<\/strong><\/a><strong class=\"typography-bold\"> ja MTV3-kanavalla ma 25.8. klo 20 alkaen.<\/strong><br \/><strong class=\"typography-bold\">MTV Katsomo+ -tilauksella ma 25.8. katsottavissa jaksot 1-3.<\/strong><\/p>\n<p><strong class=\"typography-bold\">Maajussille morsian: Kaikki tarinat\u00a0<\/strong><a class=\"underline\" data-testid=\"external-link\" href=\"https:\/\/www.mtv.fi\/ohjelma\/ed307b77b039e2399e4f\/maajussille-morsian-kaikki-tarinat\" rel=\"noopener noreferrer nofollow\" target=\"_blank\" data-sentry-component=\"ExternalLink\" data-sentry-source-file=\"ExternalLink.tsx\"><strong class=\"typography-bold\">MTV Katsomossa<\/strong><\/a><strong class=\"typography-bold\"> ke 17.9. alkaen.<\/strong><br \/><strong class=\"typography-bold\">MTV Katsomo+ -tilauksella ke 17.9. katsottavissa jaksot 1-3.\u00a0<\/strong><\/p>\n<p><script async src=\"\/\/www.instagram.com\/embed.js\"><\/script><\/p>\n","protected":false},"excerpt":{"rendered":"Vappu Pimi\u00e4n juontama Maajussille morsian -ohjelma alkaa Maikkarilla maanantaina 25. elokuuta. Juontaja Vappu Pimi\u00e4n on pit\u00e4nyt kiireisen\u00e4 t\u00e4m\u00e4n&hellip;\n","protected":false},"author":2,"featured_media":6578,"comment_status":"","ping_status":"","sticky":false,"template":"","format":"standard","meta":{"footnotes":""},"categories":[133],"tags":[137,33,31,30,32,206,156,109],"class_list":{"0":"post-6577","1":"post","2":"type-post","3":"status-publish","4":"format-standard","5":"has-post-thumbnail","7":"category-televisiot","8":"tag-entertainment","9":"tag-fi","10":"tag-finland","11":"tag-finnish","12":"tag-suomi","13":"tag-televisiot","14":"tag-tv","15":"tag-viihde"},"share_on_mastodon":{"url":"","error":""},"_links":{"self":[{"href":"https:\/\/www.europesays.com\/fi\/wp-json\/wp\/v2\/posts\/6577","targetHints":{"allow":["GET"]}}],"collection":[{"href":"https:\/\/www.europesays.com\/fi\/wp-json\/wp\/v2\/posts"}],"about":[{"href":"https:\/\/www.europesays.com\/fi\/wp-json\/wp\/v2\/types\/post"}],"author":[{"embeddable":true,"href":"https:\/\/www.europesays.com\/fi\/wp-json\/wp\/v2\/users\/2"}],"replies":[{"embeddable":true,"href":"https:\/\/www.europesays.com\/fi\/wp-json\/wp\/v2\/comments?post=6577"}],"version-history":[{"count":0,"href":"https:\/\/www.europesays.com\/fi\/wp-json\/wp\/v2\/posts\/6577\/revisions"}],"wp:featuredmedia":[{"embeddable":true,"href":"https:\/\/www.europesays.com\/fi\/wp-json\/wp\/v2\/media\/6578"}],"wp:attachment":[{"href":"https:\/\/www.europesays.com\/fi\/wp-json\/wp\/v2\/media?parent=6577"}],"wp:term":[{"taxonomy":"category","embeddable":true,"href":"https:\/\/www.europesays.com\/fi\/wp-json\/wp\/v2\/categories?post=6577"},{"taxonomy":"post_tag","embeddable":true,"href":"https:\/\/www.europesays.com\/fi\/wp-json\/wp\/v2\/tags?post=6577"}],"curies":[{"name":"wp","href":"https:\/\/api.w.org\/{rel}","templated":true}]}}