{"id":66106,"date":"2025-10-19T05:07:27","date_gmt":"2025-10-19T05:07:27","guid":{"rendered":"https:\/\/www.europesays.com\/fi\/66106\/"},"modified":"2025-10-19T05:07:27","modified_gmt":"2025-10-19T05:07:27","slug":"lukijan-luontokuvat-muuttolintuja-ja-tunnelmallisia-maisemia-katso-kuvat-paikalliset","status":"publish","type":"post","link":"https:\/\/www.europesays.com\/fi\/66106\/","title":{"rendered":"Lukijan luontokuvat | Muuttolintuja ja tunnelmallisia maisemia \u2013 Katso kuvat! | Paikalliset"},"content":{"rendered":"<p>L\u00e4het\u00e4 sin\u00e4kin ottamasi luontokuva tai Saimaa-aiheinen kuva julkaistavaksi It\u00e4-Savon julkaisukanavissa. Osoite on luontohavainnot@ita-savo.fi. Muista kertoa v\u00e4hint\u00e4\u00e4n kuvaajan nimi ja kuvauspaikka. Jos kuvassa n\u00e4kyy tunnistettavia ihmisi\u00e4, varmista, ett\u00e4 on lupa julkaista kuva.<\/p>\n<p>\t\t<a class=\"diks-gallery__link\" href=\"https:\/\/i.media.fi\/incoming\/1g3osr\/11097251.jpg\/alternates\/FREE_1440\/11097251.jpg\" data-thumbnail=\"\" data-sub-html=\"Savonrannan V\u00e4\u00e4r\u00e4j\u00e4rvi, kaunis aikainen aamu. Lukijan kuva \/ Tarja Pakarinen\" aria-label=\"Katso isompi kuva\" rel=\"nofollow noopener\" target=\"_blank\"><br \/>\n\t\t\t\t<img class=\"diks-figure__image\" src=\"https:\/\/www.europesays.com\/fi\/wp-content\/uploads\/2025\/10\/11097251.jpg\" loading=\"lazy\" decoding=\"sync\" alt=\"\"\/><\/p>\n<p>\t\t\t<\/a><br \/>\n\t\t\t\t\tSavonrannan V\u00e4\u00e4r\u00e4j\u00e4rvi, kaunis aikainen aamu. Lukijan kuva \/ Tarja Pakarinen<\/p>\n<p>\t\t<a class=\"diks-gallery__link\" href=\"https:\/\/i.media.fi\/incoming\/nogppu\/11097407.jpg\/alternates\/FREE_1440\/11097407.jpg\" data-thumbnail=\"\" data-sub-html=\"Viel\u00e4 10.10. n\u00e4kyi joutsenten muuttoparvia taivaalla Savonlinnassa. Lukijan kuva \/ Anita Mouhu\" aria-label=\"Katso isompi kuva\" rel=\"nofollow noopener\" target=\"_blank\"><br \/>\n\t\t\t\t<img class=\"diks-figure__image\" src=\"https:\/\/www.europesays.com\/fi\/wp-content\/uploads\/2025\/10\/11097407.jpg\" loading=\"lazy\" decoding=\"sync\" alt=\"\"\/><\/p>\n<p>\t\t\t<\/a><br \/>\n\t\t\t\t\tViel\u00e4 10.10. n\u00e4kyi joutsenten muuttoparvia taivaalla Savonlinnassa. Lukijan kuva \/ Anita Mouhu<\/p>\n<p>\t\t<a class=\"diks-gallery__link\" href=\"https:\/\/i.media.fi\/incoming\/8q2z3l\/11097419.jpg\/alternates\/FREE_1440\/11097419.jpg\" data-thumbnail=\"\" data-sub-html=\"Valtava m\u00e4\u00e4r\u00e4 valkoposkihanhia ker\u00e4\u00e4ntyi pelloille ja taivaalle lokakuun muuton yhteydess\u00e4. Lukijan kuva \/ Anita Mouhu\" aria-label=\"Katso isompi kuva\" rel=\"nofollow noopener\" target=\"_blank\"><br \/>\n\t\t\t\t<img class=\"diks-figure__image\" src=\"https:\/\/www.europesays.com\/fi\/wp-content\/uploads\/2025\/10\/11097419.jpg\" loading=\"lazy\" decoding=\"sync\" alt=\"\"\/><\/p>\n<p>\t\t\t<\/a><br \/>\n\t\t\t\t\tValtava m\u00e4\u00e4r\u00e4 valkoposkihanhia ker\u00e4\u00e4ntyi pelloille ja taivaalle lokakuun muuton yhteydess\u00e4. Lukijan kuva \/ Anita Mouhu<\/p>\n<p>\t\t<a class=\"diks-gallery__link\" href=\"https:\/\/i.media.fi\/incoming\/4n8d45\/11096960.jpg\/alternates\/FREE_1440\/11096960.jpg\" data-thumbnail=\"\" data-sub-html=\"Sienet puun rungolla Haislahden pohjukassa. Lukijan kuva \/ Raimo Paajanen\" aria-label=\"Katso isompi kuva\" rel=\"nofollow noopener\" target=\"_blank\"><br \/>\n\t\t\t\t<img class=\"diks-figure__image\" src=\"https:\/\/www.europesays.com\/fi\/wp-content\/uploads\/2025\/10\/11096960.jpg\" loading=\"lazy\" decoding=\"sync\" alt=\"\"\/><\/p>\n<p>\t\t\t<\/a><br \/>\n\t\t\t\t\tSienet puun rungolla Haislahden pohjukassa. Lukijan kuva \/ Raimo Paajanen<\/p>\n<p>\t\t<a class=\"diks-gallery__link\" href=\"https:\/\/i.media.fi\/incoming\/rflziu\/11096974.jpg\/alternates\/FREE_1440\/11096974.jpg\" data-thumbnail=\"\" data-sub-html=\"Joutsenia pellolla Kerim\u00e4ell\u00e4. Lukijan kuva \/ Timo Hyv\u00f6nen\" aria-label=\"Katso isompi kuva\" rel=\"nofollow noopener\" target=\"_blank\"><br \/>\n\t\t\t\t<img class=\"diks-figure__image\" src=\"https:\/\/www.europesays.com\/fi\/wp-content\/uploads\/2025\/10\/11096974.jpg\" loading=\"lazy\" decoding=\"sync\" alt=\"\"\/><\/p>\n<p>\t\t\t<\/a><br \/>\n\t\t\t\t\tJoutsenia pellolla Kerim\u00e4ell\u00e4. Lukijan kuva \/ Timo Hyv\u00f6nen<\/p>\n<p>\t\t<a class=\"diks-gallery__link\" href=\"https:\/\/i.media.fi\/incoming\/ldgaxa\/11097239.jpg\/alternates\/FREE_1440\/11097239.jpg\" data-thumbnail=\"\" data-sub-html=\"Lokakuun kauniit v\u00e4rit Haukivedell\u00e4.  Lukijan kuva \/ Marja Appelroth \" aria-label=\"Katso isompi kuva\" rel=\"nofollow noopener\" target=\"_blank\"><br \/>\n\t\t\t\t<img class=\"diks-figure__image\" src=\"https:\/\/www.europesays.com\/fi\/wp-content\/uploads\/2025\/10\/11097239.jpg\" loading=\"lazy\" decoding=\"sync\" alt=\"\"\/><\/p>\n<p>\t\t\t<\/a><br \/>\n\t\t\t\t\tLokakuun kauniit v\u00e4rit Haukivedell\u00e4.  Lukijan kuva \/ Marja Appelroth <\/p>\n<p>\t\t<a class=\"diks-gallery__link\" href=\"https:\/\/i.media.fi\/incoming\/seopkn\/11097247.jpg\/alternates\/FREE_1440\/11097247.jpg\" data-thumbnail=\"\" data-sub-html=\"Vuorenkilpi intoutui viel\u00e4 kukkimaan lokakuussa. Lukijan kuva \/ Marja Appelroth\u00a0\" aria-label=\"Katso isompi kuva\" rel=\"nofollow noopener\" target=\"_blank\"><br \/>\n\t\t\t\t<img class=\"diks-figure__image\" src=\"https:\/\/www.europesays.com\/fi\/wp-content\/uploads\/2025\/10\/11097247.jpg\" loading=\"lazy\" decoding=\"sync\" alt=\"\"\/><\/p>\n<p>\t\t\t<\/a><br \/>\n\t\t\t\t\tVuorenkilpi intoutui viel\u00e4 kukkimaan lokakuussa. Lukijan kuva \/ Marja Appelroth\u00a0<\/p>\n<p>\t\t<a class=\"diks-gallery__link\" href=\"https:\/\/i.media.fi\/incoming\/r72e0k\/11097340.jpg\/alternates\/FREE_1440\/11097340.jpg\" data-thumbnail=\"\" data-sub-html=\"Auringonlasku Kolovedell\u00e4. Lukijan kuva \/ Ari Aalto\" aria-label=\"Katso isompi kuva\" rel=\"nofollow noopener\" target=\"_blank\"><br \/>\n\t\t\t\t<img class=\"diks-figure__image\" src=\"https:\/\/www.europesays.com\/fi\/wp-content\/uploads\/2025\/10\/11097340.jpg\" loading=\"lazy\" decoding=\"sync\" alt=\"\"\/><\/p>\n<p>\t\t\t<\/a><br \/>\n\t\t\t\t\tAuringonlasku Kolovedell\u00e4. Lukijan kuva \/ Ari Aalto<\/p>\n<p>\t\t<a class=\"diks-gallery__link\" href=\"https:\/\/i.media.fi\/incoming\/8ate8d\/11097272.jpg\/alternates\/FREE_1440\/11097272.jpg\" data-thumbnail=\"\" data-sub-html=\"Ilta saapuu Kolovedell\u00e4. Lukijan kuva \/ Ari Aalto\" aria-label=\"Katso isompi kuva\" rel=\"nofollow noopener\" target=\"_blank\"><br \/>\n\t\t\t\t<img class=\"diks-figure__image\" src=\"https:\/\/www.europesays.com\/fi\/wp-content\/uploads\/2025\/10\/11097272.jpg\" loading=\"lazy\" decoding=\"sync\" alt=\"\"\/><\/p>\n<p>\t\t\t<\/a><br \/>\n\t\t\t\t\tIlta saapuu Kolovedell\u00e4. Lukijan kuva \/ Ari Aalto<\/p>\n<p>\t\t<a class=\"diks-gallery__link\" href=\"https:\/\/i.media.fi\/incoming\/4q9k4s\/11097354.jpg\/alternates\/FREE_1440\/11097354.jpg\" data-thumbnail=\"\" data-sub-html=\"Syksyn v\u00e4rit Pullinlahdella. Lukijan kuva \/ Teija Kiiskinen-Laitinen\u00a0\" aria-label=\"Katso isompi kuva\" rel=\"nofollow noopener\" target=\"_blank\"><br \/>\n\t\t\t\t<img class=\"diks-figure__image\" src=\"https:\/\/www.europesays.com\/fi\/wp-content\/uploads\/2025\/10\/11097354.jpg\" loading=\"lazy\" decoding=\"sync\" alt=\"\"\/><\/p>\n<p>\t\t\t<\/a><br \/>\n\t\t\t\t\tSyksyn v\u00e4rit Pullinlahdella. Lukijan kuva \/ Teija Kiiskinen-Laitinen\u00a0<\/p>\n<p>\t\t<a class=\"diks-gallery__link\" href=\"https:\/\/i.media.fi\/incoming\/ud87c4\/11097363.jpg\/alternates\/FREE_1440\/11097363.jpg\" data-thumbnail=\"\" data-sub-html=\"Syd\u00e4nlehti Savonrannalla. Lukijan kuva \/ Timo Hyv\u00f6nen\" aria-label=\"Katso isompi kuva\" rel=\"nofollow noopener\" target=\"_blank\"><br \/>\n\t\t\t\t<img class=\"diks-figure__image\" src=\"https:\/\/www.europesays.com\/fi\/wp-content\/uploads\/2025\/10\/11097363.jpg\" loading=\"lazy\" decoding=\"sync\" alt=\"\"\/><\/p>\n<p>\t\t\t<\/a><br \/>\n\t\t\t\t\tSyd\u00e4nlehti Savonrannalla. Lukijan kuva \/ Timo Hyv\u00f6nen<\/p>\n<p>\t\t<a class=\"diks-gallery__link\" href=\"https:\/\/i.media.fi\/incoming\/lmal6d\/11097401.jpg\/alternates\/FREE_1440\/11097401.jpg\" data-thumbnail=\"\" data-sub-html=\"Rantasalmella 11.10. tammi syyspuvussaan. Lukijan kuva \/ Reijo Helin\" aria-label=\"Katso isompi kuva\" rel=\"nofollow noopener\" target=\"_blank\"><br \/>\n\t\t\t\t<img class=\"diks-figure__image\" src=\"https:\/\/www.europesays.com\/fi\/wp-content\/uploads\/2025\/10\/11097401.jpg\" loading=\"lazy\" decoding=\"sync\" alt=\"\"\/><\/p>\n<p>\t\t\t<\/a><br \/>\n\t\t\t\t\tRantasalmella 11.10. tammi syyspuvussaan. Lukijan kuva \/ Reijo Helin<\/p>\n<p>\t\t<a class=\"diks-gallery__link\" href=\"https:\/\/i.media.fi\/incoming\/9dq7wz\/11097404.jpg\/alternates\/FREE_1440\/11097404.jpg\" data-thumbnail=\"\" data-sub-html=\"Kaunis ruska V\u00e4\u00e4r\u00e4nsaaren maisemassa. Lukijan kuva \/ Pirjo Airas \" aria-label=\"Katso isompi kuva\" rel=\"nofollow noopener\" target=\"_blank\"><br \/>\n\t\t\t\t<img class=\"diks-figure__image\" src=\"https:\/\/www.europesays.com\/fi\/wp-content\/uploads\/2025\/10\/11097404.jpg\" loading=\"lazy\" decoding=\"sync\" alt=\"\"\/><\/p>\n<p>\t\t\t<\/a><br \/>\n\t\t\t\t\tKaunis ruska V\u00e4\u00e4r\u00e4nsaaren maisemassa. Lukijan kuva \/ Pirjo Airas <\/p>\n<p>\t\t<a class=\"diks-gallery__link\" href=\"https:\/\/i.media.fi\/incoming\/bofgk4\/11097422.jpg\/alternates\/FREE_1440\/11097422.jpg\" data-thumbnail=\"\" data-sub-html=\"Olavinlinna syksyisen\u00e4 pime\u00e4n\u00e4 iltana. P\u00e4iv\u00e4t vaan lyhenev\u00e4t... Lukijan kuva \/ Anita Mouhu\" aria-label=\"Katso isompi kuva\" rel=\"nofollow noopener\" target=\"_blank\"><br \/>\n\t\t\t\t<img class=\"diks-figure__image\" src=\"https:\/\/www.europesays.com\/fi\/wp-content\/uploads\/2025\/10\/11097422.jpg\" loading=\"lazy\" decoding=\"sync\" alt=\"\"\/><\/p>\n<p>\t\t\t<\/a><br \/>\n\t\t\t\t\tOlavinlinna syksyisen\u00e4 pime\u00e4n\u00e4 iltana. P\u00e4iv\u00e4t vaan lyhenev\u00e4t&#8230; Lukijan kuva \/ Anita Mouhu<\/p>\n<p>\t\t<a class=\"diks-gallery__link\" href=\"https:\/\/i.media.fi\/incoming\/k26w6d\/11097425.jpg\/alternates\/FREE_1440\/11097425.jpg\" data-thumbnail=\"\" data-sub-html=\"Ruskaa Savonlinnan vanhassa kaupungissa. Lukijan kuva \/ Anita Mouhu\" aria-label=\"Katso isompi kuva\" rel=\"nofollow noopener\" target=\"_blank\"><br \/>\n\t\t\t\t<img class=\"diks-figure__image\" src=\"https:\/\/www.europesays.com\/fi\/wp-content\/uploads\/2025\/10\/11097425.jpg\" loading=\"lazy\" decoding=\"sync\" alt=\"\"\/><\/p>\n<p>\t\t\t<\/a><br \/>\n\t\t\t\t\tRuskaa Savonlinnan vanhassa kaupungissa. Lukijan kuva \/ Anita Mouhu<\/p>\n<p>\t\t<a class=\"diks-gallery__link\" href=\"https:\/\/i.media.fi\/incoming\/c5uew4\/11097427.jpg\/alternates\/FREE_1440\/11097427.jpg\" data-thumbnail=\"\" data-sub-html=\"Rantak\u00e4\u00e4rme Pitk\u00e4ll\u00e4sillalla 9.10.2025. Lukijan kuva \/ Heli Tiet\u00e4v\u00e4inen\" aria-label=\"Katso isompi kuva\" rel=\"nofollow noopener\" target=\"_blank\"><br \/>\n\t\t\t\t<img class=\"diks-figure__image\" src=\"https:\/\/www.europesays.com\/fi\/wp-content\/uploads\/2025\/10\/11097427.jpg\" loading=\"lazy\" decoding=\"sync\" alt=\"\"\/><\/p>\n<p>\t\t\t<\/a><br \/>\n\t\t\t\t\tRantak\u00e4\u00e4rme Pitk\u00e4ll\u00e4sillalla 9.10.2025. Lukijan kuva \/ Heli Tiet\u00e4v\u00e4inen<\/p>\n<p>\t\t<a class=\"diks-gallery__link\" href=\"https:\/\/i.media.fi\/incoming\/44zsbn\/11097429.jpg\/alternates\/FREE_1440\/11097429.jpg\" data-thumbnail=\"\" data-sub-html=\"Upea harakka hienossa v\u00e4rityksess\u00e4 ja h\u00f6yhenp\u00f6ksyiss\u00e4 13.10. Haislahdessa. Lukijan kuva \/ Kaija Kokkonen\" aria-label=\"Katso isompi kuva\" rel=\"nofollow noopener\" target=\"_blank\"><br \/>\n\t\t\t\t<img class=\"diks-figure__image\" src=\"https:\/\/www.europesays.com\/fi\/wp-content\/uploads\/2025\/10\/11097429.jpg\" loading=\"lazy\" decoding=\"sync\" alt=\"\"\/><\/p>\n<p>\t\t\t<\/a><br \/>\n\t\t\t\t\tUpea harakka hienossa v\u00e4rityksess\u00e4 ja h\u00f6yhenp\u00f6ksyiss\u00e4 13.10. Haislahdessa. Lukijan kuva \/ Kaija Kokkonen<\/p>\n<p>\t\t<a class=\"diks-gallery__link\" href=\"https:\/\/i.media.fi\/incoming\/magopt\/11100021.jpg\/alternates\/FREE_1440\/11100021.jpg\" data-thumbnail=\"\" data-sub-html=\"Korpikuusen kannon alla on M\u00f6rrim\u00f6ykyn kolo, ja siell\u00e4 on koti... L\u00f6ytyy Talvisalon mets\u00e4st\u00e4. Lukijan kuva \/ Irja Lyytik\u00e4inen\" aria-label=\"Katso isompi kuva\" rel=\"nofollow noopener\" target=\"_blank\"><br \/>\n\t\t\t\t<img class=\"diks-figure__image\" src=\"https:\/\/www.europesays.com\/fi\/wp-content\/uploads\/2025\/10\/11100021.jpg\" loading=\"lazy\" decoding=\"sync\" alt=\"\"\/><\/p>\n<p>\t\t\t<\/a><br \/>\n\t\t\t\t\tKorpikuusen kannon alla on M\u00f6rrim\u00f6ykyn kolo, ja siell\u00e4 on koti&#8230; L\u00f6ytyy Talvisalon mets\u00e4st\u00e4. Lukijan kuva \/ Irja Lyytik\u00e4inen<\/p>\n<p>\t\t<a class=\"diks-gallery__link\" href=\"https:\/\/i.media.fi\/incoming\/gq1rl0\/11100024.jpg\/alternates\/FREE_1440\/11100024.jpg\" data-thumbnail=\"\" data-sub-html=\"Punalehtiruusun marjoja Talvisalon pururadan reunassa. Lukijan kuva \/ Irja Lyytik\u00e4inen\" aria-label=\"Katso isompi kuva\" rel=\"nofollow noopener\" target=\"_blank\"><br \/>\n\t\t\t\t<img class=\"diks-figure__image\" src=\"https:\/\/www.europesays.com\/fi\/wp-content\/uploads\/2025\/10\/11100024.jpg\" loading=\"lazy\" decoding=\"sync\" alt=\"\"\/><\/p>\n<p>\t\t\t<\/a><br \/>\n\t\t\t\t\tPunalehtiruusun marjoja Talvisalon pururadan reunassa. Lukijan kuva \/ Irja Lyytik\u00e4inen<\/p>\n","protected":false},"excerpt":{"rendered":"L\u00e4het\u00e4 sin\u00e4kin ottamasi luontokuva tai Saimaa-aiheinen kuva julkaistavaksi It\u00e4-Savon julkaisukanavissa. Osoite on luontohavainnot@ita-savo.fi. Muista kertoa v\u00e4hint\u00e4\u00e4n kuvaajan nimi&hellip;\n","protected":false},"author":2,"featured_media":66107,"comment_status":"","ping_status":"","sticky":false,"template":"","format":"standard","meta":{"footnotes":""},"categories":[117],"tags":[404,33,31,30,4095,72,406,476,2375,118,591,32,119,477,534],"class_list":{"0":"post-66106","1":"post","2":"type-post","3":"status-publish","4":"format-standard","5":"has-post-thumbnail","7":"category-luonto","8":"tag-elaimet","9":"tag-fi","10":"tag-finland","11":"tag-finnish","12":"tag-lukijan-saimaa","13":"tag-luonto","14":"tag-luontovalokuvaus","15":"tag-nature","16":"tag-saimaa-jarvi","17":"tag-science","18":"tag-selkarankaiset","19":"tag-suomi","20":"tag-tiede","21":"tag-wildlife","22":"tag-ymparisto-ja-luonto"},"share_on_mastodon":{"url":"","error":""},"_links":{"self":[{"href":"https:\/\/www.europesays.com\/fi\/wp-json\/wp\/v2\/posts\/66106","targetHints":{"allow":["GET"]}}],"collection":[{"href":"https:\/\/www.europesays.com\/fi\/wp-json\/wp\/v2\/posts"}],"about":[{"href":"https:\/\/www.europesays.com\/fi\/wp-json\/wp\/v2\/types\/post"}],"author":[{"embeddable":true,"href":"https:\/\/www.europesays.com\/fi\/wp-json\/wp\/v2\/users\/2"}],"replies":[{"embeddable":true,"href":"https:\/\/www.europesays.com\/fi\/wp-json\/wp\/v2\/comments?post=66106"}],"version-history":[{"count":0,"href":"https:\/\/www.europesays.com\/fi\/wp-json\/wp\/v2\/posts\/66106\/revisions"}],"wp:featuredmedia":[{"embeddable":true,"href":"https:\/\/www.europesays.com\/fi\/wp-json\/wp\/v2\/media\/66107"}],"wp:attachment":[{"href":"https:\/\/www.europesays.com\/fi\/wp-json\/wp\/v2\/media?parent=66106"}],"wp:term":[{"taxonomy":"category","embeddable":true,"href":"https:\/\/www.europesays.com\/fi\/wp-json\/wp\/v2\/categories?post=66106"},{"taxonomy":"post_tag","embeddable":true,"href":"https:\/\/www.europesays.com\/fi\/wp-json\/wp\/v2\/tags?post=66106"}],"curies":[{"name":"wp","href":"https:\/\/api.w.org\/{rel}","templated":true}]}}