{"id":66108,"date":"2025-10-19T05:21:11","date_gmt":"2025-10-19T05:21:11","guid":{"rendered":"https:\/\/www.europesays.com\/fi\/66108\/"},"modified":"2025-10-19T05:21:11","modified_gmt":"2025-10-19T05:21:11","slug":"tanaan-tvssa-tamahan-on-kuin-elama-pienoiskoossa-upea-kotimainen-elokuva-vuodelta-2022","status":"publish","type":"post","link":"https:\/\/www.europesays.com\/fi\/66108\/","title":{"rendered":"T\u00e4n\u00e4\u00e4n tv:ss\u00e4: T\u00e4m\u00e4h\u00e4n on kuin el\u00e4m\u00e4 pienoiskoossa! Upea kotimainen elokuva vuodelta 2022"},"content":{"rendered":"<p>T\u00e4n\u00e4\u00e4n n\u00e4hd\u00e4\u00e4n televisiossa <strong>Klaus H\u00e4r\u00f6n<\/strong> ohjaama vuonna 2022 valmistunut elokuva Rakkaani merikapteeni.<\/p>\n<p>Howard (<strong>James Cosmo<\/strong>) on omiin oloihinsa vet\u00e4ytynyt entinen merimies, josta keski-ik\u00e4inen tyt\u00e4r Grace (<strong>Catherine Walker<\/strong>) pit\u00e4\u00e4 huolta. Howardin vastustuksesta huolimatta tyt\u00e4r palkkaa is\u00e4ns\u00e4 avuksi kodinhoitajan, jo el\u00e4keik\u00e4isen Annien (<strong>Br\u00edd Brennan<\/strong>). Howard yritt\u00e4\u00e4 aluksi ajaa Annien matkoihinsa, mutta avautuu v\u00e4hitellen viimeisen rakkauden mahdollisuudelle.<\/p>\n<p>Rakkaani merikapteeni (englanniksi My Sailor, My Love) vie pienen irlantilaiskyl\u00e4n jylhiin maisemiin. Valtoimenaan kallioihin iskeytyv\u00e4 meri ja raaka tuuli heijastavat niit\u00e4 ristiriitaisia tunteita, joita is\u00e4n ja tytt\u00e4ren v\u00e4lill\u00e4 ei ole koskaan ilmaistu. Kumpikaan ei osaa k\u00e4sitell\u00e4 menneisyytt\u00e4 eik\u00e4 kohdata toistaan nykyisyydess\u00e4.<\/p>\n<p>Kun Grace oli lapsi, pakeni Howard perheen kaoottista el\u00e4m\u00e4\u00e4 merille. Sill\u00e4 v\u00e4lin Grace hoivasi sairasta \u00e4iti\u00e4\u00e4n. Gracesta tuli aikuisena sairaanhoitaja ja my\u00f6s is\u00e4ns\u00e4 hoivaaja, mutta tukahdutetut vihan tunteet nousevat hallitsemattomina pintaan, kun Howard rakastuu Annieen ja alkaa viett\u00e4\u00e4 aikaa t\u00e4m\u00e4n perheen kanssa.<\/p>\n<p>Rakkaani merikapteeni on elokuva uudesta alusta ja viimeisest\u00e4 rakkaudesta, mutta my\u00f6s el\u00e4m\u00e4tt\u00f6m\u00e4st\u00e4 el\u00e4m\u00e4st\u00e4 ja katkeruuden tummasta laahuksesta. Elokuva kertoo my\u00f6s lapsen hylk\u00e4\u00e4misen kokemuksesta ja sen vaikutuksesta loppuel\u00e4m\u00e4\u00e4n, kyvytt\u00f6myydest\u00e4 antaa anteeksi ja alitajuisista valinnoista, joilla voi olla kauaskantoiset seuraukset.<\/p>\n<p>Lue my\u00f6s: <a href=\"https:\/\/www.episodi.fi\/uutiset\/ensimmainen-suomalainen-netflix-elokuva-on-neljan-tahden-rikoskomedia-eero-ritala-on-mainio-paaroolissa\/\" title=\"Ensimm\u00e4inen suomalainen Netflix-elokuva on nelj\u00e4n t\u00e4hden rikoskomedia \u2013 Eero Ritala on mainio p\u00e4\u00e4roolissa\" class=\"underline-custom !font-montserrat !font-bold !underline-offset-4 !decoration-4 !decoration-episodi-blue !text-md\" rel=\"nofollow noopener\" target=\"_blank\">Ensimm\u00e4inen suomalainen Netflix-elokuva on nelj\u00e4n t\u00e4hden rikoskomedia \u2013 Eero Ritala on mainio p\u00e4\u00e4roolissa<\/a><\/p>\n<p>Klaus H\u00e4r\u00f6n taitavasti ohjaama koskettava ja monikerroksinen draama vy\u00f6rytt\u00e4\u00e4 katsojan eteen koko el\u00e4m\u00e4n tunteiden kirjon. Rakkaani merikapteeni kuvaa ihmisen\u00e4 olemisen vaikeutta, kauneutta ja surua, pelkoa ja yksin\u00e4isyytt\u00e4. Elokuvassa tavoitetaan hienosti el\u00e4m\u00e4n hauraus, vanhemmuuden vaikeus ja se, kuinka vaikeaa on joskus olla l\u00e4sn\u00e4 niille, jotka ovat aivan l\u00e4hell\u00e4.<\/p>\n<p><strong>Kirsi Vikmanin<\/strong> ja <strong>Jimmy Karlssonin<\/strong> hieno k\u00e4sikirjoitus tekee draamasta el\u00e4m\u00e4nmakuisen ja luontevan. Tarinassa on useita kerroksia ja alavirtauksia, joiden ansiosta siit\u00e4 ei tule siirappista rakkaustarinaa, vaikka elokuvassa n\u00e4hd\u00e4\u00e4nkin useita hyvin kauniita hetki\u00e4. Eri keskushenkil\u00f6iden tarinat purkautuvat katsojalle v\u00e4hitellen, ja mit\u00e4 enemm\u00e4n henkil\u00f6ist\u00e4 oppii, sit\u00e4 enemm\u00e4n heid\u00e4n n\u00e4k\u00f6kulmaansa alkaa ymm\u00e4rt\u00e4\u00e4.<\/p>\n<p>Rakkaani merikapteeni on kokonaisuutena kuin eletty el\u00e4m\u00e4 pienoiskoossa niiden tunteiden ja kokemusten kautta, joita p\u00e4\u00e4henkil\u00f6t kantavat mukanaan. Elokuvassa el\u00e4ydyt\u00e4\u00e4n useisiin tulkintoihin ja n\u00e4k\u00f6kulmiin, joita eri ihmiset voivat samasta tilanteesta tehd\u00e4.<\/p>\n<p>James Cosmo on \u00e4reyden takaa lempeyden l\u00f6yt\u00e4v\u00e4n merikapteenin roolissa niin taitava, ett\u00e4 h\u00e4nen tilalleen on mahdotonta kuvitella ket\u00e4\u00e4n muuta. Catherine Walker tavoittaa hienosti Gracen pid\u00e4ttelem\u00e4t tunteet, jotka pyrkiv\u00e4t pintaan, ja Br\u00edd Brennan Anniena on kerrassaan hurmaava.<\/p>\n<p>Rakkaani merikapteeni esitet\u00e4\u00e4n Teemalla sunnuntaina 19.10.2025 klo 20.25. Areenassa 3.11.2025 saakka. Katso traileri alta.<\/p>\n<p>Arvio: Susanna Bono<\/p>\n<p><img loading=\"lazy\" decoding=\"async\" alt=\"YouTube video\" width=\"480\" height=\"360\" data-pin-nopin=\"true\" nopin=\"nopin\" class=\"perfmatters-lazy\" src=\"https:\/\/www.europesays.com\/fi\/wp-content\/uploads\/2025\/10\/1760851271_698_hqdefault.jpg\"\/><\/p>\n<p>Lue my\u00f6s: <a href=\"https:\/\/www.episodi.fi\/uutiskirje\/?uutiskirjemainos=tekstilinkkimainos\" title=\"Tilaa Episodin uutiskirje ja voit voittaa leffalippuja! Nappaa tv-vinkit suoraan s\u00e4hk\u00f6postiin t\u00e4st\u00e4.\" class=\"underline-custom !font-montserrat !font-bold !underline-offset-4 !decoration-4 !decoration-episodi-blue !text-md\" rel=\"nofollow noopener\" target=\"_blank\">Tilaa Episodin uutiskirje ja voit voittaa leffalippuja! Nappaa katseluvinkit suoraan s\u00e4hk\u00f6postiin t\u00e4st\u00e4.<\/a><\/p>\n","protected":false},"excerpt":{"rendered":"T\u00e4n\u00e4\u00e4n n\u00e4hd\u00e4\u00e4n televisiossa Klaus H\u00e4r\u00f6n ohjaama vuonna 2022 valmistunut elokuva Rakkaani merikapteeni. Howard (James Cosmo) on omiin oloihinsa&hellip;\n","protected":false},"author":2,"featured_media":66109,"comment_status":"","ping_status":"","sticky":false,"template":"","format":"standard","meta":{"footnotes":""},"categories":[133],"tags":[137,33,31,30,32,206,139,156,109],"class_list":{"0":"post-66108","1":"post","2":"type-post","3":"status-publish","4":"format-standard","5":"has-post-thumbnail","7":"category-televisiot","8":"tag-entertainment","9":"tag-fi","10":"tag-finland","11":"tag-finnish","12":"tag-suomi","13":"tag-televisiot","14":"tag-tv-ohjelmat","15":"tag-tv","16":"tag-viihde"},"share_on_mastodon":{"url":"","error":""},"_links":{"self":[{"href":"https:\/\/www.europesays.com\/fi\/wp-json\/wp\/v2\/posts\/66108","targetHints":{"allow":["GET"]}}],"collection":[{"href":"https:\/\/www.europesays.com\/fi\/wp-json\/wp\/v2\/posts"}],"about":[{"href":"https:\/\/www.europesays.com\/fi\/wp-json\/wp\/v2\/types\/post"}],"author":[{"embeddable":true,"href":"https:\/\/www.europesays.com\/fi\/wp-json\/wp\/v2\/users\/2"}],"replies":[{"embeddable":true,"href":"https:\/\/www.europesays.com\/fi\/wp-json\/wp\/v2\/comments?post=66108"}],"version-history":[{"count":0,"href":"https:\/\/www.europesays.com\/fi\/wp-json\/wp\/v2\/posts\/66108\/revisions"}],"wp:featuredmedia":[{"embeddable":true,"href":"https:\/\/www.europesays.com\/fi\/wp-json\/wp\/v2\/media\/66109"}],"wp:attachment":[{"href":"https:\/\/www.europesays.com\/fi\/wp-json\/wp\/v2\/media?parent=66108"}],"wp:term":[{"taxonomy":"category","embeddable":true,"href":"https:\/\/www.europesays.com\/fi\/wp-json\/wp\/v2\/categories?post=66108"},{"taxonomy":"post_tag","embeddable":true,"href":"https:\/\/www.europesays.com\/fi\/wp-json\/wp\/v2\/tags?post=66108"}],"curies":[{"name":"wp","href":"https:\/\/api.w.org\/{rel}","templated":true}]}}