{"id":66110,"date":"2025-10-19T05:25:08","date_gmt":"2025-10-19T05:25:08","guid":{"rendered":"https:\/\/www.europesays.com\/fi\/66110\/"},"modified":"2025-10-19T05:25:08","modified_gmt":"2025-10-19T05:25:08","slug":"max-verstappen-nappasi-paalupaikan-yhdysvaltain-gp-kisaan-mclarenit-lahtoviivalle-sprinttikisan-kolaroinnin-jalkeen-urheilu","status":"publish","type":"post","link":"https:\/\/www.europesays.com\/fi\/66110\/","title":{"rendered":"Max Verstappen nappasi paalupaikan Yhdysvaltain GP-kisaan \u2013 McLarenit l\u00e4ht\u00f6viivalle sprinttikisan kolaroinnin j\u00e4lkeen | Urheilu"},"content":{"rendered":"<p class=\"aw-1gybjub aw-5vja16 ghpEtB kjanFo yle__article__paragraph\">Yhdysvaltain GP-kisa ajetaan sunnuntain ja maanantain v\u00e4lisen\u00e4 y\u00f6n\u00e4 Suomen aikaa.<\/p>\n<p><img decoding=\"async\" alt=\"Max Verstappen hoppar ur sin bil.\" src=\"https:\/\/www.europesays.com\/fi\/wp-content\/uploads\/2025\/10\/39-154034868f33415c67f1.jpeg\" class=\"aw-1l9m598 hKVVvP\"\/><\/p>\n<p>Avaa kuvien katselu<\/p>\n<p>Nelj\u00e4 per\u00e4kk\u00e4ist\u00e4 maailmanmestaruutta voittanut Max Verstappen nappasi toisen paalupaikkansa t\u00e4m\u00e4n vuoden Yhdysvaltain GP:ss\u00e4. Kuva: AOP<\/p>\n<p class=\"aw-1gybjub aw-1p7kakr ghpEtB jtovHP yle__article__paragraph\">Red Bullin <strong class=\"aw-ak79eh KyCXm yle__article__strong\">Max Verstappen<\/strong> l\u00e4htee paalupaikalta my\u00f6s formula ykk\u00f6sten Yhdysvaltain varsinaiseen GP-kisaan. Verstappen ajoi jo lauantaina sprinttikisan voittoon.<\/p>\n<p class=\"aw-1gybjub aw-1p7kakr ghpEtB jtovHP yle__article__paragraph\">Toiseksi nopein aika-ajoissa oli McLarenin <strong class=\"aw-ak79eh KyCXm yle__article__strong\">Lando Norris<\/strong>, jonka auto saatiin korjattua katastrofaalisen sprinttikilpailun j\u00e4ljilt\u00e4. McLarenin molemmat autot kolaroivat heti sprinttikisan avauskerroksella ja Norris kuin h\u00e4nen tallikaverinsa <strong class=\"aw-ak79eh KyCXm yle__article__strong\">Oscar Piastri<\/strong> joutuivat keskeytt\u00e4m\u00e4\u00e4n.<\/p>\n<p class=\"aw-1gybjub aw-1p7kakr ghpEtB jtovHP yle__article__paragraph\">McLarenin autot saatiin kuitenkin kuntoon juuri ennen aika-ajoja.<\/p>\n<p class=\"aw-1gybjub aw-1p7kakr ghpEtB jtovHP yle__article__paragraph\">MM-sarjaa johtava Piastri j\u00e4i aika-ajoissa kuudenneksi. Kolmanneksi nopein oli Ferrarin <strong class=\"aw-ak79eh KyCXm yle__article__strong\">Charles Leclerc<\/strong>.<\/p>\n<p class=\"aw-1gybjub aw-1p7kakr ghpEtB jtovHP yle__article__paragraph\">Paalupaikka oli hallitsevalle mestarille Verstappenille seitsem\u00e4s t\u00e4ll\u00e4 kaudella ja 47. uransa aikana. Verstappen on MM-sarjan kokonaistuloksissa kolmantena 55 pisteen p\u00e4\u00e4ss\u00e4 Piastrista. Norris on 22 pistett\u00e4 Piastrin per\u00e4ss\u00e4.<\/p>\n<p class=\"aw-1gybjub aw-1p7kakr ghpEtB jtovHP yle__article__paragraph\">Yhdysvaltain gp-kisa ajetaan sunnuntain ja maanantain v\u00e4lisen\u00e4 y\u00f6n\u00e4 Suomen aikaa.<\/p>\n","protected":false},"excerpt":{"rendered":"Yhdysvaltain GP-kisa ajetaan sunnuntain ja maanantain v\u00e4lisen\u00e4 y\u00f6n\u00e4 Suomen aikaa. Avaa kuvien katselu Nelj\u00e4 per\u00e4kk\u00e4ist\u00e4 maailmanmestaruutta voittanut Max&hellip;\n","protected":false},"author":2,"featured_media":66111,"comment_status":"","ping_status":"","sticky":false,"template":"","format":"standard","meta":{"footnotes":""},"categories":[158],"tags":[7278,33,31,30,3437,7317,7571,7279,159,32,160],"class_list":{"0":"post-66110","1":"post","2":"type-post","3":"status-publish","4":"format-standard","5":"has-post-thumbnail","7":"category-urheilu","8":"tag-aika-ajot-f1","9":"tag-fi","10":"tag-finland","11":"tag-finnish","12":"tag-formula-1","13":"tag-lando-norris","14":"tag-max-verstappen","15":"tag-oscar-piastri","16":"tag-sports","17":"tag-suomi","18":"tag-urheilu"},"share_on_mastodon":{"url":"","error":""},"_links":{"self":[{"href":"https:\/\/www.europesays.com\/fi\/wp-json\/wp\/v2\/posts\/66110","targetHints":{"allow":["GET"]}}],"collection":[{"href":"https:\/\/www.europesays.com\/fi\/wp-json\/wp\/v2\/posts"}],"about":[{"href":"https:\/\/www.europesays.com\/fi\/wp-json\/wp\/v2\/types\/post"}],"author":[{"embeddable":true,"href":"https:\/\/www.europesays.com\/fi\/wp-json\/wp\/v2\/users\/2"}],"replies":[{"embeddable":true,"href":"https:\/\/www.europesays.com\/fi\/wp-json\/wp\/v2\/comments?post=66110"}],"version-history":[{"count":0,"href":"https:\/\/www.europesays.com\/fi\/wp-json\/wp\/v2\/posts\/66110\/revisions"}],"wp:featuredmedia":[{"embeddable":true,"href":"https:\/\/www.europesays.com\/fi\/wp-json\/wp\/v2\/media\/66111"}],"wp:attachment":[{"href":"https:\/\/www.europesays.com\/fi\/wp-json\/wp\/v2\/media?parent=66110"}],"wp:term":[{"taxonomy":"category","embeddable":true,"href":"https:\/\/www.europesays.com\/fi\/wp-json\/wp\/v2\/categories?post=66110"},{"taxonomy":"post_tag","embeddable":true,"href":"https:\/\/www.europesays.com\/fi\/wp-json\/wp\/v2\/tags?post=66110"}],"curies":[{"name":"wp","href":"https:\/\/api.w.org\/{rel}","templated":true}]}}