{"id":66112,"date":"2025-10-19T05:26:07","date_gmt":"2025-10-19T05:26:07","guid":{"rendered":"https:\/\/www.europesays.com\/fi\/66112\/"},"modified":"2025-10-19T05:26:07","modified_gmt":"2025-10-19T05:26:07","slug":"limp-bizkit-yhtyeen-basisti-sam-rivers-48-on-kuollut-uutissuomalainen","status":"publish","type":"post","link":"https:\/\/www.europesays.com\/fi\/66112\/","title":{"rendered":"Limp Bizkit -yhtyeen basisti Sam Rivers, 48, on kuollut | Uutissuomalainen"},"content":{"rendered":"<p>Limp Bizkit -yhtyeen perustajaj\u00e4sen ja basisti <strong>Samuel &#8221;Sam&#8221; Rivers<\/strong>, 48, on kuollut. Yhtyeen muut j\u00e4senet tiedottivat kuolemasta my\u00f6h\u00e4\u00e4n lauantaina.<\/p>\n<p>\u2013\u2009Menetimme veljemme. Sam Rivers ei ollut vain meid\u00e4n basistimme, vaan h\u00e4n oli t\u00e4ytt\u00e4 taikaa. Sam toi valon ja rytmin, jota ei voi koskaan korvata, yhtyeen julkaisussa kirjoitetaan.<\/p>\n<p>Riversin kuolinsyyt\u00e4 ei ole kerrottu julkisuuteen.<\/p>\n<p>Vuonna 1994 perustettu Limp Bizkit on yksi kaksituhattaluvun alun tunnetuimmista rock ja nu metal -yhtyeist\u00e4. Yhtyeen tunnettuja kappaleita ovat muun muassa Behind Blue Eyes, My Way, Break Stuff ja Just Like This.<\/p>\n","protected":false},"excerpt":{"rendered":"Limp Bizkit -yhtyeen perustajaj\u00e4sen ja basisti Samuel &#8221;Sam&#8221; Rivers, 48, on kuollut. Yhtyeen muut j\u00e4senet tiedottivat kuolemasta my\u00f6h\u00e4\u00e4n&hellip;\n","protected":false},"author":2,"featured_media":66113,"comment_status":"","ping_status":"","sticky":false,"template":"","format":"standard","meta":{"footnotes":""},"categories":[130],"tags":[138,137,33,31,30,2455,683,525,47,141,32,484,109],"class_list":{"0":"post-66112","1":"post","2":"type-post","3":"status-publish","4":"format-standard","5":"has-post-thumbnail","7":"category-viihde","8":"tag-audio","9":"tag-entertainment","10":"tag-fi","11":"tag-finland","12":"tag-finnish","13":"tag-hengenvaara-ja-loukkaantuminen","14":"tag-kuolema","15":"tag-laulaminen-ja-laulajat","16":"tag-musiikki","17":"tag-muusikot-bandit","18":"tag-suomi","19":"tag-taiteellinen-ilmaisu-ja-mediat","20":"tag-viihde"},"share_on_mastodon":{"url":"","error":""},"_links":{"self":[{"href":"https:\/\/www.europesays.com\/fi\/wp-json\/wp\/v2\/posts\/66112","targetHints":{"allow":["GET"]}}],"collection":[{"href":"https:\/\/www.europesays.com\/fi\/wp-json\/wp\/v2\/posts"}],"about":[{"href":"https:\/\/www.europesays.com\/fi\/wp-json\/wp\/v2\/types\/post"}],"author":[{"embeddable":true,"href":"https:\/\/www.europesays.com\/fi\/wp-json\/wp\/v2\/users\/2"}],"replies":[{"embeddable":true,"href":"https:\/\/www.europesays.com\/fi\/wp-json\/wp\/v2\/comments?post=66112"}],"version-history":[{"count":0,"href":"https:\/\/www.europesays.com\/fi\/wp-json\/wp\/v2\/posts\/66112\/revisions"}],"wp:featuredmedia":[{"embeddable":true,"href":"https:\/\/www.europesays.com\/fi\/wp-json\/wp\/v2\/media\/66113"}],"wp:attachment":[{"href":"https:\/\/www.europesays.com\/fi\/wp-json\/wp\/v2\/media?parent=66112"}],"wp:term":[{"taxonomy":"category","embeddable":true,"href":"https:\/\/www.europesays.com\/fi\/wp-json\/wp\/v2\/categories?post=66112"},{"taxonomy":"post_tag","embeddable":true,"href":"https:\/\/www.europesays.com\/fi\/wp-json\/wp\/v2\/tags?post=66112"}],"curies":[{"name":"wp","href":"https:\/\/api.w.org\/{rel}","templated":true}]}}