{"id":66122,"date":"2025-10-19T05:47:10","date_gmt":"2025-10-19T05:47:10","guid":{"rendered":"https:\/\/www.europesays.com\/fi\/66122\/"},"modified":"2025-10-19T05:47:10","modified_gmt":"2025-10-19T05:47:10","slug":"alone-suomessa-kylmyys-aiheuttaa-kovia-kipuja","status":"publish","type":"post","link":"https:\/\/www.europesays.com\/fi\/66122\/","title":{"rendered":"Alone Suomessa kylmyys aiheuttaa kovia kipuja"},"content":{"rendered":"<p><strong class=\"typography-bold\">Alone Suomen seitsem\u00e4nness\u00e4 jaksossa Petra k\u00e4rsii kovista kivuista.<\/strong><\/p>\n<p><a class=\"underline\" data-testid=\"internal-link\" role=\"link\" data-sentry-element=\"Link\" data-sentry-component=\"InternalLink\" data-sentry-source-file=\"InternalLink.tsx\" href=\"https:\/\/www.mtvuutiset.fi\/aihe\/alone-suomi\/9168296\" rel=\"nofollow noopener\" target=\"_blank\">Alone Suomen <\/a>seitsem\u00e4nness\u00e4 jaksossa<strong class=\"typography-bold\"> Petra<\/strong> l\u00e4htee viem\u00e4\u00e4n lautallaan verkkoja vesille. Jakso esitet\u00e4\u00e4n televisiossa 21. lokakuuta.\u00a0<\/p>\n<p>L\u00e4htiess\u00e4\u00e4n lautalla vesille h\u00e4n riisuu keng\u00e4t ja sukat pois ja k\u00e4\u00e4rii housunsa polvien yl\u00e4puolelle.<\/p>\n<p>\u2013 Ai saatana, minua sattuu jalkoihin. Alkaa olla sellainen olo, ett\u00e4 kohta tulee itku. T\u00e4m\u00e4 on joka kerta niin raskasta ja stressaavaa. Minulle alkaa pikkuhiljaa riitt\u00e4\u00e4. En tunne jalkojani, Petra voihkii laskiessaan verkkoja veteen.\u00a0<\/p>\n<p>Lis\u00e4ksi h\u00e4n huomaa, ett\u00e4 lautassa alkaa olla paljon vett\u00e4.\u00a0<\/p>\n<p><strong class=\"typography-bold\">Katso videolta, miten Petra p\u00e4rj\u00e4\u00e4 jalkojensa kanssa.\u00a0<\/strong><strong class=\"typography-bold\">Alone Suomi <\/strong><a class=\"underline\" data-testid=\"external-link\" href=\"https:\/\/www.mtv.fi\/ohjelma\/62cc19ad9b3c0db419d4\/alone-suomi\" rel=\"noopener noreferrer nofollow\" data-sentry-component=\"ExternalLink\" data-sentry-source-file=\"ExternalLink.tsx\" target=\"_blank\"><strong class=\"typography-bold\">MTV Katsomossa<\/strong><\/a><strong class=\"typography-bold\"> ja MTV3-kanavalla tiistaisin kello 21. MTV Katsomo+ -tilaajille seuraavan viikon jakso ennakkoon.<\/strong><\/p>\n","protected":false},"excerpt":{"rendered":"Alone Suomen seitsem\u00e4nness\u00e4 jaksossa Petra k\u00e4rsii kovista kivuista. Alone Suomen seitsem\u00e4nness\u00e4 jaksossa Petra l\u00e4htee viem\u00e4\u00e4n lautallaan verkkoja vesille.&hellip;\n","protected":false},"author":2,"featured_media":66123,"comment_status":"","ping_status":"","sticky":false,"template":"","format":"standard","meta":{"footnotes":""},"categories":[133],"tags":[137,33,31,30,32,206,156,109],"class_list":{"0":"post-66122","1":"post","2":"type-post","3":"status-publish","4":"format-standard","5":"has-post-thumbnail","7":"category-televisiot","8":"tag-entertainment","9":"tag-fi","10":"tag-finland","11":"tag-finnish","12":"tag-suomi","13":"tag-televisiot","14":"tag-tv","15":"tag-viihde"},"share_on_mastodon":{"url":"","error":""},"_links":{"self":[{"href":"https:\/\/www.europesays.com\/fi\/wp-json\/wp\/v2\/posts\/66122","targetHints":{"allow":["GET"]}}],"collection":[{"href":"https:\/\/www.europesays.com\/fi\/wp-json\/wp\/v2\/posts"}],"about":[{"href":"https:\/\/www.europesays.com\/fi\/wp-json\/wp\/v2\/types\/post"}],"author":[{"embeddable":true,"href":"https:\/\/www.europesays.com\/fi\/wp-json\/wp\/v2\/users\/2"}],"replies":[{"embeddable":true,"href":"https:\/\/www.europesays.com\/fi\/wp-json\/wp\/v2\/comments?post=66122"}],"version-history":[{"count":0,"href":"https:\/\/www.europesays.com\/fi\/wp-json\/wp\/v2\/posts\/66122\/revisions"}],"wp:featuredmedia":[{"embeddable":true,"href":"https:\/\/www.europesays.com\/fi\/wp-json\/wp\/v2\/media\/66123"}],"wp:attachment":[{"href":"https:\/\/www.europesays.com\/fi\/wp-json\/wp\/v2\/media?parent=66122"}],"wp:term":[{"taxonomy":"category","embeddable":true,"href":"https:\/\/www.europesays.com\/fi\/wp-json\/wp\/v2\/categories?post=66122"},{"taxonomy":"post_tag","embeddable":true,"href":"https:\/\/www.europesays.com\/fi\/wp-json\/wp\/v2\/tags?post=66122"}],"curies":[{"name":"wp","href":"https:\/\/api.w.org\/{rel}","templated":true}]}}