{"id":66128,"date":"2025-10-19T05:55:08","date_gmt":"2025-10-19T05:55:08","guid":{"rendered":"https:\/\/www.europesays.com\/fi\/66128\/"},"modified":"2025-10-19T05:55:08","modified_gmt":"2025-10-19T05:55:08","slug":"sadat-finnairin-matkustajat-joutuvat-tanaan-eri-lennoille","status":"publish","type":"post","link":"https:\/\/www.europesays.com\/fi\/66128\/","title":{"rendered":"Sadat Finnairin matkustajat joutuvat t\u00e4n\u00e4\u00e4n eri lennoille"},"content":{"rendered":"<p>STT:n mukaan syyn\u00e4 on se, ett\u00e4 Finnairin normaalikokoisia koneita korvataan pienemmill\u00e4.<\/p>\n<p><img decoding=\"async\" class=\"image image-show image-preview\" src=\"https:\/\/www.europesays.com\/fi\/wp-content\/uploads\/2025\/10\/e90924f6fff0278d48b91b546b995047f6ebb5833e9f0f5038de47f700f89859.jpg\" alt=\"\"\/><img decoding=\"async\" class=\"image image-show\" src=\"https:\/\/www.europesays.com\/fi\/wp-content\/uploads\/2025\/10\/1760853308_773_e90924f6fff0278d48b91b546b995047f6ebb5833e9f0f5038de47f700f89859.jpg\" alt=\"\"\/><\/p>\n<p>Kuvituskuvaa kuvattuna Helsinki-Vantaan lentokent\u00e4lt\u00e4. Jani Korpela<\/p>\n<p class=\"paragraph\">Lentoyhti\u00f6 Finnair siirt\u00e4\u00e4 t\u00e4n\u00e4\u00e4n satoja ihmisi\u00e4 heid\u00e4n tilaamiltaan lennoilta toisille, kertoo <a href=\"https:\/\/yle.fi\/a\/74-20189136\" rel=\"noopener nofollow\" target=\"_blank\">STT<\/a>. Lentovuoroja ei ole kuitenkaan tarkoitus perua.<\/p>\n<p class=\"paragraph\">Syyn\u00e4 siirtoihin on se, ett\u00e4 Finnairin A321-lentokoneita joudutaan korvaamaan niit\u00e4 pienemmill\u00e4 koneilla. T\u00e4m\u00e4n vuoksi kaikki matkustajat eiv\u00e4t mahdu alkuper\u00e4iselle lennolleen.<\/p>\n<p class=\"paragraph\">Syyn\u00e4 muutoksiin on Finnairin lentokoneiden <a href=\"https:\/\/www.iltalehti.fi\/kotimaa\/4c5a0e4c-00c8-4bfb-84d9-f7efcce1568e\" rel=\"nofollow noopener\" target=\"_blank\">v\u00e4\u00e4rin pestyt istuinkankaat<\/a>.<\/p>\n<p class=\"paragraph\">Finnair pyrkii saamaan kahdeksan A321-koneensa istuinkankaat vaihdettua ja koneet lent\u00e4m\u00e4\u00e4n alkavan viikon kuluessa.<\/p>\n","protected":false},"excerpt":{"rendered":"STT:n mukaan syyn\u00e4 on se, ett\u00e4 Finnairin normaalikokoisia koneita korvataan pienemmill\u00e4. Kuvituskuvaa kuvattuna Helsinki-Vantaan lentokent\u00e4lt\u00e4. Jani Korpela Lentoyhti\u00f6&hellip;\n","protected":false},"author":2,"featured_media":66129,"comment_status":"","ping_status":"","sticky":false,"template":"","format":"standard","meta":{"footnotes":""},"categories":[76],"tags":[35,79,77,2110,33,31,30,2910,121,923,32,78,822],"class_list":{"0":"post-66128","1":"post","2":"type-post","3":"status-publish","4":"format-standard","5":"has-post-thumbnail","7":"category-talous","8":"tag-24h","9":"tag-business","10":"tag-economy","11":"tag-elamantapa-ja-vapaa-aika","12":"tag-fi","13":"tag-finland","14":"tag-finnish","15":"tag-lentoliikenne-ilmaliikenne","16":"tag-liikenne-ja-kuljetus","17":"tag-matkustaminen","18":"tag-suomi","19":"tag-talous","20":"tag-teollisuustuotteet-ja-palvelut-sektori"},"share_on_mastodon":{"url":"","error":""},"_links":{"self":[{"href":"https:\/\/www.europesays.com\/fi\/wp-json\/wp\/v2\/posts\/66128","targetHints":{"allow":["GET"]}}],"collection":[{"href":"https:\/\/www.europesays.com\/fi\/wp-json\/wp\/v2\/posts"}],"about":[{"href":"https:\/\/www.europesays.com\/fi\/wp-json\/wp\/v2\/types\/post"}],"author":[{"embeddable":true,"href":"https:\/\/www.europesays.com\/fi\/wp-json\/wp\/v2\/users\/2"}],"replies":[{"embeddable":true,"href":"https:\/\/www.europesays.com\/fi\/wp-json\/wp\/v2\/comments?post=66128"}],"version-history":[{"count":0,"href":"https:\/\/www.europesays.com\/fi\/wp-json\/wp\/v2\/posts\/66128\/revisions"}],"wp:featuredmedia":[{"embeddable":true,"href":"https:\/\/www.europesays.com\/fi\/wp-json\/wp\/v2\/media\/66129"}],"wp:attachment":[{"href":"https:\/\/www.europesays.com\/fi\/wp-json\/wp\/v2\/media?parent=66128"}],"wp:term":[{"taxonomy":"category","embeddable":true,"href":"https:\/\/www.europesays.com\/fi\/wp-json\/wp\/v2\/categories?post=66128"},{"taxonomy":"post_tag","embeddable":true,"href":"https:\/\/www.europesays.com\/fi\/wp-json\/wp\/v2\/tags?post=66128"}],"curies":[{"name":"wp","href":"https:\/\/api.w.org\/{rel}","templated":true}]}}