{"id":66132,"date":"2025-10-19T05:57:08","date_gmt":"2025-10-19T05:57:08","guid":{"rendered":"https:\/\/www.europesays.com\/fi\/66132\/"},"modified":"2025-10-19T05:57:08","modified_gmt":"2025-10-19T05:57:08","slug":"syyttomien-vangitseminen-katujengijutussa-tuli-valtiolle-kalliiksi-uutisia-lyhyesti","status":"publish","type":"post","link":"https:\/\/www.europesays.com\/fi\/66132\/","title":{"rendered":"Syytt\u00f6mien vangitseminen katujengijutussa tuli valtiolle kalliiksi | Uutisia lyhyesti"},"content":{"rendered":"<p class=\"aw-1gybjub aw-5vja16 ghpEtB kjanFo yle__article__paragraph\">Nelj\u00e4 parikymppist\u00e4 miest\u00e4 oli vankilassa yhdeks\u00e4n kuukauden ajan ennen kuin Helsingin hovioikeus vapautti heid\u00e4t. <\/p>\n<p><img decoding=\"async\" alt=\"Helsingin hovioikeus-kyltti p\u00e4\u00e4oven yl\u00e4puolella.\" src=\"https:\/\/www.europesays.com\/fi\/wp-content\/uploads\/2025\/10\/39-122973265a8e5e0ab307.jpeg\" class=\"aw-1l9m598 hKVVvP\"\/><\/p>\n<p>Avaa kuvien katselu<\/p>\n<p>K\u00e4r\u00e4j\u00e4oikeus tuomitsi miehet ehdottomiin vankeusrangaistuksiin, mutta Helsingin hovioikeus vapautti heid\u00e4t syytteist\u00e4. Kuva: Kristiina Lehto \/ Yle<\/p>\n<p class=\"aw-1gybjub aw-1p7kakr ghpEtB jtovHP yle__article__paragraph\">Syytt\u00f6mien vangitseminen katujengijutussa tuli maksamaan valtiolle reilusti yli puoli miljoonaa euroa.<\/p>\n<p class=\"aw-1gybjub aw-1p7kakr ghpEtB jtovHP yle__article__paragraph\">Nelj\u00e4 parikymppist\u00e4 miest\u00e4 tuomittiin kes\u00e4ll\u00e4 2023 RK-katujengijutussa noin 2\u20133 vuoden ehdottomiin vankeusrangaistuksiin.<\/p>\n<p class=\"aw-1gybjub aw-1p7kakr ghpEtB jtovHP yle__article__paragraph\">Miehet valittivat tuomioistaan. Helsingin hovioikeus k\u00e4sitteli juttua viime vuoden kev\u00e4\u00e4ll\u00e4 ja p\u00e4\u00e4sti nelikon vapaalle odottamaan hovituomion antamista. Joulukuussa antamallaan tuomiolla <a class=\"aw-iao6s4 iHOxEa yle__article__link\" href=\"https:\/\/yle.fi\/a\/74-20128741\" role=\"link\" rel=\"nofollow noopener\" target=\"_blank\">hovioikeus vapautti miehet syytteist\u00e4<\/a>.<\/p>\n<p class=\"aw-1gybjub aw-1p7kakr ghpEtB jtovHP yle__article__paragraph\">He ehtiv\u00e4t olla syytt\u00f6min\u00e4 vankilassa noin yhdeks\u00e4n kuukauden ajan.<\/p>\n<p class=\"aw-1gybjub aw-1p7kakr ghpEtB jtovHP yle__article__paragraph\">Yhden vankip\u00e4iv\u00e4n hinta oli vuonna 2023 keskim\u00e4\u00e4rin 249 euroa. Miesten kohdalla vankilavuorokausista muodostui siis l\u00e4hes 270\u00a0000 euron lasku valtiolle.<\/p>\n<p class=\"aw-1gybjub aw-1p7kakr ghpEtB jtovHP yle__article__paragraph\">Niin sanottuja koppikorvauksia eli syytt\u00f6m\u00e4n\u00e4 vangitulle maksettavia korvauksia valtio joutui maksamaan yhteens\u00e4 ainakin yli 245 000 euroa.<\/p>\n<p>Valtio kuittasi puolustajien palkkiot<\/p>\n<p class=\"aw-1gybjub aw-1p7kakr ghpEtB jtovHP yle__article__paragraph\">Kaksi miehist\u00e4 oli k\u00e4r\u00e4j\u00e4tuomion antamisen aikaan t\u00f6iss\u00e4, ja heille valtio joutui korvaamaan tulot, jotka he vankeuden takia menettiv\u00e4t.<\/p>\n<p class=\"aw-1gybjub aw-1p7kakr ghpEtB jtovHP yle__article__paragraph\">Miesten puolustamisesta aiheutuneet oikeudenk\u00e4yntikulut j\u00e4iv\u00e4t niin ik\u00e4\u00e4n valtion maksettaviksi. Oikeudenk\u00e4yntiavustajien palkkiot k\u00e4r\u00e4j\u00e4- ja hovioikeudessa olivat yhteens\u00e4 yli 70\u00a0000 euroa.<\/p>\n<p class=\"aw-1gybjub aw-1p7kakr ghpEtB jtovHP yle__article__paragraph\">Kun oikeudenk\u00e4yntikuluihin, koppikorvauksiin ja vankip\u00e4ivien kuluihin lis\u00e4t\u00e4\u00e4n vangeille maksettava minimik\u00e4ytt\u00f6raha, valtion tappioksi j\u00e4\u00e4v\u00e4 summa nousee noin 600\u00a0000 euroon.<\/p>\n<p class=\"aw-1gybjub aw-1p7kakr ghpEtB jtovHP yle__article__paragraph\">Summa ei sis\u00e4ll\u00e4 esitutkinnasta, syytt\u00e4misest\u00e4 ja oikeudenk\u00e4ynnist\u00e4 heid\u00e4n osaltaan aiheutuneita kuluja.<\/p>\n","protected":false},"excerpt":{"rendered":"Nelj\u00e4 parikymppist\u00e4 miest\u00e4 oli vankilassa yhdeks\u00e4n kuukauden ajan ennen kuin Helsingin hovioikeus vapautti heid\u00e4t. Avaa kuvien katselu K\u00e4r\u00e4j\u00e4oikeus&hellip;\n","protected":false},"author":2,"featured_media":66133,"comment_status":"","ping_status":"","sticky":false,"template":"","format":"standard","meta":{"footnotes":""},"categories":[12],"tags":[22,23,26,27,33,31,30,17,71,24,25,28,29,15,2098,1915,18,21,32,19,20,1727,1168,16],"class_list":{"0":"post-66132","1":"post","2":"type-post","3":"status-publish","4":"format-standard","5":"has-post-thumbnail","7":"category-suomi","8":"tag-breaking-news","9":"tag-breakingnews","10":"tag-featured-news","11":"tag-featurednews","12":"tag-fi","13":"tag-finland","14":"tag-finnish","15":"tag-headlines","16":"tag-kotimaa","17":"tag-latest-news","18":"tag-latestnews","19":"tag-main-news","20":"tag-mainnews","21":"tag-news","22":"tag-oikeudenkaynnit","23":"tag-oikeus","24":"tag-otsikot","25":"tag-paauutiset","26":"tag-suomi","27":"tag-top-stories","28":"tag-topstories","29":"tag-tuomiot","30":"tag-uusimaa","31":"tag-uutiset"},"share_on_mastodon":{"url":"","error":""},"_links":{"self":[{"href":"https:\/\/www.europesays.com\/fi\/wp-json\/wp\/v2\/posts\/66132","targetHints":{"allow":["GET"]}}],"collection":[{"href":"https:\/\/www.europesays.com\/fi\/wp-json\/wp\/v2\/posts"}],"about":[{"href":"https:\/\/www.europesays.com\/fi\/wp-json\/wp\/v2\/types\/post"}],"author":[{"embeddable":true,"href":"https:\/\/www.europesays.com\/fi\/wp-json\/wp\/v2\/users\/2"}],"replies":[{"embeddable":true,"href":"https:\/\/www.europesays.com\/fi\/wp-json\/wp\/v2\/comments?post=66132"}],"version-history":[{"count":0,"href":"https:\/\/www.europesays.com\/fi\/wp-json\/wp\/v2\/posts\/66132\/revisions"}],"wp:featuredmedia":[{"embeddable":true,"href":"https:\/\/www.europesays.com\/fi\/wp-json\/wp\/v2\/media\/66133"}],"wp:attachment":[{"href":"https:\/\/www.europesays.com\/fi\/wp-json\/wp\/v2\/media?parent=66132"}],"wp:term":[{"taxonomy":"category","embeddable":true,"href":"https:\/\/www.europesays.com\/fi\/wp-json\/wp\/v2\/categories?post=66132"},{"taxonomy":"post_tag","embeddable":true,"href":"https:\/\/www.europesays.com\/fi\/wp-json\/wp\/v2\/tags?post=66132"}],"curies":[{"name":"wp","href":"https:\/\/api.w.org\/{rel}","templated":true}]}}