{"id":66139,"date":"2025-10-19T06:18:08","date_gmt":"2025-10-19T06:18:08","guid":{"rendered":"https:\/\/www.europesays.com\/fi\/66139\/"},"modified":"2025-10-19T06:18:08","modified_gmt":"2025-10-19T06:18:08","slug":"armi-aavikko-oli-oikeudessa-tunnemyrskyn-vallassa-1995","status":"publish","type":"post","link":"https:\/\/www.europesays.com\/fi\/66139\/","title":{"rendered":"Armi Aavikko oli oikeudessa tunnemyrskyn vallassa 1995"},"content":{"rendered":"<p>            Seiskan arkisto\n        <\/p>\n<p class=\"subtitle \">Suomen kautta aikain traagisimpiin julkkiskaunottariin lukeutunut Armi Aavikko ajautui lopulliseen sy\u00f6ksykierteeseen rattijuopumustuomion my\u00f6t\u00e4.<\/p>\n<p class=\"article-content article-content-width !bg-background\">Vuonna 1995<br \/>\nEspoon k\u00e4r\u00e4j\u00e4oikeudessa r\u00e4skyiv\u00e4t salamavalot. Vuoden 1977 Miss Suomi ja koko kansan tuntema<br \/>\nlaulaja  saapui paikalle herk\u00e4ss\u00e4 mielentilassa, ja sai sen seurauksena tuomarin<br \/>\njulistamaan rattijuopumus-oikeudenk\u00e4ynnin salaiseksi.<\/p>\n<p class=\"font-weight-bold m-font-weight-bold article-content article-content-width !bg-background\">Videolla Armi Aavikon ex-kihlattu Esko Kuusela haastattelussa.<\/p>\n<p class=\"article-content article-content-width !bg-background\">Laulaja\u00a0 legendaarinen<br \/>\nnaisyst\u00e4v\u00e4 oli viett\u00e4nyt iltaa toisen ex-miehens\u00e4, muusikko<br \/>\nkanssa.<\/p>\n<p>                <img decoding=\"async\" src=\"https:\/\/www.europesays.com\/fi\/wp-content\/uploads\/2025\/10\/1960290.webp\" width=\"576\" height=\"432\" alt=\"Armi menetti hermonsa oikeudessa kuvaajien tultua paikalle.\" loading=\"lazy\" \/>            <\/p>\n<p>\n            Armi menetti hermonsa oikeudessa kuvaajien tultua paikalle.<br \/>\n            Seiskan arkisto\n        <\/p>\n<p class=\"article-content article-content-width !bg-background\">Kaksikko<br \/>\noli aloitellut iltaa Espoon Haukilahdessa ja jatkanut paikalliseen baariin.<\/p>\n<p class=\"article-content article-content-width !bg-background\">\u2013 Nautin<br \/>\nsiell\u00e4 alkoholia melko runsaasti sill\u00e4 seurauksella, ett\u00e4 verenalkoholim\u00e4\u00e4r\u00e4ni nousi liialliseksi, tuolloin 37-vuotias Armi<br \/>\nselvitti poliisille tultuaan pid\u00e4tetyksi.<\/p>\n<p>                <img loading=\"lazy\" decoding=\"async\" src=\"https:\/\/www.europesays.com\/fi\/wp-content\/uploads\/2025\/10\/1960299.webp\" width=\"576\" height=\"322\" alt=\"Armin ja Dannyn S\u00e4pin\u00e4\u00e4 ja samppanjaa -show rantautui Silja Linelle 1993.\" \/>            <\/p>\n<p>\n            Armin ja Dannyn S\u00e4pin\u00e4\u00e4 ja samppanjaa -show rantautui Silja Linelle 1993.<br \/>\n            Seiskan arkisto\n        <\/p>\n<p>        <a itemprop=\"url\" href=\"https:\/\/www.seiska.fi\/kotimaa\/helmi-loukasmaen-kaytos-dannya-kohtaan-hammentaa\/1940557\" rel=\"nofollow noopener\" target=\"_blank\"><\/p>\n<p>\nHelmi Loukasm\u00e4ki\n<\/p>\n<p class=\"section-date\">\n        <strong class=\"article-section\" data-section=\"kotimaa\"><br \/>\n            kotimaa<br \/>\n        <\/strong><br \/>\n        24.9. 15:03\n    <\/p>\n<p>Helmi Loukasm\u00e4en k\u00e4yt\u00f6s Danny\u00e4 kohtaan h\u00e4mment\u00e4\u00e4\n    <\/p>\n<p itemprop=\"description\" class=\"subtitle \">\n    Moista ei tapahtunut viel\u00e4 vuosi sitten.\n<\/p>\n<p>        <\/a><\/p>\n<p>Ehdollista<br \/>\nvankeutta<\/p>\n<p class=\"article-content article-content-width !bg-background\">Armi oli<br \/>\nillan aikana muistanut, ettei kotona ollut ruokaa ja ratkaisuksi h\u00e4n keksi<br \/>\nNiittykummun McDonaldsin. Hampurilaisravintolan ty\u00f6ntekij\u00e4 huomasi autoilevan Armin<br \/>\nolevan humalassa ja h\u00e4lytti poliisit paikalle. <\/p>\n<p class=\"article-content article-content-width !bg-background\">Armi<br \/>\npuhalsi huomattavat 2,6 promillea ja verikokeissa promillem\u00e4\u00e4r\u00e4ksi varmistui<br \/>\n2,1. Esitutkintamateriaalista k\u00e4vi my\u00f6s ilmi, ett\u00e4 Armi oli halunnut j\u00e4\u00e4d\u00e4<br \/>\nputkaan y\u00f6ksi, koska koki olevansa siell\u00e4 turvassa.\u00a0<\/p>\n<p class=\"article-content article-content-width !bg-background\">Armille rapsahti 60 p\u00e4iv\u00e4\u00e4<br \/>\nehdollista vankeutta ja ajokielto helmikuulle 1996 asti. Lis\u00e4ksi h\u00e4n sai 2 340<br \/>\nmarkkaa (noin 660 euroa) sakkoja.<\/p>\n<p>                <img decoding=\"async\" src=\"https:\/\/www.europesays.com\/fi\/wp-content\/uploads\/2025\/10\/1960295.webp\" width=\"576\" height=\"687\" title=\"Armi ja Danny suhteen aurinkoisina p\u00e4ivin\u00e4.\" alt=\"Armi Aavikko ja Danny Lipsanen\" loading=\"lazy\" \/>            <\/p>\n<p>\n            Armi ja Danny suhteen aurinkoisina p\u00e4ivin\u00e4.<br \/>\n            D-Tuotanto\n        <\/p>\n<p class=\"article-content article-content-width !bg-background\">\u2013 Vaikka<br \/>\nolin alkoholin vaikutuksen alaisena, ajoni sujui mielest\u00e4ni ilman rikkeit\u00e4. En<br \/>\nmy\u00f6sk\u00e4\u00e4n vaarantanut kenenk\u00e4\u00e4n turvallisuutta, Armi puolustautui. <\/p>\n<p>        <a itemprop=\"url\" href=\"https:\/\/www.seiska.fi\/kotimaa\/keikka-kanarialla-dannyn-duoparin-humalatila-heratti-huolta\/1639460\" rel=\"nofollow noopener\" target=\"_blank\"><\/p>\n<p>\nDanny &amp; Armi Kanarialla\n<\/p>\n<p class=\"section-date\">\n        <strong class=\"article-section\" data-section=\"kotimaa\"><br \/>\n            kotimaa<br \/>\n        <\/strong><br \/>\n        16.3. 15:00\n    <\/p>\n<p>Keikka Kanarialla! Dannyn duoparin humalatila her\u00e4tti huolta\n    <\/p>\n<p itemprop=\"description\" class=\"subtitle \">\n    Dannyn kuvankauniin duoparin Armi Aavikon alkoholin k\u00e4ytt\u00f6 oli puheenaiheena useissa medioissa 90-luvun puoliv\u00e4liss\u00e4.\n<\/p>\n<p>        <\/a><\/p>\n<p class=\"article-content article-content-width !bg-background\">Vuosi 1995<br \/>\noli Armille vedenjakaja, sill\u00e4 tuolloin h\u00e4n esiintyi viimeist\u00e4 kertaa konserttisarjassa<br \/>\nDannyn kanssa ja julkaisi viel\u00e4 viimeisen singlens\u00e4 Puhjennut on ruusu<br \/>\nkukkaan.\u00a0<\/p>\n<p class=\"article-content article-content-width !bg-background\">Mielenterveys- ja alkoholiongelmat kuitenkin jatkuivat, eik\u00e4 Armi en\u00e4\u00e4 saanut el\u00e4m\u00e4\u00e4ns\u00e4 kuntoon. Armi my\u00f6s kantoi syyllisyytt\u00e4 siit\u00e4, ett\u00e4 i\u00e4kk\u00e4\u00e4t vanhemmat saivat kuulla oikeudenk\u00e4ynnist\u00e4.<\/p>\n<p>                <img decoding=\"async\" src=\"https:\/\/www.europesays.com\/fi\/wp-content\/uploads\/2025\/10\/1960301.webp\" width=\"576\" height=\"720\" alt=\"Alkoholi- ja mielenterveysongelmat eiv\u00e4t lopulta j\u00e4tt\u00e4neet Armia rauhaan.\" loading=\"lazy\" \/>            <\/p>\n<p>\n            Alkoholi- ja mielenterveysongelmat eiv\u00e4t lopulta j\u00e4tt\u00e4neet Armia rauhaan.<br \/>\n            Seiskan arkisto\n        <\/p>\n<p class=\"article-content article-content-width !bg-background\">Vaikka Armilla oli seurustelusuhteita<br \/>\nviel\u00e4 Dannyn j\u00e4lkeen, oli Iso-D Armin el\u00e4m\u00e4n suurin rakkaus. Pariskunnan eron syist\u00e4<br \/>\nja seurauksista j\u00e4i ikuinen erimielisyys Armin l\u00e4hipiirin ja Dannyn v\u00e4lille. Kohuvuonna 1995 Armi my\u00f6s tiivisti<br \/>\nsuhteensa Dannyyn toimittaja .<\/p>\n<p class=\"article-content article-content-width !bg-background\">\u2013 T\u00e4ss\u00e4<br \/>\nonkin kaikki, mit\u00e4 siit\u00e4 suhteesta minulle j\u00e4i. Enemp\u00e4\u00e4 ei rakkaussuhteemme<br \/>\nh\u00e4nelle merkinnyt. Olin pelkk\u00e4 hoito, Armi puuskahti 30 vuotta sitten toimittajalle<br \/>\nesitellen turkkiaan ja timanttisormusta.<\/p>\n<p>        <a itemprop=\"url\" href=\"https:\/\/www.seiska.fi\/kotimaa\/jestas-helmi-loukasmaki-hyppasi-lopullisesti-armi-aavikon-saappaisiin\/1407757\" rel=\"nofollow noopener\" target=\"_blank\"><\/p>\n<p class=\"section-date\">\n        <strong class=\"article-section\" data-section=\"kotimaa\"><br \/>\n            kotimaa<br \/>\n        <\/strong><br \/>\n        15.7.2024 14:44\n    <\/p>\n<p>Jestas! Helmi Loukasm\u00e4ki hypp\u00e4si lopullisesti Armi Aavikon saappaisiin\n    <\/p>\n<p itemprop=\"description\" class=\"subtitle \">\n    Helmi hypp\u00e4si lavalle Dannyn kanssa, ja yleis\u00f6 sai hieraista silmi\u00e4\u00e4n.\n<\/p>\n<p>        <\/a><\/p>\n<p>Kuunnelmasta hitti<\/p>\n<p class=\"article-content article-content-width !bg-background\">Armi kuoli<br \/>\nvain 43-vuotiaana vuonna 2002. Viimeisen<br \/>\nkerran Armi oli katkaisuhoidossa viel\u00e4 2001.\u00a0H\u00e4nen oli m\u00e4\u00e4r\u00e4 l\u00e4hte\u00e4 viel\u00e4<br \/>\nlevytt\u00e4m\u00e4\u00e4n sek\u00e4 esiinty\u00e4 syksyll\u00e4 2002 Dannyn juhlakonsertissa.<\/p>\n<p>                <img decoding=\"async\" src=\"https:\/\/www.europesays.com\/fi\/wp-content\/uploads\/2025\/10\/1960312.webp\" width=\"576\" height=\"687\" alt=\"Armi mainitsi laivakeikkojen rasittaneen niin paljon mielt\u00e4, ett\u00e4 laivasta piti menn\u00e4 suoraan ammattiauttajan luokse.\" loading=\"lazy\" \/>            <\/p>\n<p>\n            Armi mainitsi laivakeikkojen rasittaneen niin paljon mielt\u00e4, ett\u00e4 laivasta piti menn\u00e4 suoraan ammattiauttajan luokse.<br \/>\n            Seiskan arkisto\n        <\/p>\n<p class=\"article-content article-content-width !bg-background\">Armin el\u00e4m\u00e4st\u00e4 on tehty niin kirja kuin radiokuunnelma, joka nousi Ylen kuunnelluimmaksi yli miljoonalla k\u00e4ynnistyskerralla. Teos sovitettiin syyskuussa ensi-illan saaneeksi<br \/>\nesitykseksi Kajaanin kaupunginteatteriin. <\/p>\n<p>        <a itemprop=\"url\" href=\"https:\/\/www.seiska.fi\/kotimaa\/anja-aavikon-kuolinilmoitus-julkaistiin-helsingin-sanomissa-herkka-teksti-oli-avoinna-ovi-jo-taivaan-jossa-rakkaat-odottaa\/244477\" rel=\"nofollow noopener\" target=\"_blank\"><\/p>\n<p class=\"section-date\">\n        <strong class=\"article-section\" data-section=\"kotimaa\"><br \/>\n            kotimaa<br \/>\n        <\/strong><br \/>\n        25.9.2022 18:35\n    <\/p>\n<p>Anja Aavikon kuolinilmoitus julkaistiin Helsingin Sanomissa \u2013 herkk\u00e4 teksti: \u201dOli avoinna ovi jo taivaan, jossa rakkaat odottaa\u201d\n    <\/p>\n<p>        <\/a><\/p>\n","protected":false},"excerpt":{"rendered":"Seiskan arkisto Suomen kautta aikain traagisimpiin julkkiskaunottariin lukeutunut Armi Aavikko ajautui lopulliseen sy\u00f6ksykierteeseen rattijuopumustuomion my\u00f6t\u00e4. Vuonna 1995 Espoon&hellip;\n","protected":false},"author":2,"featured_media":66140,"comment_status":"","ping_status":"","sticky":false,"template":"","format":"standard","meta":{"footnotes":""},"categories":[130],"tags":[11773,8967,137,33,31,30,11419,8703,32,109],"class_list":{"0":"post-66139","1":"post","2":"type-post","3":"status-publish","4":"format-standard","5":"has-post-thumbnail","7":"category-viihde","8":"tag-armi-aavikko","9":"tag-danny","10":"tag-entertainment","11":"tag-fi","12":"tag-finland","13":"tag-finnish","14":"tag-ilkka-lipsanen","15":"tag-seiska-30-vuotta-sitten","16":"tag-suomi","17":"tag-viihde"},"share_on_mastodon":{"url":"","error":""},"_links":{"self":[{"href":"https:\/\/www.europesays.com\/fi\/wp-json\/wp\/v2\/posts\/66139","targetHints":{"allow":["GET"]}}],"collection":[{"href":"https:\/\/www.europesays.com\/fi\/wp-json\/wp\/v2\/posts"}],"about":[{"href":"https:\/\/www.europesays.com\/fi\/wp-json\/wp\/v2\/types\/post"}],"author":[{"embeddable":true,"href":"https:\/\/www.europesays.com\/fi\/wp-json\/wp\/v2\/users\/2"}],"replies":[{"embeddable":true,"href":"https:\/\/www.europesays.com\/fi\/wp-json\/wp\/v2\/comments?post=66139"}],"version-history":[{"count":0,"href":"https:\/\/www.europesays.com\/fi\/wp-json\/wp\/v2\/posts\/66139\/revisions"}],"wp:featuredmedia":[{"embeddable":true,"href":"https:\/\/www.europesays.com\/fi\/wp-json\/wp\/v2\/media\/66140"}],"wp:attachment":[{"href":"https:\/\/www.europesays.com\/fi\/wp-json\/wp\/v2\/media?parent=66139"}],"wp:term":[{"taxonomy":"category","embeddable":true,"href":"https:\/\/www.europesays.com\/fi\/wp-json\/wp\/v2\/categories?post=66139"},{"taxonomy":"post_tag","embeddable":true,"href":"https:\/\/www.europesays.com\/fi\/wp-json\/wp\/v2\/tags?post=66139"}],"curies":[{"name":"wp","href":"https:\/\/api.w.org\/{rel}","templated":true}]}}