{"id":66145,"date":"2025-10-19T06:22:08","date_gmt":"2025-10-19T06:22:08","guid":{"rendered":"https:\/\/www.europesays.com\/fi\/66145\/"},"modified":"2025-10-19T06:22:08","modified_gmt":"2025-10-19T06:22:08","slug":"japanin-ensimmaiseksi-naispaaministeriksi-tahtaava-rautarouva-ei-ole-feministi-ulkomaat","status":"publish","type":"post","link":"https:\/\/www.europesays.com\/fi\/66145\/","title":{"rendered":"Japanin ensimm\u00e4iseksi naisp\u00e4\u00e4\u00ad\u00administeriksi t\u00e4ht\u00e4\u00e4v\u00e4 \u201drautarouva\u201d ei ole feministi | Ulkomaat"},"content":{"rendered":"<p>Juttu tiivistettyn\u00e4<\/p>\n<ul class=\"aw-1jjocuh iJTSwP yle__article__list yle__article__list--ul\">\n<li class=\"aw-1j7gwms eEeLbO\">Japanin parlamentti valitsee ensi viikolla uuden p\u00e4\u00e4ministerin, ja ennakkosuosikki on hevirokkia fanittava Sanae Takaichi.<\/li>\n<li class=\"aw-1j7gwms eEeLbO\">Takaichi olisi ensimm\u00e4inen nainen Japanin p\u00e4\u00e4ministerin\u00e4, mutta LDP:ll\u00e4 ei ole enemmist\u00f6\u00e4 parlamentissa.<\/li>\n<li class=\"aw-1j7gwms eEeLbO\">Takaichi on kansallismielinen poliitikko, joka voi vaikuttaa my\u00f6s Japanin ulkopoliittisiin suhteisiin tulevaisuudessa.<\/li>\n<li class=\"aw-1j7gwms eEeLbO\">H\u00e4n aikoo jatkaa <strong class=\"aw-ak79eh KyCXm yle__article__strong\">Shinzo Aben<\/strong> taloudellisia uudistuksia, mutta on my\u00f6s br\u00e4nd\u00e4nnyt itsens\u00e4 maahanmuuttovastaiseksi.<\/li>\n<\/ul>\n<p class=\"aw-1gybjub aw-1p7kakr ghpEtB jtovHP yle__article__paragraph\">T\u00e4m\u00e4 on teko\u00e4lyn avulla tuotettu, toimittajan tarkistama tiivistelm\u00e4.<\/p>\n<p class=\"aw-1gybjub aw-1p7kakr ghpEtB jtovHP yle__article__paragraph\"><strong class=\"aw-ak79eh KyCXm yle__article__strong\">PEKING<\/strong> Japanin parlamentin on m\u00e4\u00e4r\u00e4 valita tiistaina maalle uusi p\u00e4\u00e4ministeri valinta poikkeuksellisen ep\u00e4varmoissa merkeiss\u00e4.<\/p>\n<p class=\"aw-1gybjub aw-1p7kakr ghpEtB jtovHP yle__article__paragraph\">P\u00e4\u00e4ministeriksi nousee mit\u00e4 todenn\u00e4k\u00f6isimmin 64-vuotias <strong class=\"aw-ak79eh KyCXm yle__article__strong\">Sanae Takaichi<\/strong>, joka valituksi tultuaan olisi ensimm\u00e4inen nainen maan hallituksen johdossa.<\/p>\n<p class=\"aw-1gybjub aw-1p7kakr ghpEtB jtovHP yle__article__paragraph\">L\u00e4hes koko toisen maailmansodan j\u00e4lkeisen ajan Japania hallinnut liberaalidemokraattinen puolue LDP valitsi Takaichin puheenjohtajaksi lokakuun alussa. LDP on kuitenkin vaikeuksissa, mik\u00e4 on mutkistanut valintaa.<\/p>\n<p>Sanae Takaichi lupasi tultuaan valituksi LDP:n puheenjohtajaksi tehd\u00e4 ty\u00f6t\u00e4 v\u00e4sym\u00e4tt\u00e4.<\/p>\n<p class=\"aw-1gybjub aw-1p7kakr ghpEtB jtovHP yle__article__paragraph\">LDP:ll\u00e4 ei ole nykyisen parlamentin kummassakaan kamarissa yksinkertaista enemmist\u00f6\u00e4. Sen perinteinen tukipuolue Komeito ilmoitti \u00e4\u00e4nest\u00e4v\u00e4ns\u00e4 p\u00e4\u00e4ministerivaalissa omaa ehdokastaan Takaichin sijaan.<\/p>\n<p class=\"aw-1gybjub aw-1p7kakr ghpEtB jtovHP yle__article__paragraph\">Hajanainen oppositio on pyrkinyt pyrkii kasaamaan rintaman, joka est\u00e4isi Takaichin nousun p\u00e4\u00e4ministeriksi. Perjantaina LDP kuitenkin l\u00f6ysi uuden kumppanin Nippon Ishin -puolueesta, joka irtautui oppositiorintamasta ja aikoo tukea tiistaina Takaichin valintaa.<\/p>\n<p class=\"aw-1gybjub aw-1p7kakr ghpEtB jtovHP yle__article__paragraph\">T\u00e4m\u00e4 juttu kertoo siit\u00e4, millaisen johtajan Japani saa, jos Sanae Takaichi nousee p\u00e4\u00e4ministeriksi.<\/p>\n<p>Rumpusetti esiin iltaisin<\/p>\n<p class=\"aw-1gybjub aw-1p7kakr ghpEtB jtovHP yle__article__paragraph\">Suomalaiset voivat samaistua Sanae Takaichiin h\u00e4nen harrastustensa kautta. Takaichi fanittaa heavyrockia ja moottoripy\u00f6ri\u00e4 isosti.<\/p>\n<p class=\"aw-1gybjub aw-1p7kakr ghpEtB jtovHP yle__article__paragraph\">Suosikkiyhtyeisiin kuuluvat Black Sabbath ja Iron Maiden. Kotimaisista rockyhtyeist\u00e4 soittolistalta l\u00f6ytyy muun muassa X Japan -yhtye.<\/p>\n<p class=\"aw-1gybjub aw-1p7kakr ghpEtB jtovHP yle__article__paragraph\">Opiskeluaikoinaan Takaichi soitti rumpuja rockyhtyeess\u00e4 eik\u00e4 harrastus ole i\u00e4n my\u00f6t\u00e4 kadonnut minnek\u00e4\u00e4n.<\/p>\n<p><img decoding=\"async\" alt=\"Japanilainen X Japan -rockyhtye soittaa lavalla.\" src=\"https:\/\/www.europesays.com\/fi\/wp-content\/uploads\/2025\/10\/39-153840468ef42b5e2cc4.jpeg\" loading=\"lazy\" class=\"aw-1l9m598 hKVVvP\"\/><\/p>\n<p>Avaa kuvien katselu<\/p>\n<p>X Japan -yhtye kuuluu Sanae Takaichin suosikkeihin. Kuva: All Over Press<\/p>\n<p class=\"aw-1gybjub aw-1p7kakr ghpEtB jtovHP yle__article__paragraph\">Takaichi on kertonut japanilaismedian haastatteluissa, ett\u00e4 h\u00e4nell\u00e4 on kotonaan s\u00e4hk\u00f6rummut. Niit\u00e4 hakkaamalla h\u00e4n purkaa turhautumistaan \u2013 usein aviopuolisoonsa.<\/p>\n<p class=\"aw-1gybjub aw-1p7kakr ghpEtB jtovHP yle__article__paragraph\">\u2013 Soitan mieheni menty\u00e4 nukkumaan, Takaichi vitsaili japanilaisen tubettajan haastattelussa.<\/p>\n<p class=\"aw-1gybjub aw-1p7kakr ghpEtB jtovHP yle__article__paragraph\">Harrastuksiin kuuluvat my\u00f6s moottoripy\u00f6r\u00e4t ja baseballin seuraaminen. Kawasaki-py\u00f6r\u00e4st\u00e4\u00e4n h\u00e4n luopui tultuaan kansanedustajaksi vuonna 1993.<\/p>\n<p>Politiikkaan eliitin ulkopuolelta<\/p>\n<p class=\"aw-1gybjub aw-1p7kakr ghpEtB jtovHP yle__article__paragraph\">Harrastukset kertovat osaltaan, ett\u00e4 Takaichi ei ole tyypillinen japanilaispoliitikko. Monet japanilaiset huippupoliitikot ovat poliittisten dynastioiden kasvatteja.<\/p>\n<p class=\"aw-1gybjub aw-1p7kakr ghpEtB jtovHP yle__article__paragraph\">Sellainen Takaichi ei ole. H\u00e4nen \u00e4itins\u00e4 ty\u00f6skenteli Naran prefektuurissa poliisilaitoksella ja is\u00e4 Toyotan autotehtaan alihankkijan palveluksessa.<\/p>\n<p class=\"aw-1gybjub aw-1p7kakr ghpEtB jtovHP yle__article__paragraph\">Perheen rahatilanne saneli h\u00e4nen koulutuksensa. Lukiossa hyvin menestyneelle Takaichille ovet olisivat olleet auki yksityisiin huippuyliopistoihin.<\/p>\n<p class=\"aw-1gybjub aw-1p7kakr ghpEtB jtovHP yle__article__paragraph\">El\u00e4m\u00e4kerrassaan Takaichi on kertonut, ett\u00e4 vanhemmat halusivat kuitenkin s\u00e4\u00e4st\u00e4\u00e4 rahaa pikkuveljen lukukausimaksuihin. T\u00e4m\u00e4n vuoksi h\u00e4n p\u00e4\u00e4tyi opiskelemaan liiketaloutta julkiseen Koben yliopistoon.<\/p>\n<p class=\"aw-1gybjub aw-1p7kakr ghpEtB jtovHP yle__article__paragraph\">Liiketalousopintojen j\u00e4lkeen h\u00e4n jatkoi hallintotieteiden parissa, mik\u00e4 avasi h\u00e4nelle tien Yhdysvaltoihin. 1980-luvun lopun h\u00e4n asui Washingtonissa ja ty\u00f6skenteli kongressissa muun muassa avustajana demokraattiedustaja <strong class=\"aw-ak79eh KyCXm yle__article__strong\">Pat Schroederin<\/strong> toimistossa.<\/p>\n<p>Japanin \u201dThatcher\u201d<\/p>\n<p class=\"aw-1gybjub aw-1p7kakr ghpEtB jtovHP yle__article__paragraph\">Poliitikkona Samae Takaichi on kansallismielinen konservatiivi, puolueensa oikeistoreunaa. H\u00e4n pit\u00e4\u00e4 poliittisena esikuvanaan Britannian ensimm\u00e4ist\u00e4 naisp\u00e4\u00e4ministeri\u00e4 <strong class=\"aw-ak79eh KyCXm yle__article__strong\">Margaret Thatcheria<\/strong>.<\/p>\n<p class=\"aw-1gybjub aw-1p7kakr ghpEtB jtovHP yle__article__paragraph\">\u2013 Tavoitteeni on tulla Rautarouvaksi, h\u00e4n sanoi kampanjoidessaan koululaisryhm\u00e4lle Thatcherin kutsumanime\u00e4 mukaillen.<\/p>\n<p class=\"aw-1gybjub aw-1p7kakr ghpEtB jtovHP yle__article__paragraph\">Feministin\u00e4 Takaichi ei itse\u00e4\u00e4n pid\u00e4. H\u00e4n on muun muassa vastustanut keisarihuoneessa vallan siirtymist\u00e4 naiselle ja naisten oikeutta olla ottamatta aviomiehen sukunime\u00e4.<\/p>\n<p class=\"aw-1gybjub aw-1p7kakr ghpEtB jtovHP yle__article__paragraph\">Takaichi on \u00e4\u00e4rikansallisena pidetyn Nippon Kaigi -lobbausryhm\u00e4n j\u00e4sen. Yhdistys pit\u00e4\u00e4 v\u00e4\u00e4ristyneen\u00e4 Japanin toisen maailmansodan j\u00e4lkeist\u00e4 historiankirjoitusta, koska se perustuu voittajavaltioiden n\u00e4kemykseen.<\/p>\n<p class=\"aw-1gybjub aw-1p7kakr ghpEtB jtovHP yle__article__paragraph\">Ryhm\u00e4n tavoitteiden mukaisesti Takaichi kannattaa is\u00e4nmaallista kasvatusta kouluissa ja haluaa uudistaa Japanin pasifistisen perustuslain, joka nykyisell\u00e4\u00e4n kielt\u00e4\u00e4 sodan ja rajoittaa armeijan itsepuolustusjoukoiksi.<\/p>\n<p><img decoding=\"async\" alt=\"Sanae Takaichi kumartaa vieraillessaan kiistellyss\u00e4 Yasukunin pyh\u00e4k\u00f6ss\u00e4.\" src=\"https:\/\/www.europesays.com\/fi\/wp-content\/uploads\/2025\/10\/39-153840568ef439400790.jpeg\" loading=\"lazy\" class=\"aw-1l9m598 hKVVvP\"\/><\/p>\n<p>Avaa kuvien katselu<\/p>\n<p>Sanae Takaichi on vieraillut s\u00e4\u00e4nn\u00f6llisesti kiistellyss\u00e4 Yasukunin pyh\u00e4k\u00f6ss\u00e4. Kuva: REUTERS<\/p>\n<p class=\"aw-1gybjub aw-1p7kakr ghpEtB jtovHP yle__article__paragraph\">Takaichi kuuluu my\u00f6s niihin kansallismielisiin poliitikkoihin, jotka k\u00e4yv\u00e4t vuosittain tervehdyksell\u00e4 Yasukunin pyh\u00e4k\u00f6ss\u00e4. Se on sodassa kaatuneiden muistomerkki.<\/p>\n<p class=\"aw-1gybjub aw-1p7kakr ghpEtB jtovHP yle__article__paragraph\">K\u00e4ynnit ovat kiistanalaisia, koska Japanin toisessa maailmansodassa miehitt\u00e4miss\u00e4 maissa kuten Kiinassa ja Koreassa tulkitaan, ett\u00e4 pyh\u00e4k\u00f6ss\u00e4 k\u00e4vij\u00e4t palvovat sotarikollisia.<\/p>\n<p class=\"aw-1gybjub aw-1p7kakr ghpEtB jtovHP yle__article__paragraph\">Tultuaan valituksi LDP:n puheenjohtajaksi Takaichi on kuitenkin osoittanut maltillisuutta. H\u00e4n on sanonut j\u00e4tt\u00e4v\u00e4ns\u00e4 t\u00e4n\u00e4 syksyn\u00e4 k\u00e4ynnin Yasukunissa v\u00e4liin.<\/p>\n<p>Kiina-haukka ja talousuudistaja<\/p>\n<p class=\"aw-1gybjub aw-1p7kakr ghpEtB jtovHP yle__article__paragraph\">Japanin tuleva p\u00e4\u00e4ministeri perii moniongelmaisen maan, jonka hyvinvointia uhkaavat v\u00e4est\u00f6n vanheneminen ja hidas talouskasvu.<\/p>\n<p class=\"aw-1gybjub aw-1p7kakr ghpEtB jtovHP yle__article__paragraph\">Sanae Takaichi oli edesmenneen p\u00e4\u00e4ministerin <strong class=\"aw-ak79eh KyCXm yle__article__strong\">Shinzo Aben<\/strong> suojatti. Aben murha vuonna 2022 Takaichin kotiprefektuurissa Narassa oli h\u00e4nelle j\u00e4rkytys.<\/p>\n<p class=\"aw-1gybjub aw-1p7kakr ghpEtB jtovHP yle__article__paragraph\">Takaichi on luvannut jatkaa Aben talouspolitiikkaa, joka tunnetaan nimell\u00e4 abenomics. Se perustuu l\u00f6yh\u00e4\u00e4n rahapolitiikkaan, valtion harjoittamaan elvytykseen ja rakenteellisiin uudistuksiin.<\/p>\n<p><img decoding=\"async\" alt=\"Shinzo Abe ja Sanae Takachi istuivat samassa p\u00f6yd\u00e4ss\u00e4 vuonna 2014.\" src=\"https:\/\/www.europesays.com\/fi\/wp-content\/uploads\/2025\/10\/39-153840668ef44eba658a.jpeg\" loading=\"lazy\" class=\"aw-1l9m598 hKVVvP\"\/><\/p>\n<p>Avaa kuvien katselu<\/p>\n<p>Edesmennyt p\u00e4\u00e4ministeri Shinzo Abe (vas.) oli Sanae Takaichin oppi-is\u00e4. Kuva: Toshifumi Kitamura\/All Over Press<img decoding=\"async\" alt=\"Sanae Takaichi rukoilee Shinxo Aben ruumista kuljettavan auton vierell\u00e4.\" src=\"https:\/\/www.europesays.com\/fi\/wp-content\/uploads\/2025\/10\/39-153840968ef45da8417d.jpeg\" loading=\"lazy\" class=\"aw-1l9m598 hKVVvP\"\/><\/p>\n<p>Avaa kuvien katselu<\/p>\n<p>Sanae Takaichi rukoili Shinzo Aben ruumista kuljettavan auton vierell\u00e4 vuonna 2022. Kuva: David Mareuil\/All Over Press<\/p>\n<p class=\"aw-1gybjub aw-1p7kakr ghpEtB jtovHP yle__article__paragraph\">Yhdess\u00e4 abenomicsin kohdassa Takeichi kuitenkin poikkeaa oppi-is\u00e4st\u00e4\u00e4n.<\/p>\n<p class=\"aw-1gybjub aw-1p7kakr ghpEtB jtovHP yle__article__paragraph\">Aben rakenteellisiin uudistuksiin kuului maahanmuuton l\u00f6ysent\u00e4minen vastauksena Japanin v\u00e4est\u00f6katoon.<\/p>\n<p class=\"aw-1gybjub aw-1p7kakr ghpEtB jtovHP yle__article__paragraph\">Takeichi kuitenkin on br\u00e4nd\u00e4nnyt itsens\u00e4 maahanmuuttovastaiseksi. H\u00e4n on haistanut populistisen laitaoikeiston nousun LDP:n ulkopuolella, mit\u00e4 ruokkii kasvava muukalaisvastaisuus.<\/p>\n<p class=\"aw-1gybjub aw-1p7kakr ghpEtB jtovHP yle__article__paragraph\">Ulkopoliittisesti Takaichia pidet\u00e4\u00e4n Kiina-haukkana, joka on puhunut muun muassa Japanissa asuvien kiinalaisten muodostamasta tuvallisuusuhasta ja tukenut Taiwania. Kiina on kuitenkin Japanin merkitt\u00e4vin kauppakumppani, joten p\u00e4\u00e4ministerin\u00e4 puheet todenn\u00e4k\u00f6isesti loivenisivat.<\/p>\n<p class=\"aw-1gybjub aw-1p7kakr ghpEtB jtovHP yle__article__paragraph\">Japanin tuleva p\u00e4\u00e4ministeri saa lent\u00e4v\u00e4n l\u00e4hd\u00f6n suhteissa Yhdysvaltoihin. Presidentti <strong class=\"aw-ak79eh KyCXm yle__article__strong\">Donald Trumpin<\/strong> odotetaan vierailevan maassa lokakuun lopussa.<\/p>\n<p class=\"aw-1gybjub aw-1p7kakr ghpEtB jtovHP yle__article__paragraph\">Trump piti jo Takaichin valintaa LDP:n puheenjohtajaksi \u201dvaltavan hyv\u00e4n\u00e4 uutisena\u201d Japanille.<\/p>\n<p class=\"aw-1gybjub aw-1p7kakr ghpEtB jtovHP yle__article__paragraph\">L\u00e4hteet: AP, Reuters<\/p>\n<p class=\"aw-1gybjub aw-1p7kakr ghpEtB jtovHP yle__article__paragraph\">Muut l\u00e4hteet: NHK, Nikkei Asia, CNN, BBC, Tokyo Weekender, Asahi Shimbun, The Mainichi, The Economist<\/p>\n","protected":false},"excerpt":{"rendered":"Juttu tiivistettyn\u00e4 Japanin parlamentti valitsee ensi viikolla uuden p\u00e4\u00e4ministerin, ja ennakkosuosikki on hevirokkia fanittava Sanae Takaichi. Takaichi olisi&hellip;\n","protected":false},"author":2,"featured_media":66146,"comment_status":"","ping_status":"","sticky":false,"template":"","format":"standard","meta":{"footnotes":""},"categories":[14],"tags":[22,23,26,27,33,31,30,17,1343,14986,14987,70,24,25,28,29,15,18,21,14988,32,19,20,56,16,59,60,61],"class_list":{"0":"post-66145","1":"post","2":"type-post","3":"status-publish","4":"format-standard","5":"has-post-thumbnail","7":"category-ulkomaat","8":"tag-breaking-news","9":"tag-breakingnews","10":"tag-featured-news","11":"tag-featurednews","12":"tag-fi","13":"tag-finland","14":"tag-finnish","15":"tag-headlines","16":"tag-japani","17":"tag-japanin-liberaalidemokraattinen-puolue","18":"tag-japanin-politiikka","19":"tag-kansainvalinen-politiikka","20":"tag-latest-news","21":"tag-latestnews","22":"tag-main-news","23":"tag-mainnews","24":"tag-news","25":"tag-otsikot","26":"tag-paauutiset","27":"tag-sanae-takaichi","28":"tag-suomi","29":"tag-top-stories","30":"tag-topstories","31":"tag-ulkomaat","32":"tag-uutiset","33":"tag-world","34":"tag-world-news","35":"tag-worldnews"},"share_on_mastodon":{"url":"","error":""},"_links":{"self":[{"href":"https:\/\/www.europesays.com\/fi\/wp-json\/wp\/v2\/posts\/66145","targetHints":{"allow":["GET"]}}],"collection":[{"href":"https:\/\/www.europesays.com\/fi\/wp-json\/wp\/v2\/posts"}],"about":[{"href":"https:\/\/www.europesays.com\/fi\/wp-json\/wp\/v2\/types\/post"}],"author":[{"embeddable":true,"href":"https:\/\/www.europesays.com\/fi\/wp-json\/wp\/v2\/users\/2"}],"replies":[{"embeddable":true,"href":"https:\/\/www.europesays.com\/fi\/wp-json\/wp\/v2\/comments?post=66145"}],"version-history":[{"count":0,"href":"https:\/\/www.europesays.com\/fi\/wp-json\/wp\/v2\/posts\/66145\/revisions"}],"wp:featuredmedia":[{"embeddable":true,"href":"https:\/\/www.europesays.com\/fi\/wp-json\/wp\/v2\/media\/66146"}],"wp:attachment":[{"href":"https:\/\/www.europesays.com\/fi\/wp-json\/wp\/v2\/media?parent=66145"}],"wp:term":[{"taxonomy":"category","embeddable":true,"href":"https:\/\/www.europesays.com\/fi\/wp-json\/wp\/v2\/categories?post=66145"},{"taxonomy":"post_tag","embeddable":true,"href":"https:\/\/www.europesays.com\/fi\/wp-json\/wp\/v2\/tags?post=66145"}],"curies":[{"name":"wp","href":"https:\/\/api.w.org\/{rel}","templated":true}]}}