{"id":66158,"date":"2025-10-19T06:44:09","date_gmt":"2025-10-19T06:44:09","guid":{"rendered":"https:\/\/www.europesays.com\/fi\/66158\/"},"modified":"2025-10-19T06:44:09","modified_gmt":"2025-10-19T06:44:09","slug":"nayttelija-sam-shepard-kuoli-alsiin","status":"publish","type":"post","link":"https:\/\/www.europesays.com\/fi\/66158\/","title":{"rendered":"N\u00e4yttelij\u00e4 Sam Shepard kuoli ALS:iin"},"content":{"rendered":"<p>\n            Sam Shepard<br \/>\n            Marion Curtis\/All Over Press\n        <\/p>\n<p class=\"subtitle \">Pelikaanimuistio-n\u00e4yttelij\u00e4 salasi vakavan sairauden.<\/p>\n<p class=\"article-content article-content-width !bg-background\"> ja  t\u00e4hditt\u00e4m\u00e4 Pelikaanimuistio\u00a0(1993) pohjautuu  menestysromaaniin.<\/p>\n<p class=\"font-weight-bold m-font-weight-bold article-content article-content-width !bg-background\">Videolla n\u00e4yttelij\u00e4 Jani Volanen muistelee el\u00e4m\u00e4ns\u00e4 juhlia.\u00a0<\/p>\n<p class=\"article-content article-content-width !bg-background\">Kaksi Yhdysvaltain korkeimman oikeuden tuomaria murhataan samana y\u00f6n\u00e4. Oikeustieteen opiskelija Darby Shaw kiinnostuu tapauksesta ja laatii muistion, joka osuu vaarallisen l\u00e4helle totuutta.<\/p>\n<p>        <a itemprop=\"url\" href=\"https:\/\/www.seiska.fi\/katso\/angie-dickinsonin-suuri-suru-puoliso-sulki-lapsen-sairaalaan\/1943244\" rel=\"nofollow noopener\" target=\"_blank\"><\/p>\n<p>\nAngie Dickinson\n<\/p>\n<p class=\"section-date\">\n        <strong class=\"article-section\" data-section=\"katso\"><br \/>\n            katso<br \/>\n        <\/strong><br \/>\n        27.9. 14:15\n    <\/p>\n<p>Angie Dickinsonin suuri suru &#8211; puoliso sulki lapsen sairaalaan\n    <\/p>\n<p itemprop=\"description\" class=\"subtitle \">\n    Rio Bravo -n\u00e4yttelij\u00e4n rakastajia ovat olleet niin presidentti kuin leffat\u00e4hdet.\n<\/p>\n<p>        <\/a><\/p>\n<p class=\"article-content article-content-width !bg-background\"> ohjaama elokuva n\u00e4hd\u00e4\u00e4n sunnuntaina 19. lokakuuta Friill\u00e4.<\/p>\n<p>Vain l\u00e4heiset tiesiv\u00e4t<\/p>\n<p class=\"article-content article-content-width !bg-background\">Elokuvassa lakitieteen professori Thomas Callahanin roolissa n\u00e4hd\u00e4\u00e4n n\u00e4yttelij\u00e4 .<\/p>\n<p class=\"article-content article-content-width !bg-background\">N\u00e4yttelemisen lis\u00e4ksi h\u00e4net tunnetaan k\u00e4sikirjoittajana, ohjaajana ja Pulitzer-palkittuna n\u00e4ytelm\u00e4kirjailijana.<\/p>\n<p>                <img decoding=\"async\" src=\"https:\/\/www.europesays.com\/fi\/wp-content\/uploads\/2025\/10\/1966270.webp\" width=\"576\" height=\"351\" alt=\"Sam Shepard yhdess\u00e4 Julia Robertsin kanssa elokuvassa Pelikaanimuistio.\" loading=\"lazy\" \/>            <\/p>\n<p>\n            Sam Shepard yhdess\u00e4 Julia Robertsin kanssa elokuvassa Pelikaanimuistio.<br \/>\n            Moviestore\/All Over Press\n        <\/p>\n<p class=\"article-content article-content-width !bg-background\">Samin menestyksek\u00e4s ura p\u00e4\u00e4ttyi, kun h\u00e4n sairastui amyotrofiseen lateraaliskleroosiin eli ALSiin.<\/p>\n<p class=\"article-content article-content-width !bg-background\">Se on selk\u00e4ytimess\u00e4 kulkevien liikehermojen sairaus, jossa lihaksia k\u00e4skytt\u00e4v\u00e4t liikehermot tuhoutuvat v\u00e4hitellen. Sairauden aiheuttajaa ei tunneta. Tauti on etenev\u00e4 eik\u00e4 siihen toistaiseksi ole parantavaa hoitoa.<\/p>\n<p>        <a itemprop=\"url\" href=\"https:\/\/www.seiska.fi\/katso\/arnold-schwarzenegger-salasi-hengenvaarallisen-sairautensa-julkisuuskuva-on-ollut-kaikki-kaikessa\/1453990\" rel=\"nofollow noopener\" target=\"_blank\"><\/p>\n<p class=\"section-date\">\n        <strong class=\"article-section\" data-section=\"katso\"><br \/>\n            katso<br \/>\n        <\/strong><br \/>\n        9.9.2024 15:15\n    <\/p>\n<p>Arnold Schwarzenegger salasi hengenvaarallisen sairautensa: &#8221;Julkisuuskuva on ollut kaikki kaikessa&#8221;\n    <\/p>\n<p itemprop=\"description\" class=\"subtitle \">\n    Iso-Arskan oli my\u00f6nnett\u00e4v\u00e4 itselleen, ettei ole kone vaan haavoittuva ihminen.\n<\/p>\n<p>        <\/a><\/p>\n<p class=\"article-content article-content-width !bg-background\">Sam oli vaitonainen vakavasta sairaudestaan, ja vain h\u00e4nen perheens\u00e4 ja l\u00e4heisimm\u00e4t kollegansa tiesiv\u00e4t miehen kohtalosta.<\/p>\n<p class=\"article-content article-content-width !bg-background\">Parin vuoden taistelun j\u00e4lkeen Sam menehtyi 73-vuotiaana hein\u00e4kuussa 2017.<\/p>\n<p>Kirjoitti kirjan kuolinvuoteella<\/p>\n<p class=\"article-content article-content-width !bg-background\">Sairauden my\u00f6t\u00e4 Sam j\u00e4tti julkiset ty\u00f6ns\u00e4 ja vet\u00e4ytyi kotiinsa Kentuckyn osavaltiossa.<\/p>\n<p class=\"article-content article-content-width !bg-background\">Ty\u00f6nteosta h\u00e4n ei kuitenkaan koskaan luopunut, vaan kirjoitti viimeiseen hengenvetoon asti.\u00a0<\/p>\n<p class=\"article-content article-content-width !bg-background\">Pian kuolemansa j\u00e4lkeen julkaistiin Samin viimeiseksi j\u00e4\u00e4nyt kirja Spy\u00a0of the First Person, jota h\u00e4n ty\u00f6sti kuolinvuoteessaan.<\/p>\n<p class=\"article-content article-content-width !bg-background\">Kirjan tarina on fiktiivinen, mutta se peilaa Samin omia kokemuksia.\u00a0<\/p>\n<p>                <img decoding=\"async\" src=\"https:\/\/www.europesays.com\/fi\/wp-content\/uploads\/2025\/10\/1966279.webp\" width=\"576\" height=\"720\" alt=\"Sam rakastui vastan\u00e4yttelij\u00e4\u00e4ns\u00e4 Jessica Langeen vuonna 1982 elokuvan Frances kuvauksissa. He eliv\u00e4t yhdess\u00e4 27 vuotta ja saivat kaksi lasta.\" loading=\"lazy\" \/>            <\/p>\n<p>\n            Sam rakastui vastan\u00e4yttelij\u00e4\u00e4ns\u00e4 Jessica Langeen vuonna 1982 elokuvan Frances kuvauksissa. He eliv\u00e4t yhdess\u00e4 27 vuotta ja saivat kaksi lasta.<br \/>\n            Dave Allocca\/All Over Press\n        <\/p>\n<p class=\"article-content article-content-width !bg-background\">Tarinassa nimet\u00f6n kertoja k\u00e4y l\u00e4pi muistojaan vaikean sairauden kourissa. Kuten Samin, on sairaus tehnyt my\u00f6s kirjan p\u00e4\u00e4henkil\u00f6st\u00e4 riippuvaisen muista ihmisist\u00e4.\u00a0<\/p>\n<p class=\"article-content article-content-width !bg-background\">Sairauden alkuvaiheessa Sam kirjoitti itse kirjoituskoneella. Kun h\u00e4nen k\u00e4tens\u00e4 eiv\u00e4t en\u00e4\u00e4 toimineet, siirtyi h\u00e4n sanelemaan tarinan.<\/p>\n<p class=\"article-content article-content-width !bg-background\">N\u00e4yttelij\u00e4n siskot ja tyt\u00e4r kirjoittivat sanellut tekstit puhtaiksi.<\/p>\n<p class=\"article-content article-content-width !bg-background\">Vain viikko ennen kuolemaansa Sam luki kirjansa k\u00e4sikirjoituksen l\u00e4pi ja teki siihen viimeiset muokkaukset yhdess\u00e4 tytt\u00e4rens\u00e4 kanssa.<\/p>\n<p class=\"italic m-italic article-content article-content-width !bg-background\">Pelikaanimuistio n\u00e4hd\u00e4\u00e4n Friill\u00e4 sunnuntaina 19. lokakuuta klo 18.05 sek\u00e4 lauantaina 25. lokakuuta klo 00.00.\u00a0<\/p>\n<p>        <a itemprop=\"url\" href=\"https:\/\/www.seiska.fi\/katso\/60-vuotta-sound-of-musicia-nama-nayttelijat-kokivat-surullisen-kohtalon\/1634730\" rel=\"nofollow noopener\" target=\"_blank\"><\/p>\n<p>\nSound of Music 60 vuotta\n<\/p>\n<p class=\"section-date\">\n        <strong class=\"article-section\" data-section=\"katso\"><br \/>\n            katso<br \/>\n        <\/strong><br \/>\n        9.3. 11:15\n    <\/p>\n<p>60 vuotta Sound of Musicia &#8211; n\u00e4m\u00e4 n\u00e4yttelij\u00e4t kokivat surullisen kohtalon\n    <\/p>\n<p itemprop=\"description\" class=\"subtitle \">\n    Sy\u00f6p\u00e4, vammainen lapsi, sota, \u00e4\u00e4nen menetys&#8230; el\u00e4m\u00e4 on koetellut monella tapaa klassikkoleffan t\u00e4hti\u00e4.\n<\/p>\n<p>        <\/a><\/p>\n","protected":false},"excerpt":{"rendered":"Sam Shepard Marion Curtis\/All Over Press Pelikaanimuistio-n\u00e4yttelij\u00e4 salasi vakavan sairauden. ja t\u00e4hditt\u00e4m\u00e4 Pelikaanimuistio\u00a0(1993) pohjautuu menestysromaaniin. Videolla n\u00e4yttelij\u00e4 Jani&hellip;\n","protected":false},"author":2,"featured_media":66159,"comment_status":"","ping_status":"","sticky":false,"template":"","format":"standard","meta":{"footnotes":""},"categories":[130],"tags":[14990,14992,3707,137,33,31,30,14991,7253,2636,683,3893,14993,32,8989,109],"class_list":{"0":"post-66158","1":"post","2":"type-post","3":"status-publish","4":"format-standard","5":"has-post-thumbnail","7":"category-viihde","8":"tag-alan-j-pakula","9":"tag-als","10":"tag-denzel-washington","11":"tag-entertainment","12":"tag-fi","13":"tag-finland","14":"tag-finnish","15":"tag-john-grisham","16":"tag-julia-roberts","17":"tag-kirja","18":"tag-kuolema","19":"tag-sairaus","20":"tag-sam-shepard","21":"tag-suomi","22":"tag-tragedia","23":"tag-viihde"},"share_on_mastodon":{"url":"","error":""},"_links":{"self":[{"href":"https:\/\/www.europesays.com\/fi\/wp-json\/wp\/v2\/posts\/66158","targetHints":{"allow":["GET"]}}],"collection":[{"href":"https:\/\/www.europesays.com\/fi\/wp-json\/wp\/v2\/posts"}],"about":[{"href":"https:\/\/www.europesays.com\/fi\/wp-json\/wp\/v2\/types\/post"}],"author":[{"embeddable":true,"href":"https:\/\/www.europesays.com\/fi\/wp-json\/wp\/v2\/users\/2"}],"replies":[{"embeddable":true,"href":"https:\/\/www.europesays.com\/fi\/wp-json\/wp\/v2\/comments?post=66158"}],"version-history":[{"count":0,"href":"https:\/\/www.europesays.com\/fi\/wp-json\/wp\/v2\/posts\/66158\/revisions"}],"wp:featuredmedia":[{"embeddable":true,"href":"https:\/\/www.europesays.com\/fi\/wp-json\/wp\/v2\/media\/66159"}],"wp:attachment":[{"href":"https:\/\/www.europesays.com\/fi\/wp-json\/wp\/v2\/media?parent=66158"}],"wp:term":[{"taxonomy":"category","embeddable":true,"href":"https:\/\/www.europesays.com\/fi\/wp-json\/wp\/v2\/categories?post=66158"},{"taxonomy":"post_tag","embeddable":true,"href":"https:\/\/www.europesays.com\/fi\/wp-json\/wp\/v2\/tags?post=66158"}],"curies":[{"name":"wp","href":"https:\/\/api.w.org\/{rel}","templated":true}]}}