{"id":66169,"date":"2025-10-19T07:09:07","date_gmt":"2025-10-19T07:09:07","guid":{"rendered":"https:\/\/www.europesays.com\/fi\/66169\/"},"modified":"2025-10-19T07:09:07","modified_gmt":"2025-10-19T07:09:07","slug":"thierry-neuville-rysaytti-pain-sillankaidetta-paivan-avauspatka-peruttiin-yle-seuraa-mm-rallia-urheilu","status":"publish","type":"post","link":"https:\/\/www.europesays.com\/fi\/66169\/","title":{"rendered":"Thierry Neuville rys\u00e4ytti p\u00e4in sillankaidetta, p\u00e4iv\u00e4n avausp\u00e4tk\u00e4 peruttiin \u2013 Yle seuraa MM-rallia | Urheilu"},"content":{"rendered":"<p>TILANNE 14\/18 EK:N J\u00c4LKEENErikoiskokeiden voittajat<\/p>\n<p class=\"aw-lzd4tw hrgmTi\">Torstai 16.10.<\/p>\n<p class=\"aw-lzd4tw hrgmTi\">EK 1  12,83 km nopein Ogier<br \/>\nEK 2  12,83 km nopein Rovanper\u00e4<\/p>\n<p class=\"aw-lzd4tw hrgmTi\">Perjantai 17.10.<br \/>\n\u00a0<br \/>\nEK 3  10,86 km nopein Neuville<br \/>\nEK 4  15,27 km nopein Rovanper\u00e4<br \/>\nEK 5  23,37 km nopein Ogier<br \/>\nEK 6  23,37 km nopein Rovanper\u00e4<br \/>\nEK 7  15,27 km nopein Rovanper\u00e4<br \/>\nEK 8  10,86 km nopein Evans<\/p>\n<p class=\"aw-lzd4tw hrgmTi\">Lauantai 18.10.<br \/>\n\u00a0<br \/>\nEK 9  14,30 km nopein Rovanper\u00e4<br \/>\nEK 10  21,95 km nopein Rovanper\u00e4<br \/>\nEK 11  15,57 km nopein Katsuta<br \/>\nEK 12  21,95 km nopein T\u00e4nak<br \/>\nEK 13  15,57 km nopein Katsuta<br \/>\nEK 14  14,30 km nopein Neuville <\/p>\n<p>Sunnuntai 19.10.<br \/>\n\u00a0<br \/>\nEK 15  12,37 km peruttiin<br \/>\nEK 16  26,52 km, klo 11.05<br \/>\nEK 17  12,37 km, klo 12.10<br \/>\nEK 18  26,52 km, klo 14.15<\/p>\n","protected":false},"excerpt":{"rendered":"TILANNE 14\/18 EK:N J\u00c4LKEENErikoiskokeiden voittajat Torstai 16.10. EK 1 12,83 km nopein Ogier EK 2 12,83 km nopein&hellip;\n","protected":false},"author":2,"featured_media":66170,"comment_status":"","ping_status":"","sticky":false,"template":"","format":"standard","meta":{"footnotes":""},"categories":[158],"tags":[33,31,30,3241,3540,159,32,160],"class_list":{"0":"post-66169","1":"post","2":"type-post","3":"status-publish","4":"format-standard","5":"has-post-thumbnail","7":"category-urheilu","8":"tag-fi","9":"tag-finland","10":"tag-finnish","11":"tag-ralliautoilu","12":"tag-rallin-mm-sarja","13":"tag-sports","14":"tag-suomi","15":"tag-urheilu"},"share_on_mastodon":{"url":"","error":""},"_links":{"self":[{"href":"https:\/\/www.europesays.com\/fi\/wp-json\/wp\/v2\/posts\/66169","targetHints":{"allow":["GET"]}}],"collection":[{"href":"https:\/\/www.europesays.com\/fi\/wp-json\/wp\/v2\/posts"}],"about":[{"href":"https:\/\/www.europesays.com\/fi\/wp-json\/wp\/v2\/types\/post"}],"author":[{"embeddable":true,"href":"https:\/\/www.europesays.com\/fi\/wp-json\/wp\/v2\/users\/2"}],"replies":[{"embeddable":true,"href":"https:\/\/www.europesays.com\/fi\/wp-json\/wp\/v2\/comments?post=66169"}],"version-history":[{"count":0,"href":"https:\/\/www.europesays.com\/fi\/wp-json\/wp\/v2\/posts\/66169\/revisions"}],"wp:featuredmedia":[{"embeddable":true,"href":"https:\/\/www.europesays.com\/fi\/wp-json\/wp\/v2\/media\/66170"}],"wp:attachment":[{"href":"https:\/\/www.europesays.com\/fi\/wp-json\/wp\/v2\/media?parent=66169"}],"wp:term":[{"taxonomy":"category","embeddable":true,"href":"https:\/\/www.europesays.com\/fi\/wp-json\/wp\/v2\/categories?post=66169"},{"taxonomy":"post_tag","embeddable":true,"href":"https:\/\/www.europesays.com\/fi\/wp-json\/wp\/v2\/tags?post=66169"}],"curies":[{"name":"wp","href":"https:\/\/api.w.org\/{rel}","templated":true}]}}