{"id":66171,"date":"2025-10-19T07:10:08","date_gmt":"2025-10-19T07:10:08","guid":{"rendered":"https:\/\/www.europesays.com\/fi\/66171\/"},"modified":"2025-10-19T07:10:08","modified_gmt":"2025-10-19T07:10:08","slug":"laulaja-tero-vesterinen-tayttaa-50-vuotta","status":"publish","type":"post","link":"https:\/\/www.europesays.com\/fi\/66171\/","title":{"rendered":"Laulaja Tero Vesterinen t\u00e4ytt\u00e4\u00e4 50 vuotta"},"content":{"rendered":"<p>            Seiska\n        <\/p>\n<p class=\"subtitle \">Raskasta rokkia kitaroinut Tero Vesterinen p\u00e4\u00e4tyi laulusolistiksi puolisattumalta.<\/p>\n<p class=\"article-content article-content-width !bg-background\"> rakkaus musiikkiin syntyi kodin kautta ja verenperint\u00f6n\u00e4. Is\u00e4  tapasi soitella kotona kitaraa, ja isois\u00e4  oli legendaarinen harmonikansoittaja.<\/p>\n<p class=\"article-content article-content-width !bg-background\">\u2013\u00a0Soittelin kitaraa my\u00f6s yhdess\u00e4 faijan kanssa. Vaarini kuoli ennen syntym\u00e4\u00e4ni, mutta k\u00e4vimme perheen\u00e4 h\u00e4nen muistokonserteissaan. Lis\u00e4ksi tapasin kahlata innokkaasti l\u00e4pi faijan levyhylly\u00e4, josta l\u00f6ytyi Agentsia, Shadowsia, Zeppelini\u00e4, Beatlesia, Eaglesia ja vaikka mit\u00e4.<\/p>\n<p>                <img decoding=\"async\" src=\"https:\/\/www.europesays.com\/fi\/wp-content\/uploads\/2025\/10\/1963028.webp\" width=\"576\" height=\"274\" alt=\"Musiikki on Terolle kaikki kaikessa, mutta nuorempana h\u00e4n lauloi vain karaokessa.\" loading=\"lazy\" \/>            <\/p>\n<p>\n            Musiikki on Terolle kaikki kaikessa, mutta nuorempana h\u00e4n lauloi vain karaokessa.<br \/>\n            Antti Aimo-Koivisto\n        <\/p>\n<p class=\"article-content article-content-width !bg-background\">Tero opiskeli kitaransoittoa Oulunkyl\u00e4n Pop &amp; Jazz konservatoriossa ja soitti l\u00e4hinn\u00e4 raskasta rockia eri b\u00e4ndeiss\u00e4.\u00a0<\/p>\n<p>        <a itemprop=\"url\" href=\"https:\/\/www.seiska.fi\/kotimaa\/tero-vesterinen-varttui-vantaan-legendaarisessa-lahiossa-martsarissa-kahnauksista-huolimatta-kaikki-pitivat-yhta\/1442667\" rel=\"nofollow noopener\" target=\"_blank\"><\/p>\n<p class=\"section-date\">\n        <strong class=\"article-section\" data-section=\"kotimaa\"><br \/>\n            kotimaa<br \/>\n        <\/strong><br \/>\n        1.9.2024 11:00\n    <\/p>\n<p>Tero Vesterinen varttui Vantaan legendaarisessa l\u00e4hi\u00f6ss\u00e4 Martsarissa: &#8221;Kahnauksista huolimatta kaikki pitiv\u00e4t yht\u00e4&#8221;\n    <\/p>\n<p itemprop=\"description\" class=\"subtitle \">\n    Tero Vesterinen muistelee l\u00e4mm\u00f6ll\u00e4 nuoruuttaan Martinlaaksossa.\n<\/p>\n<p>        <\/a><\/p>\n<p class=\"article-content article-content-width !bg-background\">Alle 30-vuotiaana h\u00e4n oli jo lopettelemassa b\u00e4ndikuvioita, koska ei ollut mielest\u00e4\u00e4n p\u00e4\u00e4ssyt soittajana haluamalleen tasolle.<\/p>\n<p>Tuurasin laulajaa <\/p>\n<p class=\"article-content article-content-width !bg-background\">Tuossa vaiheessa Tero p\u00e4\u00e4tyi puolisattumalta er\u00e4\u00e4n cover-b\u00e4ndin laulajaksi. Sit\u00e4 ennen h\u00e4n oli laulanut l\u00e4hinn\u00e4 karaokessa.<\/p>\n<p class=\"article-content article-content-width !bg-background\">\u2013 Tuo b\u00e4ndi tarvitsi uuden laulajan. Ensimm\u00e4isell\u00e4 keikalla olin tuuraajana. Keikan p\u00e4\u00e4tytty\u00e4 b\u00e4ndin soittajat totesivat v\u00e4h\u00e4n ihmeiss\u00e4\u00e4n, ett\u00e4 &#8221;j\u00e4tk\u00e4h\u00e4n laulaa tosi hyvin&#8221;. Itsekin olin asiasta v\u00e4h\u00e4n yll\u00e4ttynyt, en ollut ajatellut itse\u00e4ni laulajana.<\/p>\n<p class=\"article-content article-content-width !bg-background\">Vesterinen keikkaili cover-b\u00e4ndin solistina nelj\u00e4n vuoden ajan. Sittemmin osa sen soittajista ja muutama muu kaveripiirin j\u00e4sen p\u00e4\u00e4tti perustaa uuden b\u00e4ndin, jonka nimeksi tuli Vesterinen Yhtyeineen.<\/p>\n<p>Innostus musiikkiin<\/p>\n<p class=\"article-content article-content-width !bg-background\">B\u00e4ndi t\u00e4ytt\u00e4\u00e4 ensi vuonna 20 vuotta. Takana on kahdeksan studiolevy\u00e4 sek\u00e4 kaksi livelevy\u00e4 ja yksi kokoelmalevy. Parhaillaan yhtye purkittaa uutta studiolevy\u00e4 ja k\u00e4ynniss\u00e4 on my\u00f6s konserttisalikiertue.<\/p>\n<p class=\"article-content article-content-width !bg-background\">\u2013 Tapanani on ollut tehd\u00e4 asioita itseohjautuvasti ja kantap\u00e4\u00e4n kautta, ja sama p\u00e4tee my\u00f6s musiikkiin. Yhtyeemme taipaleen my\u00f6t\u00e4 olen kuitenkin kasvanut ammattimuusikoksi; jos itse\u00e4\u00e4n voi sellaiseksi tituleerata ilman tutkintoa.<\/p>\n<p>                <img decoding=\"async\" src=\"https:\/\/www.europesays.com\/fi\/wp-content\/uploads\/2025\/10\/1963035.webp\" width=\"576\" height=\"274\" alt=\"Nykyisin Vesterinen yhtyeineen -b\u00e4ndin fanit joutuvat jonottamaan lippuja.\" loading=\"lazy\" \/>            <\/p>\n<p>\n            Nykyisin Vesterinen yhtyeineen -b\u00e4ndin fanit joutuvat jonottamaan lippuja.<br \/>\n            juha metso\n        <\/p>\n<p class=\"article-content article-content-width !bg-background\">Vesterinen Yhtyeineen aloitti esiintym\u00e4ll\u00e4 aluksi l\u00e4hes tyhjille saleille, mutta alkoi hiljalleen saada keikkasuosiota. Nyt se on lukeutunut jo pitk\u00e4\u00e4n Suomen eturivin yhtyeisiin ja keikat ovat loppuunmyytyj\u00e4.<\/p>\n<p class=\"article-content article-content-width !bg-background\">\u2013 Kaiken pohjana on yh\u00e4 innostuneisuus ja haltioituminen itse musiikista. Musiikin tekeminen on minulle edelleen hippitouhua, Tero naurahtaa.<\/p>\n<p class=\"article-content article-content-width !bg-background\">Takavuosina suosikkisolistilla oli jossain kohtaa ongelmia alkoholin kanssa, mutta asia on ollut jo pitk\u00e4\u00e4n reilassa.<\/p>\n<p class=\"article-content article-content-width !bg-background\">\u2013 Brenkun kanssa l\u00e4tr\u00e4\u00e4minen olisi voinut omallakin kohdalla alkaa haitata soittohommia ja monista muista el\u00e4m\u00e4n hienoimmista asioista nauttimista enemm\u00e4nkin. Onneksi oli sen verran ymm\u00e4rryst\u00e4, kyky\u00e4 ja selk\u00e4rankaa, ett\u00e4 hoidin asian kuntoon.<\/p>\n<p>Keikkailu on parasta<\/p>\n<p class=\"article-content article-content-width !bg-background\">Vesterinen Yhtyeineen on ollut vahvasti mukana erilaisissa hyv\u00e4ntekev\u00e4isyyskampanjoissa. Vuosien mittaan sen agendalla ovat olleet esimerkiksi Syyrian sota, Miessakit ry, Ukrainan sota sek\u00e4 Sy\u00f6p\u00e4s\u00e4\u00e4ti\u00f6n Roosa nauha -kampanja.<\/p>\n<p class=\"article-content article-content-width !bg-background\">\u2013 Olemme tiedostava porukka, ja seuraamme aktiivisesti maailman tilaa ja meininki\u00e4. Linjasimme jo varhain, ett\u00e4 haluamme k\u00e4ytt\u00e4\u00e4 \u00e4\u00e4nt\u00e4mme ja suosiotamme hyvien asioiden puolesta toimimiseen.<\/p>\n<p>                <img decoding=\"async\" src=\"https:\/\/www.europesays.com\/fi\/wp-content\/uploads\/2025\/10\/1963042.webp\" width=\"576\" height=\"322\" alt=\"Tero joutui ty\u00f6m\u00e4\u00e4r\u00e4ns\u00e4 takia j\u00e4tt\u00e4m\u00e4\u00e4n uusimman El\u00e4m\u00e4ni biisi -kauden v\u00e4liin. Diandra jatkaa pestiss\u00e4\u00e4n.\" loading=\"lazy\" \/>            <\/p>\n<p>\n            Tero joutui ty\u00f6m\u00e4\u00e4r\u00e4ns\u00e4 takia j\u00e4tt\u00e4m\u00e4\u00e4n uusimman El\u00e4m\u00e4ni biisi -kauden v\u00e4liin. Diandra jatkaa pestiss\u00e4\u00e4n.<\/p>\n<p class=\"article-content article-content-width !bg-background\">Muusikonty\u00f6ss\u00e4 Terolle parasta on itse keikkailu ja liveyleis\u00f6n kohtaaminen. H\u00e4n toteaa, ett\u00e4 muusikoillakin on omat huolensa ja surunsa.<\/p>\n<p class=\"article-content article-content-width !bg-background\">\u2013 Esimerkiksi itsell\u00e4ni oli viimeisimm\u00e4n keikan alkaessa aika haikea mieli. Lavalla imeydyin yhteiseen soittamiseen ja musiikin maailmaan, mik\u00e4 paransi oman olon. J\u00e4lkik\u00e4teen pohdin, etteiv\u00e4t ne omat murheet ehk\u00e4 lopulta olleetkaan niin isoja.<\/p>\n<p>        <a itemprop=\"url\" href=\"https:\/\/www.seiska.fi\/kotimaa\/suosikkimuusikko-tero-vesterinen-paljastaa-taman-takia-en-rikastu-laulamalla\/153642\" rel=\"nofollow noopener\" target=\"_blank\"><\/p>\n<p class=\"section-date\">\n        <strong class=\"article-section\" data-section=\"kotimaa\"><br \/>\n            kotimaa<br \/>\n        <\/strong><br \/>\n        21.1.2023 16:00\n    <\/p>\n<p>Suosikkimuusikko Tero Vesterinen paljastaa: T\u00e4m\u00e4n takia en rikastu laulamalla\n    <\/p>\n<p>        <\/a><\/p>\n","protected":false},"excerpt":{"rendered":"Seiska Raskasta rokkia kitaroinut Tero Vesterinen p\u00e4\u00e4tyi laulusolistiksi puolisattumalta. rakkaus musiikkiin syntyi kodin kautta ja verenperint\u00f6n\u00e4. Is\u00e4 tapasi&hellip;\n","protected":false},"author":2,"featured_media":66172,"comment_status":"","ping_status":"","sticky":false,"template":"","format":"standard","meta":{"footnotes":""},"categories":[130],"tags":[10711,137,33,31,30,5630,7330,47,32,410,2631,14994,109],"class_list":{"0":"post-66171","1":"post","2":"type-post","3":"status-publish","4":"format-standard","5":"has-post-thumbnail","7":"category-viihde","8":"tag-50-vuotta","9":"tag-entertainment","10":"tag-fi","11":"tag-finland","12":"tag-finnish","13":"tag-hyvantekevaisyys","14":"tag-keikkailu","15":"tag-musiikki","16":"tag-suomi","17":"tag-syntymapaiva","18":"tag-tero-vesterinen","19":"tag-vesterinen-yhtyeineen","20":"tag-viihde"},"share_on_mastodon":{"url":"","error":""},"_links":{"self":[{"href":"https:\/\/www.europesays.com\/fi\/wp-json\/wp\/v2\/posts\/66171","targetHints":{"allow":["GET"]}}],"collection":[{"href":"https:\/\/www.europesays.com\/fi\/wp-json\/wp\/v2\/posts"}],"about":[{"href":"https:\/\/www.europesays.com\/fi\/wp-json\/wp\/v2\/types\/post"}],"author":[{"embeddable":true,"href":"https:\/\/www.europesays.com\/fi\/wp-json\/wp\/v2\/users\/2"}],"replies":[{"embeddable":true,"href":"https:\/\/www.europesays.com\/fi\/wp-json\/wp\/v2\/comments?post=66171"}],"version-history":[{"count":0,"href":"https:\/\/www.europesays.com\/fi\/wp-json\/wp\/v2\/posts\/66171\/revisions"}],"wp:featuredmedia":[{"embeddable":true,"href":"https:\/\/www.europesays.com\/fi\/wp-json\/wp\/v2\/media\/66172"}],"wp:attachment":[{"href":"https:\/\/www.europesays.com\/fi\/wp-json\/wp\/v2\/media?parent=66171"}],"wp:term":[{"taxonomy":"category","embeddable":true,"href":"https:\/\/www.europesays.com\/fi\/wp-json\/wp\/v2\/categories?post=66171"},{"taxonomy":"post_tag","embeddable":true,"href":"https:\/\/www.europesays.com\/fi\/wp-json\/wp\/v2\/tags?post=66171"}],"curies":[{"name":"wp","href":"https:\/\/api.w.org\/{rel}","templated":true}]}}