{"id":66177,"date":"2025-10-19T07:15:09","date_gmt":"2025-10-19T07:15:09","guid":{"rendered":"https:\/\/www.europesays.com\/fi\/66177\/"},"modified":"2025-10-19T07:15:09","modified_gmt":"2025-10-19T07:15:09","slug":"16-vuotias-tytto-havahtui-seksiin-paikallisbussissa","status":"publish","type":"post","link":"https:\/\/www.europesays.com\/fi\/66177\/","title":{"rendered":"16-vuotias tytt\u00f6 havahtui seksiin paikallisbussissa"},"content":{"rendered":"<p>IS:n mukaan teinitytt\u00f6 havahtui siihen, kun bussin takapenkilt\u00e4 alkoi kuulua voihkintaa.<\/p>\n<p><img decoding=\"async\" class=\"image image-show image-preview\" src=\"https:\/\/www.europesays.com\/fi\/wp-content\/uploads\/2025\/10\/de359513274a38e61bbebfb90f121c04c6de6ea5207a4eec67be044cece85a3a.jpg\" alt=\"\"\/><img decoding=\"async\" class=\"image image-show\" src=\"https:\/\/www.europesays.com\/fi\/wp-content\/uploads\/2025\/10\/1760858109_969_de359513274a38e61bbebfb90f121c04c6de6ea5207a4eec67be044cece85a3a.jpg\" alt=\"\"\/><\/p>\n<p>Kuvituskuva. Joel Maisalmi<\/p>\n<p class=\"paragraph\"><a href=\"https:\/\/www.is.fi\/kotimaa\/art-2000011569005.html\" rel=\"noopener nofollow\" target=\"_blank\">Ilta-Sanomien<\/a> haastattelema 16-vuotias tytt\u00f6 kertoo, ett\u00e4 havahtui lauantai-iltana seksi\u00e4 harrastavaan pariskuntaan paikallisbussissa.<\/p>\n<p class=\"paragraph\">Teinitytt\u00f6 kertoo, ett\u00e4 noin kello seitsem\u00e4n aikaan illalla Heinolan ja Lahden v\u00e4lill\u00e4 kulkeneen bussin takapenkilt\u00e4 alkoi kuulua voihkintaa ja \u201dvaatteiden riisumis\u00e4\u00e4ni\u00e4\u201d.<\/p>\n<p class=\"paragraph\">Tyt\u00f6n arvion mukaan noin 20\u201330-vuotias pariskunta harrasti mit\u00e4 ilmeisimmin seksi\u00e4 bussin takapenkill\u00e4. Tyt\u00f6n mukaan he vaikuttivat p\u00e4ihtyneilt\u00e4.<\/p>\n<p class=\"paragraph\">Tyt\u00f6n mukaan seksin harrastaminen kesti l\u00e4hes koko matkan. Pariskunta lopetti touhunsa bussin saavuttua Lahden matkakeskukselle. T\u00e4m\u00e4n j\u00e4lkeen pariskunta alkoi riidell\u00e4.<\/p>\n<p class=\"paragraph\">Tyt\u00f6n mukaan my\u00f6s muut matkustajat huomasivat, mit\u00e4 bussissa on meneill\u00e4\u00e4n, mutta kukaan ei puuttunut asiaan. H\u00e4nest\u00e4 pariskunnan toiminta oli asiatonta.<\/p>\n<p class=\"paragraph\">\u2013 Bussissa oli esimerkiksi todella paljon pieni\u00e4 lapsia, tytt\u00f6 kertoo.<\/p>\n","protected":false},"excerpt":{"rendered":"IS:n mukaan teinitytt\u00f6 havahtui siihen, kun bussin takapenkilt\u00e4 alkoi kuulua voihkintaa. Kuvituskuva. Joel Maisalmi Ilta-Sanomien haastattelema 16-vuotias tytt\u00f6&hellip;\n","protected":false},"author":2,"featured_media":66178,"comment_status":"","ping_status":"","sticky":false,"template":"","format":"standard","meta":{"footnotes":""},"categories":[12],"tags":[35,22,23,26,27,33,31,30,17,101,99,100,24,25,121,28,29,15,18,21,98,32,19,20,16],"class_list":{"0":"post-66177","1":"post","2":"type-post","3":"status-publish","4":"format-standard","5":"has-post-thumbnail","7":"category-suomi","8":"tag-24h","9":"tag-breaking-news","10":"tag-breakingnews","11":"tag-featured-news","12":"tag-featurednews","13":"tag-fi","14":"tag-finland","15":"tag-finnish","16":"tag-headlines","17":"tag-ihmissuhteet","18":"tag-lapset","19":"tag-lapset-ja-nuoret","20":"tag-latest-news","21":"tag-latestnews","22":"tag-liikenne-ja-kuljetus","23":"tag-main-news","24":"tag-mainnews","25":"tag-news","26":"tag-otsikot","27":"tag-paauutiset","28":"tag-perhe","29":"tag-suomi","30":"tag-top-stories","31":"tag-topstories","32":"tag-uutiset"},"share_on_mastodon":{"url":"","error":""},"_links":{"self":[{"href":"https:\/\/www.europesays.com\/fi\/wp-json\/wp\/v2\/posts\/66177","targetHints":{"allow":["GET"]}}],"collection":[{"href":"https:\/\/www.europesays.com\/fi\/wp-json\/wp\/v2\/posts"}],"about":[{"href":"https:\/\/www.europesays.com\/fi\/wp-json\/wp\/v2\/types\/post"}],"author":[{"embeddable":true,"href":"https:\/\/www.europesays.com\/fi\/wp-json\/wp\/v2\/users\/2"}],"replies":[{"embeddable":true,"href":"https:\/\/www.europesays.com\/fi\/wp-json\/wp\/v2\/comments?post=66177"}],"version-history":[{"count":0,"href":"https:\/\/www.europesays.com\/fi\/wp-json\/wp\/v2\/posts\/66177\/revisions"}],"wp:featuredmedia":[{"embeddable":true,"href":"https:\/\/www.europesays.com\/fi\/wp-json\/wp\/v2\/media\/66178"}],"wp:attachment":[{"href":"https:\/\/www.europesays.com\/fi\/wp-json\/wp\/v2\/media?parent=66177"}],"wp:term":[{"taxonomy":"category","embeddable":true,"href":"https:\/\/www.europesays.com\/fi\/wp-json\/wp\/v2\/categories?post=66177"},{"taxonomy":"post_tag","embeddable":true,"href":"https:\/\/www.europesays.com\/fi\/wp-json\/wp\/v2\/tags?post=66177"}],"curies":[{"name":"wp","href":"https:\/\/api.w.org\/{rel}","templated":true}]}}