{"id":66179,"date":"2025-10-19T07:16:08","date_gmt":"2025-10-19T07:16:08","guid":{"rendered":"https:\/\/www.europesays.com\/fi\/66179\/"},"modified":"2025-10-19T07:16:08","modified_gmt":"2025-10-19T07:16:08","slug":"epailty-joukkoraiskaus-viking-gracella-laivalla-olleelta-suomalaistahdelta-tayslaidallinen","status":"publish","type":"post","link":"https:\/\/www.europesays.com\/fi\/66179\/","title":{"rendered":"Ep\u00e4ilty joukkoraiskaus Viking Gracella \u2013 Laivalla olleelta suomalaist\u00e4hdelt\u00e4 t\u00e4yslaidallinen"},"content":{"rendered":"<p>Nelj\u00e4n miehen ep\u00e4ill\u00e4\u00e4n joukkoraiskanneen Viking Grace -aluksella naisen. <\/p>\n<p><img decoding=\"async\" class=\"image image-show image-preview\" src=\"https:\/\/www.europesays.com\/fi\/wp-content\/uploads\/2025\/10\/0868d5a4f8600ae672935e6faeb8573ae138666aa7672d5040591999b49f5c04.jpg\" alt=\"\"\/><img decoding=\"async\" class=\"image image-show\" src=\"https:\/\/www.europesays.com\/fi\/wp-content\/uploads\/2025\/10\/1760858168_269_0868d5a4f8600ae672935e6faeb8573ae138666aa7672d5040591999b49f5c04.jpg\" alt=\"\"\/><\/p>\n<p>Jannika B oli Viking Gracella, kun ep\u00e4ilty joukkoraiskaus tapahtui. Atte Kajova<\/p>\n<p class=\"paragraph\">Lauantaina uutisoitiin Viking Grace-laivalla tapahtuneesta ep\u00e4illyst\u00e4 <a href=\"https:\/\/www.iltalehti.fi\/kotimaa\/bb973e08-645d-41f8-b052-d51eadbbd704\" rel=\"nofollow noopener\" target=\"_blank\">joukkoraiskauksesta<\/a>. <a href=\"https:\/\/www.aftonbladet.se\/nyheter\/a\/gwgV01\/fyra-gripna-efter-valdtakt\" rel=\"noopener nofollow\" target=\"_blank\">Aftonbladet<\/a> ja Expressen kertoivat, ett\u00e4 poliisi pid\u00e4tti nelj\u00e4 miest\u00e4, joiden ep\u00e4ill\u00e4\u00e4n raiskanneen 20-vuotiaan naisen risteilyaluksella. Tukholman poliisi vahvisti, ett\u00e4 sek\u00e4 ep\u00e4illyt ja uhri asuvat Suomessa, mutta ei kommentoinut heid\u00e4n kansalaisuuksiaan.<\/p>\n<p class=\"paragraph\">Viking Gracella esiintynyt laulaja <strong>Jannika B<\/strong> otti j\u00e4rkyttyneen\u00e4 kantaa asiaan <a href=\"https:\/\/www.tiktok.com\/@jannikab\/video\/7562607522901839126?_r=1&amp;_t=ZN-90f8l7gsiZ9\" rel=\"noopener nofollow\" target=\"_blank\">Tiktok-videollaan<\/a>. H\u00e4n ei peitellyt tunteitaan, vaan antoi t\u00e4yslaidallisen joukkoraiskauksesta ep\u00e4illyille miehille.<\/p>\n<p class=\"paragraph\">\u2013 Avattiin tosiaan syyskiertue t\u00e4\u00e4ll\u00e4 eilen ja boogie on ollut mit\u00e4 mahtavin aina siihen asti, ett\u00e4 aamulla sain lukea, ett\u00e4 t\u00e4ll\u00e4 kyseisell\u00e4 laivalla ep\u00e4ill\u00e4\u00e4n, ett\u00e4 on tapahtunut viime y\u00f6n\u00e4 joukkoraiskaus. Nelj\u00e4\u00e4 miest\u00e4 ep\u00e4ill\u00e4\u00e4n yhden naisen joukkoraiskauksesta, Jannika B aloittaa videonsa.<\/p>\n<p class=\"paragraph\">\u2013 Ja se pist\u00e4\u00e4 niin vihaksi, jumalauta se pist\u00e4\u00e4 vihaksi. M\u00e4 en voi ymm\u00e4rt\u00e4\u00e4, ett\u00e4 n\u00e4it\u00e4 uutisia tulee jatkuvalla sy\u00f6t\u00f6ll\u00e4. Mist\u00e4 t\u00e4\u00e4 johtuu? Miten jollain voi k\u00e4yd\u00e4 mieless\u00e4, ett\u00e4 tuollainen k\u00e4yt\u00f6s olisi ok? Mua surettaa ja vituttaa niin paljon kahden pienen tyt\u00f6n \u00e4itin\u00e4, ett\u00e4 m\u00e4 joudun opettamaan heit\u00e4 pelk\u00e4\u00e4m\u00e4\u00e4n maailmassa. M\u00e4 joudun opettamaan heit\u00e4 pelk\u00e4\u00e4m\u00e4\u00e4n miehi\u00e4.<\/p>\n<p class=\"paragraph\">Jannika B luettelee asioita, joita joutuu opettamaan pienille tytt\u00e4rilleen.<\/p>\n<p class=\"paragraph\">\u2013 \u00c4l\u00e4 k\u00e4vele yksin kotiin, \u00e4l\u00e4 varsinkaan pime\u00e4ss\u00e4. \u00c4l\u00e4 k\u00e4yt\u00e4 kuulokkeita, jotta s\u00e4 kuulet, jos sinua joku seuraa. \u00c4l\u00e4 mene yksin tinapaattiin. Teill\u00e4kin on \u00e4iti, ehk\u00e4 sisko, tulevaisuudessa tyt\u00e4r. Et s\u00e4 halua, ett\u00e4 se kasvaa maailmassa, jossa se joutuu pelk\u00e4\u00e4m\u00e4\u00e4n tai miss\u00e4 h\u00e4net n\u00e4hd\u00e4\u00e4n sellaisena, ett\u00e4 h\u00e4nt\u00e4 voi h\u00e4p\u00e4ist\u00e4 ja satuttaa. Pist\u00e4\u00e4 sanattomaksi.<\/p>\n<p class=\"paragraph\">Laulaja painottaa, ett\u00e4 jos uhri on tiedottomassa tilassa, se ei tarkoita samaa asiaa kuin suostumus seksiin.<\/p>\n<p class=\"paragraph\">\u2013 Vaikka olisi illan aikana puhunut miten innokkaasti, ett\u00e4 haluaa. Jos sanoo hetken koittaessa ei, niin se on ei. Sen j\u00e4lkeen ei aleta painostamaan, ett\u00e4 eth\u00e4n s\u00e4 nyt noin j\u00e4t\u00e4 roikkumaan. Nyt s\u00e4 satutat mua, mulla tulee paha mieli. Jos joku suostuu painostuksen alla, se on edelleen yht\u00e4 perseest\u00e4. Se ei ole suostumus, se on vain murtuminen paineen alla.<\/p>\n<p class=\"paragraph\">H\u00e4n tylytt\u00e4\u00e4 raiskauksesta ep\u00e4iltyj\u00e4 miehi\u00e4.<\/p>\n<p class=\"paragraph\">\u2013 Te ootte el\u00e4imi\u00e4. Ei, koska el\u00e4imet on ihania. Te ootte perseest\u00e4! Nelj\u00e4 tyyppi\u00e4 ja kaikkien mielest\u00e4 se on ollut ihan hyv\u00e4 idea. Jumalauta, oksettavaa!<\/p>\n<p class=\"paragraph\"><a href=\"https:\/\/www.iltalehti.fi\/kotimaa\/9f7e23b4-bf4a-4a56-b465-f307627cbac5\" rel=\"nofollow noopener\" target=\"_blank\">Aftonbladet<\/a> kertoi lauantai-iltana, ett\u00e4 nelj\u00e4 joukkoraiskauksesta ep\u00e4ilty\u00e4 <a href=\"https:\/\/www.iltalehti.fi\/kotimaa\/9f7e23b4-bf4a-4a56-b465-f307627cbac5\" rel=\"nofollow noopener\" target=\"_blank\">miest\u00e4 on vapautettu<\/a> suomalaisen syytt\u00e4j\u00e4n k\u00e4skyst\u00e4. Miesten ep\u00e4ill\u00e4\u00e4n raiskanneen naisen Viking Gracen risteilylaivalla, joka on ollut matkalla Suomeen.<\/p>\n<p><script async src=\"\/\/www.tiktok.com\/embed.js\"><\/script><\/p>\n","protected":false},"excerpt":{"rendered":"Nelj\u00e4n miehen ep\u00e4ill\u00e4\u00e4n joukkoraiskanneen Viking Grace -aluksella naisen. Jannika B oli Viking Gracella, kun ep\u00e4ilty joukkoraiskaus tapahtui. Atte&hellip;\n","protected":false},"author":2,"featured_media":66180,"comment_status":"","ping_status":"","sticky":false,"template":"","format":"standard","meta":{"footnotes":""},"categories":[5],"tags":[35,22,23,26,27,33,31,30,17,55,53,24,25,28,29,15,18,21,52,978,38,32,19,20,16],"class_list":{"0":"post-66179","1":"post","2":"type-post","3":"status-publish","4":"format-standard","5":"has-post-thumbnail","7":"category-otsikot","8":"tag-24h","9":"tag-breaking-news","10":"tag-breakingnews","11":"tag-featured-news","12":"tag-featurednews","13":"tag-fi","14":"tag-finland","15":"tag-finnish","16":"tag-headlines","17":"tag-lainvalvonta","18":"tag-laki-oikeus-ja-rikos","19":"tag-latest-news","20":"tag-latestnews","21":"tag-main-news","22":"tag-mainnews","23":"tag-news","24":"tag-otsikot","25":"tag-paauutiset","26":"tag-poliisi","27":"tag-rikoksen-teko","28":"tag-rikos","29":"tag-suomi","30":"tag-top-stories","31":"tag-topstories","32":"tag-uutiset"},"share_on_mastodon":{"url":"","error":""},"_links":{"self":[{"href":"https:\/\/www.europesays.com\/fi\/wp-json\/wp\/v2\/posts\/66179","targetHints":{"allow":["GET"]}}],"collection":[{"href":"https:\/\/www.europesays.com\/fi\/wp-json\/wp\/v2\/posts"}],"about":[{"href":"https:\/\/www.europesays.com\/fi\/wp-json\/wp\/v2\/types\/post"}],"author":[{"embeddable":true,"href":"https:\/\/www.europesays.com\/fi\/wp-json\/wp\/v2\/users\/2"}],"replies":[{"embeddable":true,"href":"https:\/\/www.europesays.com\/fi\/wp-json\/wp\/v2\/comments?post=66179"}],"version-history":[{"count":0,"href":"https:\/\/www.europesays.com\/fi\/wp-json\/wp\/v2\/posts\/66179\/revisions"}],"wp:featuredmedia":[{"embeddable":true,"href":"https:\/\/www.europesays.com\/fi\/wp-json\/wp\/v2\/media\/66180"}],"wp:attachment":[{"href":"https:\/\/www.europesays.com\/fi\/wp-json\/wp\/v2\/media?parent=66179"}],"wp:term":[{"taxonomy":"category","embeddable":true,"href":"https:\/\/www.europesays.com\/fi\/wp-json\/wp\/v2\/categories?post=66179"},{"taxonomy":"post_tag","embeddable":true,"href":"https:\/\/www.europesays.com\/fi\/wp-json\/wp\/v2\/tags?post=66179"}],"curies":[{"name":"wp","href":"https:\/\/api.w.org\/{rel}","templated":true}]}}