{"id":66187,"date":"2025-10-19T07:36:07","date_gmt":"2025-10-19T07:36:07","guid":{"rendered":"https:\/\/www.europesays.com\/fi\/66187\/"},"modified":"2025-10-19T07:36:07","modified_gmt":"2025-10-19T07:36:07","slug":"paluu-tulevaisuuteen-tahti-puolusti-elokuvan-ongelmanayttelijaa-hanta-ei-voi-kahlita-muottiin","status":"publish","type":"post","link":"https:\/\/www.europesays.com\/fi\/66187\/","title":{"rendered":"Paluu tulevaisuuteen -t\u00e4hti puolusti elokuvan ongelman\u00e4yttelij\u00e4\u00e4 &#8211; &#8221;H\u00e4nt\u00e4 ei voi kahlita muottiin&#8221;"},"content":{"rendered":"<p>P\u00e4\u00e4osaa Paluu tulevaisuuteen (1985) -klassikossa n\u00e4ytellyt <strong>Michael J. Fox<\/strong> valotti leffan kuvauksissa tapahtuneiden kiistojen taustoja.<\/p>\n<p>Jo aiemmin oli tiedossa, ett\u00e4 Marty-hahmon is\u00e4\u00e4 n\u00e4ytelleen <strong>Crispin Gloverin<\/strong> palkkapyynt\u00f6 oli elokuvastudiolle liikaa ja h\u00e4nt\u00e4 ei otettu jatko-osaan.<\/p>\n<p>Foxin uudessa omael\u00e4m\u00e4kerrassa Future Boy: Back to the Future and My Journey Through the Space-Time Continuum Fox kertoi, ett\u00e4 Glover oli kaikin puolin omalaatuinen persoona.<\/p>\n<p>\u201cKukaan voi kahlita Crispini\u00e4 muottiin. Mutta se ei est\u00e4nyt kameraryhm\u00e4\u00e4 rakentamasta kirjaimellisesti laatikkoa h\u00e4nen ymp\u00e4rilleen\u201d, Fox kuvaili.<\/p>\n<p>Lue my\u00f6s: <a href=\"https:\/\/www.episodi.fi\/uutiset\/parkinsonin-tautia-sairastava-michael-j-fox-kertoi-miten-han-haluaisi-kuolla\/\" title=\"Parkinsonin tautia sairastava Michael J. Fox kertoi miten haluaisi kuolla\" class=\"underline-custom !font-montserrat !font-bold !underline-offset-4 !decoration-4 !decoration-episodi-blue !text-md\" rel=\"nofollow noopener\" target=\"_blank\">Parkinsonin tautia sairastava Michael J. Fox kertoi miten haluaisi kuolla<\/a><\/p>\n<p>Lue my\u00f6s: <a href=\"https:\/\/www.episodi.fi\/uutiset\/parkinsonia-sairastava-michael-j-fox-nahtiin-tv-ruudulla-ensimmaista-kertaa-5-vuoteen-paluun-taustalta-loytyy-indiana-jones-ja-han-solo\/\" title=\"Parkinsonia sairastava Michael J. Fox n\u00e4htiin tv-ruudulla ensimm\u00e4ist\u00e4 kertaa 5 vuoteen \u2013 Paluun taustalta l\u00f6ytyy Indiana Jones ja Han Solo\" class=\"underline-custom !font-montserrat !font-bold !underline-offset-4 !decoration-4 !decoration-episodi-blue !text-md\" rel=\"nofollow noopener\" target=\"_blank\">Parkinsonia sairastava Michael J. Fox n\u00e4htiin tv-ruudulla ensimm\u00e4ist\u00e4 kertaa 5 vuoteen \u2013 Paluun taustalta l\u00f6ytyy Indiana Jones ja Han Solo<\/a><\/p>\n<p>Lue my\u00f6s: <a href=\"https:\/\/www.episodi.fi\/uutiset\/han-oli-paluu-tulevaisuuteen-elokuvan-salainen-ase-menetti-aanensa-joka-paransi-suoritusta-entisestaan\/\" title=\"H\u00e4n oli Paluu tulevaisuuteen -elokuvan salainen ase \u2013 Menetti \u00e4\u00e4nens\u00e4, mik\u00e4 paransi suoritusta entisest\u00e4\u00e4n\" class=\"underline-custom !font-montserrat !font-bold !underline-offset-4 !decoration-4 !decoration-episodi-blue !text-md\" rel=\"nofollow noopener\" target=\"_blank\">H\u00e4n oli Paluu tulevaisuuteen -elokuvan salainen ase \u2013 Menetti \u00e4\u00e4nens\u00e4, mik\u00e4 paransi suoritusta entisest\u00e4\u00e4n<\/a><\/p>\n<p>Foxin mukaan Gloverilla oli esimerkiksi oma n\u00e4kemyksens\u00e4 siit\u00e4, miten ja miss\u00e4 h\u00e4nen roolihahmonsa George McFlyn tulisi liikkua.<\/p>\n<p>\u201cKun Crispin l\u00e4hestyi kameraa, h\u00e4nen k\u00e4skettiin pysy\u00e4 alueella, joka j\u00e4i pyykkinarun ja minun v\u00e4liini\u201d.<\/p>\n<p>\u201dMutta h\u00e4n koki asian eri tavalla. Veikkaan, ett\u00e4 h\u00e4n n\u00e4ki Georgen vaeltajana \u2013 vapaana sieluna, joka kulki omia polkujaan \u2013 t\u00e4ss\u00e4 tapauksessa suoraan p\u00e4in kameraa\u201d, Fox kertoi.<\/p>\n<p>Gloverin sooloilu sai kuvausryhm\u00e4n repim\u00e4\u00e4n hiuksia p\u00e4\u00e4st\u00e4\u00e4n, mutta Fox puolusti kollegaansa.<\/p>\n<p>\u201cTunsin Crispinin jo ennen elokuvaa ja h\u00e4nen kanssaan oli mukavaa ty\u00f6skennell\u00e4. En kuitenkaan voi sanoa, ett\u00e4 olisin ollut valmis n\u00e4yttelem\u00e4\u00e4n h\u00e4nen kanssaan. Crispiniin ei voi valmistautua\u201d.<\/p>\n<p>\u201dMies oli ilmeisen lahjakas, vaikka menetelm\u00e4t aiheuttivat kitkaa. Silti arvostin sit\u00e4, miten h\u00e4n pysyi t\u00e4ydellisen uskollisena roolihahmolleen\u201d, Fox kertoi.<\/p>\n<p>L\u00e4hde: <a href=\"https:\/\/screenrant.com\/michael-j-fox-feud-back-to-the-future-co-star\/\" rel=\"nofollow noopener\" target=\"_blank\">Screen Rant<\/a><\/p>\n<p>Lue my\u00f6s: <a href=\"https:\/\/www.episodi.fi\/uutiskirje\/?uutiskirjemainos=tekstilinkkimainos\" title=\"Tilaa Episodin uutiskirje ja voit voittaa leffalippuja! Nappaa tv-vinkit suoraan s\u00e4hk\u00f6postiin t\u00e4st\u00e4.\" class=\"underline-custom !font-montserrat !font-bold !underline-offset-4 !decoration-4 !decoration-episodi-blue !text-md\" rel=\"nofollow noopener\" target=\"_blank\">Tilaa Episodin uutiskirje ja voit voittaa leffalippuja! Nappaa katseluvinkit suoraan s\u00e4hk\u00f6postiin t\u00e4st\u00e4.<\/a><\/p>\n","protected":false},"excerpt":{"rendered":"P\u00e4\u00e4osaa Paluu tulevaisuuteen (1985) -klassikossa n\u00e4ytellyt Michael J. Fox valotti leffan kuvauksissa tapahtuneiden kiistojen taustoja. Jo aiemmin oli&hellip;\n","protected":false},"author":2,"featured_media":66188,"comment_status":"","ping_status":"","sticky":false,"template":"","format":"standard","meta":{"footnotes":""},"categories":[130],"tags":[14995,137,33,31,30,10377,9208,32,109],"class_list":{"0":"post-66187","1":"post","2":"type-post","3":"status-publish","4":"format-standard","5":"has-post-thumbnail","7":"category-viihde","8":"tag-crispin-glover","9":"tag-entertainment","10":"tag-fi","11":"tag-finland","12":"tag-finnish","13":"tag-michael-j-fox","14":"tag-paluu-tulevaisuuteen","15":"tag-suomi","16":"tag-viihde"},"share_on_mastodon":{"url":"","error":""},"_links":{"self":[{"href":"https:\/\/www.europesays.com\/fi\/wp-json\/wp\/v2\/posts\/66187","targetHints":{"allow":["GET"]}}],"collection":[{"href":"https:\/\/www.europesays.com\/fi\/wp-json\/wp\/v2\/posts"}],"about":[{"href":"https:\/\/www.europesays.com\/fi\/wp-json\/wp\/v2\/types\/post"}],"author":[{"embeddable":true,"href":"https:\/\/www.europesays.com\/fi\/wp-json\/wp\/v2\/users\/2"}],"replies":[{"embeddable":true,"href":"https:\/\/www.europesays.com\/fi\/wp-json\/wp\/v2\/comments?post=66187"}],"version-history":[{"count":0,"href":"https:\/\/www.europesays.com\/fi\/wp-json\/wp\/v2\/posts\/66187\/revisions"}],"wp:featuredmedia":[{"embeddable":true,"href":"https:\/\/www.europesays.com\/fi\/wp-json\/wp\/v2\/media\/66188"}],"wp:attachment":[{"href":"https:\/\/www.europesays.com\/fi\/wp-json\/wp\/v2\/media?parent=66187"}],"wp:term":[{"taxonomy":"category","embeddable":true,"href":"https:\/\/www.europesays.com\/fi\/wp-json\/wp\/v2\/categories?post=66187"},{"taxonomy":"post_tag","embeddable":true,"href":"https:\/\/www.europesays.com\/fi\/wp-json\/wp\/v2\/tags?post=66187"}],"curies":[{"name":"wp","href":"https:\/\/api.w.org\/{rel}","templated":true}]}}