{"id":66193,"date":"2025-10-19T07:41:07","date_gmt":"2025-10-19T07:41:07","guid":{"rendered":"https:\/\/www.europesays.com\/fi\/66193\/"},"modified":"2025-10-19T07:41:07","modified_gmt":"2025-10-19T07:41:07","slug":"mm-rallin-erikoiskoe-keskeytetty-neuville-ajoi-ulos-urheilu","status":"publish","type":"post","link":"https:\/\/www.europesays.com\/fi\/66193\/","title":{"rendered":"MM-rallin erikoiskoe keskeytetty \u2013 Neuville ajoi ulos | Urheilu"},"content":{"rendered":"<p>Keski-Euroopan MM-rallin viimeisen ajop\u00e4iv\u00e4n ensimm\u00e4inen erikoiskoe on pit\u00e4nyt keskeytt\u00e4\u00e4 Hyundain belgialaiskuljettaja Thierry Neuvillen ulosajon takia. Neuville ajoi sillankaiteeseen, joka rikkoutui. Neuvillen menopeli n\u00e4ytti vaurioituvan pahasti.<\/p>\n<p>Suomen Toyota-kuljettaja Kalle Rovanper\u00e4 johtaa kilpailua.<\/p>\n<p>Seuraavan erikoiskokeen on m\u00e4\u00e4r\u00e4 alkaa aikataulun mukaan kello 11.05.<\/p>\n","protected":false},"excerpt":{"rendered":"Keski-Euroopan MM-rallin viimeisen ajop\u00e4iv\u00e4n ensimm\u00e4inen erikoiskoe on pit\u00e4nyt keskeytt\u00e4\u00e4 Hyundain belgialaiskuljettaja Thierry Neuvillen ulosajon takia. Neuville ajoi sillankaiteeseen,&hellip;\n","protected":false},"author":2,"featured_media":66194,"comment_status":"","ping_status":"","sticky":false,"template":"","format":"standard","meta":{"footnotes":""},"categories":[12],"tags":[648,22,23,2267,26,27,33,31,30,17,4673,24,25,121,1048,28,29,15,18,21,32,7358,128,19,20,16],"class_list":{"0":"post-66193","1":"post","2":"type-post","3":"status-publish","4":"format-standard","5":"has-post-thumbnail","7":"category-suomi","8":"tag-autot","9":"tag-breaking-news","10":"tag-breakingnews","11":"tag-eurooppa","12":"tag-featured-news","13":"tag-featurednews","14":"tag-fi","15":"tag-finland","16":"tag-finnish","17":"tag-headlines","18":"tag-kalle-rovanpera","19":"tag-latest-news","20":"tag-latestnews","21":"tag-liikenne-ja-kuljetus","22":"tag-maakulkuneuvot","23":"tag-main-news","24":"tag-mainnews","25":"tag-news","26":"tag-otsikot","27":"tag-paauutiset","28":"tag-suomi","29":"tag-thierry-neuville","30":"tag-tieliikenne","31":"tag-top-stories","32":"tag-topstories","33":"tag-uutiset"},"share_on_mastodon":{"url":"","error":""},"_links":{"self":[{"href":"https:\/\/www.europesays.com\/fi\/wp-json\/wp\/v2\/posts\/66193","targetHints":{"allow":["GET"]}}],"collection":[{"href":"https:\/\/www.europesays.com\/fi\/wp-json\/wp\/v2\/posts"}],"about":[{"href":"https:\/\/www.europesays.com\/fi\/wp-json\/wp\/v2\/types\/post"}],"author":[{"embeddable":true,"href":"https:\/\/www.europesays.com\/fi\/wp-json\/wp\/v2\/users\/2"}],"replies":[{"embeddable":true,"href":"https:\/\/www.europesays.com\/fi\/wp-json\/wp\/v2\/comments?post=66193"}],"version-history":[{"count":0,"href":"https:\/\/www.europesays.com\/fi\/wp-json\/wp\/v2\/posts\/66193\/revisions"}],"wp:featuredmedia":[{"embeddable":true,"href":"https:\/\/www.europesays.com\/fi\/wp-json\/wp\/v2\/media\/66194"}],"wp:attachment":[{"href":"https:\/\/www.europesays.com\/fi\/wp-json\/wp\/v2\/media?parent=66193"}],"wp:term":[{"taxonomy":"category","embeddable":true,"href":"https:\/\/www.europesays.com\/fi\/wp-json\/wp\/v2\/categories?post=66193"},{"taxonomy":"post_tag","embeddable":true,"href":"https:\/\/www.europesays.com\/fi\/wp-json\/wp\/v2\/tags?post=66193"}],"curies":[{"name":"wp","href":"https:\/\/api.w.org\/{rel}","templated":true}]}}