{"id":66205,"date":"2025-10-19T08:05:07","date_gmt":"2025-10-19T08:05:07","guid":{"rendered":"https:\/\/www.europesays.com\/fi\/66205\/"},"modified":"2025-10-19T08:05:07","modified_gmt":"2025-10-19T08:05:07","slug":"porssisahkon-hinta-voi-pompata-vartissa-il-yksi-syy-taustalla","status":"publish","type":"post","link":"https:\/\/www.europesays.com\/fi\/66205\/","title":{"rendered":"P\u00f6rssis\u00e4hk\u00f6n hinta voi pompata vartissa \u2013 IL: Yksi syy taustalla"},"content":{"rendered":"<p class=\"ai-optimize-6 ai-optimize-introduction\">Nouseeko p\u00f6rssis\u00e4hk\u00f6n hinta tulevana talvena taas pilviin? T\u00e4m\u00e4 on kysymys, joka her\u00e4tt\u00e4\u00e4 huolta monessa p\u00f6rssis\u00e4hk\u00f6\u00e4 k\u00e4ytt\u00e4v\u00e4ss\u00e4 kotitaloudessa. Mieless\u00e4 voivat olla viel\u00e4 aiempien talvien hirmuhinnat. Esimerkiksi tammikuussa 2024 p\u00f6rssis\u00e4hk\u00f6n hinta nousi yli kahteen euroon kilowattitunnilta.<\/p>\n<p class=\"ai-optimize-7\">P\u00f6rssis\u00e4hk\u00f6n hinnanvaihtelut ovat her\u00e4tt\u00e4neet huolta etenkin sen j\u00e4lkeen, kun lokakuun alussa siirryttiin p\u00f6rssis\u00e4hk\u00f6n varttihintoihin. Ent\u00e4 jos tulevana talvena s\u00e4hk\u00f6n hinta pomppii vartin v\u00e4lein edullisen ja hirmukalliin v\u00e4lill\u00e4?<\/p>\n<p class=\"ai-optimize-8\">Energiateollisuuden energiamarkkinoista vastaava johtaja <strong>Pekka Salomaa<\/strong> toppuuttelee pelkoja <a href=\"https:\/\/www.iltalehti.fi\/kotimaa\/a\/c43631c9-607e-40f9-82f0-4e0268aba2fc\" target=\"_blank\" rel=\"noopener nofollow\">Iltalehden<\/a> haastattelussa.<\/p>\n<p class=\"ai-optimize-14\">\u2013 En usko, ett\u00e4 tammikuussa tulee en\u00e4\u00e4 ihan hirve\u00e4n paljon t\u00e4llaisia hintavaihteluja kuin nyt lokakuussa, Salomaa arvioi IL:lle.<\/p>\n<p class=\"ai-optimize-10\">P\u00f6rssis\u00e4hk\u00f6n suuret hinnanvaihtelut voivat johtua useista tekij\u00f6ist\u00e4. Kantaverkkoyhti\u00f6 Fingridin markkinaratkaisujen yksik\u00f6n p\u00e4\u00e4llikk\u00f6\u00a0<strong>Maarit Uusitalo<\/strong>\u00a0kertoo t\u00e4ss\u00e4\u00a0<a href=\"https:\/\/www.verkkouutiset.fi\/a\/porssisahkon-hinta-voi-vaihdella-akillisesti-nama-tekijat-nostavat-hinnan-pilviin\/\" target=\"_blank\" rel=\"noopener nofollow\">Verkkouutisten\u00a0jutussa<\/a>, mist\u00e4 \u00e4killiset hinnannousut ja -laskut voivat johtua.<\/p>\n<p class=\"ai-optimize-10\">Nyky\u00e4\u00e4n suurena tekij\u00e4n\u00e4 on tuulivoima ja sen saatavuuden vaihtelu. Salomaan mukaan Suomi on nyky\u00e4\u00e4n niin riippuvainen tuulivoimasta, ett\u00e4 s\u00e4hk\u00f6n hinta voi vuorokauden sis\u00e4ll\u00e4 vaihdella jopa 0-30 sentin v\u00e4lill\u00e4 kilowattitunnilta.<\/p>\n<p class=\"ai-optimize-11\">Tilanteeseen on kuitenkin tulossa muutos. Jatkossa Ruotsista pystyt\u00e4\u00e4n ostamaan s\u00e4hk\u00f6\u00e4 aiempaa enemm\u00e4n, jos oma tuulivoimalakapasiteetti ei riit\u00e4.<\/p>\n<p class=\"ai-optimize-12\">P\u00f6rssis\u00e4hk\u00f6n tulevien kuukausien hintaa ei pystyt\u00e4 tarkasti ennustamaan. VU on kertonut p\u00f6rssis\u00e4hk\u00f6n hintakehityksest\u00e4 aiemmin <a href=\"https:\/\/www.verkkouutiset.fi\/a\/nouseeko-porssisahkon-hinta-pian-pilviin-asiantuntijan-mukaan-riski-on-todellinen\/\" target=\"_blank\" rel=\"noopener nofollow\">t\u00e4ss\u00e4 jutussa<\/a>.<\/p>\n<p class=\"ai-optimize-12\">Yleisess\u00e4 tiedossa on, ett\u00e4 p\u00f6rssis\u00e4hk\u00f6n hinta on korkein silloin, kun s\u00e4hk\u00f6nkulutus on korkeimmillaan. Siksi p\u00f6rssis\u00e4hk\u00f6 on yleens\u00e4 kalleinta aamulla ja iltap\u00e4iv\u00e4ll\u00e4 juuri niin\u00e4 aikoina, kun ihmiset ovat l\u00e4hd\u00f6ss\u00e4 t\u00f6ihin tai palaamassa t\u00f6ist\u00e4.<\/p>\n<p class=\"ai-optimize-13\">Salomaa kuitenkin muistuttaa IL:lle, ett\u00e4 kuluttaja voi itse vaikuttaa s\u00e4hk\u00f6nkulutukseen ajoittamalla sit\u00e4 halvimmille ajankohdille.<\/p>\n<p class=\"ai-optimize-15\"><strong>LUE MY\u00d6S:<\/strong><br \/><a href=\"https:\/\/www.verkkouutiset.fi\/a\/nouseeko-porssisahkon-hinta-pian-pilviin-asiantuntijan-mukaan-riski-on-todellinen\/\" target=\"_blank\" rel=\"noopener nofollow\">Nouseeko p\u00f6rssis\u00e4hk\u00f6n hinta pian pilviin? Asiantuntijan mukaan riski on todellinen<\/a><\/p>\n<p class=\"ai-optimize-17\"><a href=\"https:\/\/www.verkkouutiset.fi\/a\/porssisahkon-varttihinnat-raivostuttavat-vaikeuttiko-muutos-saastamista\/\" target=\"_blank\" rel=\"noopener nofollow\">P\u00f6rssis\u00e4hk\u00f6n varttihinnat raivostuttavat \u2013 vaikeuttiko muutos s\u00e4\u00e4st\u00e4mist\u00e4?<\/a><\/p>\n<p>Poimintoja videosis\u00e4ll\u00f6ist\u00e4mme<\/p>\n<p class=\"ai-optimize-18\"><a href=\"https:\/\/www.verkkouutiset.fi\/a\/arsyttavatko-porssisahkon-poukkoilevat-hinnat-nain-halvalla-sopimuksia-nyt-saa\/\" target=\"_blank\" rel=\"noopener nofollow\">\u00c4rsytt\u00e4v\u00e4tk\u00f6 p\u00f6rssis\u00e4hk\u00f6n poukkoilevat hinnat? N\u00e4in halvalla sopimuksia nyt saa<\/a><\/p>\n<p class=\"ai-optimize-19\"><a href=\"https:\/\/www.verkkouutiset.fi\/a\/nain-suomalaiset-saastavat-porssisahkossa-yksi-virhe-voi-kayda-kalliiksi\/\" target=\"_blank\" rel=\"noopener nofollow\">N\u00e4in suomalaiset s\u00e4\u00e4st\u00e4v\u00e4t p\u00f6rssis\u00e4hk\u00f6ss\u00e4, yksi virhe voi k\u00e4yd\u00e4 kalliiksi<\/a><\/p>\n<p class=\"ai-optimize-20\"><a href=\"https:\/\/www.verkkouutiset.fi\/a\/yksi-syy-saa-monet-karttamaan-porssisahkoa\/\" target=\"_blank\" rel=\"noopener nofollow\">Yksi syy saa monet karttamaan p\u00f6rssis\u00e4hk\u00f6\u00e4<\/a><\/p>\n","protected":false},"excerpt":{"rendered":"Nouseeko p\u00f6rssis\u00e4hk\u00f6n hinta tulevana talvena taas pilviin? T\u00e4m\u00e4 on kysymys, joka her\u00e4tt\u00e4\u00e4 huolta monessa p\u00f6rssis\u00e4hk\u00f6\u00e4 k\u00e4ytt\u00e4v\u00e4ss\u00e4 kotitaloudessa. Mieless\u00e4&hellip;\n","protected":false},"author":2,"featured_media":66206,"comment_status":"","ping_status":"","sticky":false,"template":"","format":"standard","meta":{"footnotes":""},"categories":[76],"tags":[79,77,33,31,30,2007,32,78],"class_list":{"0":"post-66205","1":"post","2":"type-post","3":"status-publish","4":"format-standard","5":"has-post-thumbnail","7":"category-talous","8":"tag-business","9":"tag-economy","10":"tag-fi","11":"tag-finland","12":"tag-finnish","13":"tag-sahko","14":"tag-suomi","15":"tag-talous"},"share_on_mastodon":{"url":"","error":""},"_links":{"self":[{"href":"https:\/\/www.europesays.com\/fi\/wp-json\/wp\/v2\/posts\/66205","targetHints":{"allow":["GET"]}}],"collection":[{"href":"https:\/\/www.europesays.com\/fi\/wp-json\/wp\/v2\/posts"}],"about":[{"href":"https:\/\/www.europesays.com\/fi\/wp-json\/wp\/v2\/types\/post"}],"author":[{"embeddable":true,"href":"https:\/\/www.europesays.com\/fi\/wp-json\/wp\/v2\/users\/2"}],"replies":[{"embeddable":true,"href":"https:\/\/www.europesays.com\/fi\/wp-json\/wp\/v2\/comments?post=66205"}],"version-history":[{"count":0,"href":"https:\/\/www.europesays.com\/fi\/wp-json\/wp\/v2\/posts\/66205\/revisions"}],"wp:featuredmedia":[{"embeddable":true,"href":"https:\/\/www.europesays.com\/fi\/wp-json\/wp\/v2\/media\/66206"}],"wp:attachment":[{"href":"https:\/\/www.europesays.com\/fi\/wp-json\/wp\/v2\/media?parent=66205"}],"wp:term":[{"taxonomy":"category","embeddable":true,"href":"https:\/\/www.europesays.com\/fi\/wp-json\/wp\/v2\/categories?post=66205"},{"taxonomy":"post_tag","embeddable":true,"href":"https:\/\/www.europesays.com\/fi\/wp-json\/wp\/v2\/tags?post=66205"}],"curies":[{"name":"wp","href":"https:\/\/api.w.org\/{rel}","templated":true}]}}