{"id":66213,"date":"2025-10-19T08:20:09","date_gmt":"2025-10-19T08:20:09","guid":{"rendered":"https:\/\/www.europesays.com\/fi\/66213\/"},"modified":"2025-10-19T08:20:09","modified_gmt":"2025-10-19T08:20:09","slug":"kohunyrkkeilija-niklas-hyvarinen-vankilasta-koevapauteen","status":"publish","type":"post","link":"https:\/\/www.europesays.com\/fi\/66213\/","title":{"rendered":"Kohunyrkkeilij\u00e4 Niklas Hyv\u00e4rinen: Vankilasta koevapauteen"},"content":{"rendered":"<p>            PANU H\u00d6RKK\u00d6\n        <\/p>\n<p class=\"subtitle \">Nyrkkeilij\u00e4 kertoo Seiskalle valoisista tulevaisuuden suunnitelmistaan.<\/p>\n<p class=\"article-content article-content-width !bg-background\">Urallaan yli 30 ammattilaisottelua otellut<br \/>\n nousi pari vuotta sitten kohuotsikoihin, kun h\u00e4n sai kolmen<br \/>\nvuoden ehdottomaan vankeusrangaistuksen. <\/p>\n<p class=\"article-content article-content-width !bg-background\">Tuomion mukaan Hyv\u00e4rinen aiheutti juhannuksena<br \/>\n2022 Riihim\u00e4ell\u00e4 sukulaismiehelleen hengenvaaralliset<br \/>\nvammat nyrkkitappelun lomassa.<\/p>\n<p class=\"article-content article-content-width !bg-background\">Oikeuden papereiden mukaan uhria jouduttiin<br \/>\npit\u00e4m\u00e4\u00e4n tajuttomana 22 vuorokauden ajan. Hyv\u00e4rinen velvoitettiin korvaamaan<br \/>\n13\u00a0000 euroa s\u00e4ryst\u00e4 ja muusta haitasta.<\/p>\n<p>                <img decoding=\"async\" src=\"https:\/\/www.europesays.com\/fi\/wp-content\/uploads\/2025\/10\/1961236.webp\" width=\"576\" height=\"759\" alt=\"Hyv\u00e4rinen asteli ulos Suomenlinnan lautasta lokakuun puolessa v\u00e4liss\u00e4.\" loading=\"lazy\" \/>            <\/p>\n<p>\n            Hyv\u00e4rinen asteli ulos Suomenlinnan lautasta lokakuun puolessa v\u00e4liss\u00e4.<br \/>\n            PANU H\u00d6RKK\u00d6\n        <\/p>\n<p>Vantaalta Suomenlinnaan\u00a0<\/p>\n<p class=\"article-content article-content-width !bg-background\">Hyv\u00e4rinen passitettiin suorittamaan<br \/>\nrangaistusta Vantaan vankilaan, josta h\u00e4net siirrettiin joitakin kuukausia sitten<br \/>\nSuomenlinnan avovankilaan. <\/p>\n<p class=\"article-content article-content-width !bg-background\">Nyrkkeilij\u00e4st\u00e4 on sadellut vinkkej\u00e4 Seiskalle,<br \/>\nsill\u00e4 h\u00e4n on liikkunut kaupungilla tiuhaan tahtiin muun muassa suorittamassa<br \/>\nlukio-opintojaan. <\/p>\n<p class=\"article-content article-content-width !bg-background\">Lokakuun puolessa v\u00e4liss\u00e4 Seiskan paparazzi<br \/>\nbongasi Hyv\u00e4risen Kauppatorilta, kun t\u00e4m\u00e4 saapui lautalla Suomenlinnasta. <\/p>\n<p>                <img decoding=\"async\" src=\"https:\/\/www.europesays.com\/fi\/wp-content\/uploads\/2025\/10\/1961245.webp\" width=\"576\" height=\"879\" alt=\"Hyv\u00e4rinen on raskaansarjan ottelija.\" loading=\"lazy\" \/>            <\/p>\n<p>\n            Hyv\u00e4rinen on raskaansarjan ottelija.<br \/>\n            PANU H\u00d6RKK\u00d6\n        <\/p>\n<p>        <a itemprop=\"url\" href=\"https:\/\/www.seiska.fi\/rikos\/vankilassa-viruvalle-suomalaiselle-ex-ammattinyrkkeilijalle-lisaa-syytteita\/1467167\" rel=\"nofollow noopener\" target=\"_blank\"><\/p>\n<p class=\"section-date\">\n        <strong class=\"article-section\" data-section=\"rikos\"><br \/>\n            rikos<br \/>\n        <\/strong><br \/>\n        23.9.2024 13:29\n    <\/p>\n<p>Vankilassa viruvalle suomalaiselle ex-ammattinyrkkeilij\u00e4lle lis\u00e4\u00e4 syytteit\u00e4\n    <\/p>\n<p itemprop=\"description\" class=\"subtitle \">\n    Niklas Hyv\u00e4rist\u00e4 syytet\u00e4\u00e4n j\u00e4lleen uudesta pahoinpitelyst\u00e4.\n<\/p>\n<p>        <\/a><\/p>\n<p>&#8221;S\u00f6rkka oli karu paikka&#8221;<\/p>\n<p class=\"article-content article-content-width !bg-background\">Hyv\u00e4rinen vahvisti Seiskan tiedot.<\/p>\n<p class=\"article-content article-content-width !bg-background\">\u2013 Tilanne on itseasiassa se, ett\u00e4 minulla alkoi nyt<br \/>\nkoevapaus. Tuntuu oudolta sanoa se \u00e4\u00e4neen, mutta samalla helpottavalta,<br \/>\nHyv\u00e4rinen tuumasi. <\/p>\n<p>                <img decoding=\"async\" src=\"https:\/\/www.europesays.com\/fi\/wp-content\/uploads\/2025\/10\/1961264.webp\" width=\"576\" height=\"672\" alt=\"Hyv\u00e4rinen kertoo suorittavansa parhaillaan lukio-opintojaan loppuun.\" loading=\"lazy\" \/>            <\/p>\n<p>\n            Hyv\u00e4rinen kertoo suorittavansa parhaillaan lukio-opintojaan loppuun.<br \/>\n            PANU H\u00d6RKK\u00d6\n        <\/p>\n<p class=\"article-content article-content-width !bg-background\">Nyrkkeilij\u00e4 kertoo raskaan rikosprosessin<br \/>\nolevan yh\u00e4 mieless\u00e4. Hyv\u00e4risen mukaan\u00a0vankeusaika sujui kuitenkin paremmin kuin mit\u00e4 h\u00e4n alunperin pelk\u00e4si.\u00a0<\/p>\n<p>                <img decoding=\"async\" src=\"https:\/\/www.europesays.com\/fi\/wp-content\/uploads\/2025\/10\/1961322.webp\" width=\"576\" height=\"370\" alt=\"Hyv\u00e4rinen ja Jarkko Lahti palkiittin 2017 urheilugaalassa kulttuuriteko-palkinnolla.\" loading=\"lazy\" \/>            <\/p>\n<p>\n            Hyv\u00e4rinen ja Jarkko Lahti palkiittin 2017 urheilugaalassa kulttuuriteko-palkinnolla.<br \/>\n            LEHTIKUVA\n        <\/p>\n<p class=\"article-content article-content-width !bg-background\">\u2013 Pisimp\u00e4\u00e4n olin Vantaan vankilan ty\u00f6osastolla,<br \/>\nmiss\u00e4 aika kului treenatessa ja pokeria pelatessa. Siin\u00e4 p\u00e4rj\u00e4sinkin hyvin. My\u00f6hemmin<br \/>\nsiirryin S\u00f6rkkaan, joka oli karu paikka.<br \/>\nOnneksi p\u00e4\u00e4sin nopeasti Suomenlinnan avovankilaan.<\/p>\n<p>        <a itemprop=\"url\" href=\"https:\/\/www.seiska.fi\/rikos\/suomalaisen-ex-ammattinyrkkeilijan-kohuttu-pahoinpitelyvyyhti-sai-hovioikeuden-paatoksen-nain-tuomio-muuttui\/1855341\" rel=\"nofollow noopener\" target=\"_blank\"><\/p>\n<p>\nEx-ammattinyrkkeilij\u00e4n pahoinpitelyvyyhti\n<\/p>\n<p class=\"section-date\">\n        <strong class=\"article-section\" data-section=\"rikos\"><br \/>\n            rikos<br \/>\n        <\/strong><br \/>\n        2.7. 10:26\n    <\/p>\n<p>Suomalaisen ex-ammattinyrkkeilij\u00e4n kohuttu pahoinpitelyvyyhti sai hovioikeuden p\u00e4\u00e4t\u00f6ksen \u2013 n\u00e4in tuomio muuttui\n    <\/p>\n<p itemprop=\"description\" class=\"subtitle \">\n    Niklas Hyv\u00e4rinen saattaa p\u00e4\u00e4st\u00e4 pian koevapauteen.\n<\/p>\n<p>        <\/a><\/p>\n","protected":false},"excerpt":{"rendered":"PANU H\u00d6RKK\u00d6 Nyrkkeilij\u00e4 kertoo Seiskalle valoisista tulevaisuuden suunnitelmistaan. Urallaan yli 30 ammattilaisottelua otellut nousi pari vuotta sitten kohuotsikoihin,&hellip;\n","protected":false},"author":2,"featured_media":66214,"comment_status":"","ping_status":"","sticky":false,"template":"","format":"standard","meta":{"footnotes":""},"categories":[136],"tags":[15001,407,137,33,31,30,104,408,15000,3270,38,14999,32,1189,109],"class_list":{"0":"post-66213","1":"post","2":"type-post","3":"status-publish","4":"format-standard","5":"has-post-thumbnail","7":"category-julkkikset","8":"tag-avovankila","9":"tag-celebrities","10":"tag-entertainment","11":"tag-fi","12":"tag-finland","13":"tag-finnish","14":"tag-helsinki","15":"tag-julkkikset","16":"tag-niklas-hyvarinen","17":"tag-nyrkkeily","18":"tag-rikos","19":"tag-suomenlinna","20":"tag-suomi","21":"tag-vankila","22":"tag-viihde"},"share_on_mastodon":{"url":"","error":""},"_links":{"self":[{"href":"https:\/\/www.europesays.com\/fi\/wp-json\/wp\/v2\/posts\/66213","targetHints":{"allow":["GET"]}}],"collection":[{"href":"https:\/\/www.europesays.com\/fi\/wp-json\/wp\/v2\/posts"}],"about":[{"href":"https:\/\/www.europesays.com\/fi\/wp-json\/wp\/v2\/types\/post"}],"author":[{"embeddable":true,"href":"https:\/\/www.europesays.com\/fi\/wp-json\/wp\/v2\/users\/2"}],"replies":[{"embeddable":true,"href":"https:\/\/www.europesays.com\/fi\/wp-json\/wp\/v2\/comments?post=66213"}],"version-history":[{"count":0,"href":"https:\/\/www.europesays.com\/fi\/wp-json\/wp\/v2\/posts\/66213\/revisions"}],"wp:featuredmedia":[{"embeddable":true,"href":"https:\/\/www.europesays.com\/fi\/wp-json\/wp\/v2\/media\/66214"}],"wp:attachment":[{"href":"https:\/\/www.europesays.com\/fi\/wp-json\/wp\/v2\/media?parent=66213"}],"wp:term":[{"taxonomy":"category","embeddable":true,"href":"https:\/\/www.europesays.com\/fi\/wp-json\/wp\/v2\/categories?post=66213"},{"taxonomy":"post_tag","embeddable":true,"href":"https:\/\/www.europesays.com\/fi\/wp-json\/wp\/v2\/tags?post=66213"}],"curies":[{"name":"wp","href":"https:\/\/api.w.org\/{rel}","templated":true}]}}