{"id":66215,"date":"2025-10-19T08:24:11","date_gmt":"2025-10-19T08:24:11","guid":{"rendered":"https:\/\/www.europesays.com\/fi\/66215\/"},"modified":"2025-10-19T08:24:11","modified_gmt":"2025-10-19T08:24:11","slug":"milta-tuntui-menettaa-waltteri-vayrynen-opethille-paradise-lostin-kitaristi-kertoo-olleensa-kieltamatta-pettynyt","status":"publish","type":"post","link":"https:\/\/www.europesays.com\/fi\/66215\/","title":{"rendered":"Milt\u00e4 tuntui menett\u00e4\u00e4 Waltteri V\u00e4yrynen Opethille? Paradise Lostin kitaristi\u00a0kertoo olleensa &#8221;kielt\u00e4m\u00e4tt\u00e4 pettynyt&#8221;"},"content":{"rendered":"<p>Paradise Lostin ikuinen rumpaliruletti jatkuu jatkumistaan, mutta b\u00e4ndi on silti voimiensa tunnossa. Yhtyeen uutuuslevy Ascension on saanut vanhat fanit riemastumaan, ja kitaristi-s\u00e4velt\u00e4j\u00e4 Greg Mackintoshkin vaikuttaa sangen tyytyv\u00e4iselt\u00e4 Soundissa 9\/25 julkaistussa haastattelussa. <\/p>\n<p>Timo Isoahon toimittamassa artikkelissa k\u00e4yd\u00e4\u00e4n l\u00e4pi uuden levyn lis\u00e4ksi Paradise Lostin Suomi-suhdetta sek\u00e4 yhtyeen tasaisin v\u00e4liajoin vaihtuvia rumpaleita. Alempaa voi lukea pidemm\u00e4n haastattelun katkelman, jossa Mackintosh kertoo ajatuksiaan viimeksi mainitusta aiheesta: siit\u00e4, kun Waltteri V\u00e4yrynen siirtyi Paradise Lostista Opethin riveihin vuonna 2022 sek\u00e4 t\u00e4m\u00e4n seuraajan Guido Montanarinin erottamisesta. Loput voi lukea sitten lehdest\u00e4!<\/p>\n<p><strong>Ei samoilla linjoilla<\/strong><\/p>\n<p>Erityinen on b\u00e4ndin kokoonpanoruljanssikin. Jos pysyv\u00e4n rumpalin l\u00f6yt\u00e4minen on ollut Spinal Tapille hankalaa, samaan on t\u00f6rm\u00e4nnyt my\u00f6s Paradise Lost. Greg Mackintosh, Nick Holmes, toinen kitaristi Aaron Aedy ja basisti Stephen Edmondson ovat muodostaneet Paradise Lostin kovan ytimen ensihenk\u00e4isyst\u00e4 saakka, mutta rumpalin paikka on ollut kovin tuulinen.<\/p>\n<p>Ascensionin rytmityksist\u00e4 vastaa Guido Montanarini, mutta kuinka ollakaan, h\u00e4net on jo ehditty vapauttaa teht\u00e4vist\u00e4\u00e4n. T\u00e4ll\u00e4 hetkell\u00e4 Paradise Lostin takalinjoilla istuu Jeff Singer, joka soitti yhtyeess\u00e4 jo vuosina 2004\u201308.<\/p>\n<p>\u2013 Jos sessioj\u00e4senet lasketaan, yhtyeess\u00e4 on tainnut olla seitsem\u00e4n tai kahdeksan rumpalia. Onhan se hieman kiusallista, ettei yksik\u00e4\u00e4n pannuttaja pysy meid\u00e4n muiden\u2026 tahdissa.<\/p>\n<p>Miksi Montanarini sai l\u00e4hte\u00e4?<\/p>\n<p>\u2013 H\u00e4n liittyi b\u00e4ndiin sessiorumpaliksi, kun Waltteri V\u00e4yrynen siirtyi Opethin riveihin. Aluksi kaikki sujui hyvin, mutta pidemm\u00e4n p\u00e4\u00e4lle homma ei en\u00e4\u00e4 toiminut. Muuta b\u00e4ndi\u00e4 selv\u00e4sti nuorempi italialainen oli yksinkertaisesti liian erilainen ihminen\u2026 Ihan esimerkkin\u00e4: me muut emme voi siet\u00e4\u00e4 mink\u00e4\u00e4nlaista rockt\u00e4hteily\u00e4 tai some- ja selfiekulttuuria, mutta Guido ei ollut ihan samoilla linjoilla.<\/p>\n<p>\u2013 Mik\u00e4 pahinta, my\u00f6s soittamisen suhteen alkoi tulla sanomista, ja Guido ty\u00f6sti Ascensionin rumpuraitoja huomattavasti suunniteltua kauemmin. Loppujen lopuksi h\u00e4n teki studiossa ihan hyv\u00e4\u00e4 j\u00e4lke\u00e4, mutta joku toinen rumpali olisi hoitanut homman huomattavasti rivakammin.<\/p>\n<p>Vaikkapa Waltteri V\u00e4yrynen?<\/p>\n<p>\u2013 Esimerkiksi. Kuten kaikki tiet\u00e4v\u00e4t, h\u00e4n on uskomattoman taitava ja pedantti muusikko, Mackintosh kehaisee.<\/p>\n<p>\u2013 Ennen kuin Waltterista tuli Paradise Lostin j\u00e4sen, h\u00e4n soitti toisessa yhtyeess\u00e4ni Vallenfyressa. Jo niihin aikoihin tapasimme mietti\u00e4, ett\u00e4 Waltterin siivet tulevat kantamaan todella pitk\u00e4lle. Oli ihan selv\u00e4\u00e4, ett\u00e4 h\u00e4nen kaltaisensa ilmi\u00f6m\u00e4isen lahjakkuuden urasta tulee huikea.<\/p>\n<p>Olitko pettynyt, kun Waltteri vaihtoi Opethin leiriin?<\/p>\n<p>\u2013 Kielt\u00e4m\u00e4tt\u00e4. Mutta sit\u00e4 kesti vain hetken. Ymm\u00e4rsin varsin pian, ett\u00e4 Waltteri on paras mahdollinen rumpali Opethille ja Opeth paras mahdollinen b\u00e4ndi h\u00e4nelle. Nyky\u00e4\u00e4n olen pelk\u00e4st\u00e4\u00e4n iloinen, miten asiat meniv\u00e4t.<\/p>\n<p>Nostetaan esiin toinenkin suomalaisnimi: Ville Juurikkala seisoi kameran takana, kun Paradise Lostista otettiin uusia promokuvia.<\/p>\n<p>\u2013 Olen tyk\u00e4nnyt Villen kuvista pitk\u00e4\u00e4n, Mackintosh avaa. \u2013 H\u00e4nen tyylins\u00e4 \u2013 v\u00e4rimaailma, kontrastit, sommittelu \u2013 miellytt\u00e4\u00e4 silm\u00e4\u00e4ni. Kun otimme h\u00e4neen yhteytt\u00e4, p\u00e4\u00e4simme samalle aaltopituudelle pian. Sitten Ville saapui Englantiin ja aloimme r\u00e4psi\u00e4 ruutuja.<\/p>\n<p>Mackintosh jatkaa tavanneensa Juurikkalan ensimm\u00e4inen kerran jo vuosikausia sitten.<\/p>\n<p>\u2013 Se oli niihin aikoihin, kun hengailimme Helsingiss\u00e4 toisen Villen \u2013 Valon \u2013 kanssa. Kuvaaja-Ville oli silloin varsin railakas tyyppi ja viina tuntui maistuvan. Nyky\u00e4\u00e4n h\u00e4nen el\u00e4m\u00e4ntapansa on hyvin toisenlainen, ja k\u00e4sitt\u00e4\u00e4kseni siihen kuuluu new age -henkisyytt\u00e4. Se ei ole ihan minun juttuni, mutta olen hemmetin iloinen, ett\u00e4 Ville on l\u00f6yt\u00e4nyt oman tiens\u00e4.<\/p>\n","protected":false},"excerpt":{"rendered":"Paradise Lostin ikuinen rumpaliruletti jatkuu jatkumistaan, mutta b\u00e4ndi on silti voimiensa tunnossa. Yhtyeen uutuuslevy Ascension on saanut vanhat&hellip;\n","protected":false},"author":2,"featured_media":66216,"comment_status":"","ping_status":"","sticky":false,"template":"","format":"standard","meta":{"footnotes":""},"categories":[132],"tags":[137,33,31,30,195,47,32,109],"class_list":{"0":"post-66215","1":"post","2":"type-post","3":"status-publish","4":"format-standard","5":"has-post-thumbnail","7":"category-musiikki","8":"tag-entertainment","9":"tag-fi","10":"tag-finland","11":"tag-finnish","12":"tag-music","13":"tag-musiikki","14":"tag-suomi","15":"tag-viihde"},"share_on_mastodon":{"url":"","error":""},"_links":{"self":[{"href":"https:\/\/www.europesays.com\/fi\/wp-json\/wp\/v2\/posts\/66215","targetHints":{"allow":["GET"]}}],"collection":[{"href":"https:\/\/www.europesays.com\/fi\/wp-json\/wp\/v2\/posts"}],"about":[{"href":"https:\/\/www.europesays.com\/fi\/wp-json\/wp\/v2\/types\/post"}],"author":[{"embeddable":true,"href":"https:\/\/www.europesays.com\/fi\/wp-json\/wp\/v2\/users\/2"}],"replies":[{"embeddable":true,"href":"https:\/\/www.europesays.com\/fi\/wp-json\/wp\/v2\/comments?post=66215"}],"version-history":[{"count":0,"href":"https:\/\/www.europesays.com\/fi\/wp-json\/wp\/v2\/posts\/66215\/revisions"}],"wp:featuredmedia":[{"embeddable":true,"href":"https:\/\/www.europesays.com\/fi\/wp-json\/wp\/v2\/media\/66216"}],"wp:attachment":[{"href":"https:\/\/www.europesays.com\/fi\/wp-json\/wp\/v2\/media?parent=66215"}],"wp:term":[{"taxonomy":"category","embeddable":true,"href":"https:\/\/www.europesays.com\/fi\/wp-json\/wp\/v2\/categories?post=66215"},{"taxonomy":"post_tag","embeddable":true,"href":"https:\/\/www.europesays.com\/fi\/wp-json\/wp\/v2\/tags?post=66215"}],"curies":[{"name":"wp","href":"https:\/\/api.w.org\/{rel}","templated":true}]}}