{"id":66235,"date":"2025-10-19T08:50:08","date_gmt":"2025-10-19T08:50:08","guid":{"rendered":"https:\/\/www.europesays.com\/fi\/66235\/"},"modified":"2025-10-19T08:50:08","modified_gmt":"2025-10-19T08:50:08","slug":"limp-bizkitin-basisti-sam-rivers-on-kuollut-2","status":"publish","type":"post","link":"https:\/\/www.europesays.com\/fi\/66235\/","title":{"rendered":"Limp Bizkitin basisti Sam Rivers on kuollut"},"content":{"rendered":"<p>R\u00e4ppi\u00e4 ja metallia yhdistelleen nu metal -edell\u00e4k\u00e4vij\u00e4 Limp Bizkitin perustajaj\u00e4sen ja basisti Sam Rivers on kuollut 48-vuotiaana. Yhtye kertoi suru-uutisesta Instagramissa.<\/p>\n<p>\u201dSam oli paljon muutakin kuin basistimme \u2013 h\u00e4n oli puhdasta taikaa. Biisin pulssi, vakaus kaaoksen keskell\u00e4, soundin sielu\u201d, yhtyeen muut j\u00e4senet kirjoittavat muistokirjoituksessa.<\/p>\n<p>\u201dJaoimme yhdess\u00e4 monia hetki\u00e4 \u2013 villej\u00e4, hiljaisia, kauniita \u2013 joka jokainen niist\u00e4 merkitsi niin paljon enemm\u00e4n, kun Sam oli mukana. Toista h\u00e4nen kaltaistaan ei tule. H\u00e4n oli legendojen legenda ja h\u00e4n el\u00e4\u00e4 ikuisesti jokaisessa groovessa, jokaisella lavalla, jokaisessa muistossa.\u201d<\/p>\n<p>Sam Rivers perusti Limp Bizkitin vuonna 1994 yhdess\u00e4 r\u00e4pp\u00e4ri Fred Durstin ja rumpali John Otton kanssa. Pian kokoonpanon t\u00e4ydensiv\u00e4t kitaristi Wes Borland sek\u00e4 DJ Lethal. Keikoilla mainetta niitt\u00e4nyt b\u00e4ndi sai Korn-basisti Reginald \u201dFieldy\u201d Arvizun avustuksella levytyssopimuksen ja julkaisi Three Dollar Bill, Y\u2019all -debyyttialbuminsa vuonna 1997.<\/p>\n<p>Limp Bizkit on julkaissut urallaan kuusi pitk\u00e4soittoa, joista kaupallisesti menestynein on vuonna 2000 ilmestynyt kolmas albumi Chocolate Starfish and the Hot Dog Flavored Water. Albumi nousi ilmestyess\u00e4\u00e4n Billboard-listan ykk\u00f6seksi ja on myynyt platinaa 13 maassa.<\/p>\n<p><img loading=\"lazy\" decoding=\"async\" alt=\"YouTube video\" width=\"480\" height=\"360\" data-pin-nopin=\"true\" nopin=\"nopin\" class=\"perfmatters-lazy\" src=\"https:\/\/www.europesays.com\/fi\/wp-content\/uploads\/2025\/10\/1760863807_138_hqdefault.jpg\"\/><\/p>\n<p><img loading=\"lazy\" decoding=\"async\" alt=\"YouTube video\" width=\"480\" height=\"360\" data-pin-nopin=\"true\" nopin=\"nopin\" class=\"perfmatters-lazy\" src=\"https:\/\/www.europesays.com\/fi\/wp-content\/uploads\/2025\/10\/1760863808_758_hqdefault.jpg\"\/><\/p>\n","protected":false},"excerpt":{"rendered":"R\u00e4ppi\u00e4 ja metallia yhdistelleen nu metal -edell\u00e4k\u00e4vij\u00e4 Limp Bizkitin perustajaj\u00e4sen ja basisti Sam Rivers on kuollut 48-vuotiaana. Yhtye&hellip;\n","protected":false},"author":2,"featured_media":66236,"comment_status":"","ping_status":"","sticky":false,"template":"","format":"standard","meta":{"footnotes":""},"categories":[132],"tags":[137,33,31,30,195,47,2039,32,109],"class_list":{"0":"post-66235","1":"post","2":"type-post","3":"status-publish","4":"format-standard","5":"has-post-thumbnail","7":"category-musiikki","8":"tag-entertainment","9":"tag-fi","10":"tag-finland","11":"tag-finnish","12":"tag-music","13":"tag-musiikki","14":"tag-rip","15":"tag-suomi","16":"tag-viihde"},"share_on_mastodon":{"url":"","error":""},"_links":{"self":[{"href":"https:\/\/www.europesays.com\/fi\/wp-json\/wp\/v2\/posts\/66235","targetHints":{"allow":["GET"]}}],"collection":[{"href":"https:\/\/www.europesays.com\/fi\/wp-json\/wp\/v2\/posts"}],"about":[{"href":"https:\/\/www.europesays.com\/fi\/wp-json\/wp\/v2\/types\/post"}],"author":[{"embeddable":true,"href":"https:\/\/www.europesays.com\/fi\/wp-json\/wp\/v2\/users\/2"}],"replies":[{"embeddable":true,"href":"https:\/\/www.europesays.com\/fi\/wp-json\/wp\/v2\/comments?post=66235"}],"version-history":[{"count":0,"href":"https:\/\/www.europesays.com\/fi\/wp-json\/wp\/v2\/posts\/66235\/revisions"}],"wp:featuredmedia":[{"embeddable":true,"href":"https:\/\/www.europesays.com\/fi\/wp-json\/wp\/v2\/media\/66236"}],"wp:attachment":[{"href":"https:\/\/www.europesays.com\/fi\/wp-json\/wp\/v2\/media?parent=66235"}],"wp:term":[{"taxonomy":"category","embeddable":true,"href":"https:\/\/www.europesays.com\/fi\/wp-json\/wp\/v2\/categories?post=66235"},{"taxonomy":"post_tag","embeddable":true,"href":"https:\/\/www.europesays.com\/fi\/wp-json\/wp\/v2\/tags?post=66235"}],"curies":[{"name":"wp","href":"https:\/\/api.w.org\/{rel}","templated":true}]}}