{"id":66249,"date":"2025-10-19T09:01:07","date_gmt":"2025-10-19T09:01:07","guid":{"rendered":"https:\/\/www.europesays.com\/fi\/66249\/"},"modified":"2025-10-19T09:01:07","modified_gmt":"2025-10-19T09:01:07","slug":"lepakko-pysyi-nakyvalla-paikalla-paivisin-sitten-sen-ymparilla-nokialla-alkoi-porrata-karpasia","status":"publish","type":"post","link":"https:\/\/www.europesays.com\/fi\/66249\/","title":{"rendered":"Lepakko pysyi n\u00e4kyv\u00e4ll\u00e4 paikalla p\u00e4ivisin \u2013 Sitten sen ymp\u00e4rill\u00e4 Nokialla alkoi p\u00f6rr\u00e4t\u00e4 k\u00e4rp\u00e4si\u00e4"},"content":{"rendered":"<p>Moron luontotohtori vastaa joka viikko pirkanmaalaisiin luontokysymyksiin.<\/p>\n<p class=\"article-body mb-nof-24 px-nof-16\">Luontotohtorille voi l\u00e4hett\u00e4\u00e4 p\u00e4hk\u00e4ilt\u00e4v\u00e4\u00e4 valokuvan kera moro@aamulehti.fi-s\u00e4hk\u00f6postiin. Kuva on tunnistamisen kannalta t\u00e4rke\u00e4 asia.<\/p>\n<p class=\"article-body mb-nof-24 px-nof-16\">Kerro my\u00f6s, mill\u00e4 paikkakunnalla ja millaisessa paikassa havainto on tehty. Liit\u00e4 kysymykseen tieto luontohavainnon ajasta sek\u00e4 eli\u00f6n kokoarvio.<\/p>\n<p class=\"article-body mb-nof-24 px-nof-16\">Luontotohtori setvii vain Pirkanmaalla tehtyj\u00e4 havaintoja.<\/p>\n<p class=\"article-body mb-nof-24 px-nof-16\">Moron luontotohtori on Tomi Kumpulainen, joka on Tampereen luonnontieteellisen museon intendentti.<\/p>\n<p class=\"article-body mb-nof-24 px-nof-16\">Lukija kysyy: Seurasimme m\u00f6kill\u00e4mme Nokialla elo-syyskuun vaihteessa noin viikon ajan lepakkoa, joka oli valinnut p\u00e4iv\u00e4lepopaikakseen saunarakennuksen sokkelin yl\u00e4osan. \u00d6isin se oli liikkunut, koska l\u00f6ytyi aina aamulla hiukan eri paikasta kuin illalla.<\/p>\n<p class=\"article-body mb-nof-24 px-nof-16\">Koko ajan se pysytteli kuitenkin matalalla ja n\u00e4kyv\u00e4ll\u00e4 paikalla. Yhten\u00e4 p\u00e4iv\u00e4n\u00e4 huomasimme k\u00e4rp\u00e4sten p\u00f6rr\u00e4\u00e4v\u00e4n lepakon ymp\u00e4rill\u00e4: lepakko oli kuollut. Mietimme, miksi lepakko majaili noin oudossa paikassa.<\/p>\n<p class=\"article-body mb-nof-24 px-nof-16\"><a class=\"article-personlink\" href=\"https:\/\/www.aamulehti.fi\/haku\/?query=Kirsi\" rel=\"nofollow noopener\" target=\"_blank\">Kirsi<\/a><\/p>\n<p class=\"article-body mb-nof-24 px-nof-16\">Luontotohtori vastaa: Lepakoiden tavallisia p\u00e4iv\u00e4lepopaikkoja ovat puiden, kallioiden ja rakennusten kolot. Joskus lepakot kuitenkin lep\u00e4\u00e4v\u00e4t v\u00e4h\u00e4n erikoisemmissa paikoissa. Lepakkotutkija <a class=\"article-personlink\" href=\"https:\/\/www.aamulehti.fi\/haku\/?query=Eeva-Maria%20Tidenbergin\" rel=\"nofollow noopener\" target=\"_blank\">Eeva-Maria Tidenbergin<\/a> mukaan se on tavallisinta syksyisin, ja etenkin jos lepakkoyksil\u00f6 on sairas tai n\u00e4lkiintynyt, eik\u00e4 esimerkiksi jaksa etsi\u00e4 suojaisampaa paikkaa.<\/p>\n<p class=\"article-body mb-nof-24 px-nof-16\">Kuvassa on jokin siippalaji, Tidenbergin mukaan todenn\u00e4k\u00f6isesti joko viiksisiippa tai isoviiksisiippa. Lepakot voivat kuolla lepoasentoonsa (p\u00e4\u00e4 alasp\u00e4in), ja j\u00e4\u00e4d\u00e4 silti paikoilleen niiden varpaiden lukkiutuvan rakenteen vuoksi. Kuolleisiin tai el\u00e4viink\u00e4\u00e4n lepakoihin ei pid\u00e4 koskea paljain k\u00e4sin. Kuolleen lepakon voi h\u00e4vitt\u00e4\u00e4 bio- tai sekaj\u00e4tteen\u00e4 tai haudata maahan.<\/p>\n<p class=\"article-body mb-nof-24 px-nof-16\">Lepakoille voi tarjota suojapaikoiksi erityisi\u00e4 lepakkop\u00f6ntt\u00f6j\u00e4, joihin l\u00f6ytyy rakennusohjeet mm. WWF:n ja Luonnontieteellisen keskusmuseon nettisivuilta.<\/p>\n","protected":false},"excerpt":{"rendered":"Moron luontotohtori vastaa joka viikko pirkanmaalaisiin luontokysymyksiin. Luontotohtorille voi l\u00e4hett\u00e4\u00e4 p\u00e4hk\u00e4ilt\u00e4v\u00e4\u00e4 valokuvan kera moro@aamulehti.fi-s\u00e4hk\u00f6postiin. Kuva on tunnistamisen kannalta&hellip;\n","protected":false},"author":2,"featured_media":66250,"comment_status":"","ping_status":"","sticky":false,"template":"","format":"standard","meta":{"footnotes":""},"categories":[117],"tags":[157,33,31,30,72,476,118,32,119,477],"class_list":{"0":"post-66249","1":"post","2":"type-post","3":"status-publish","4":"format-standard","5":"has-post-thumbnail","7":"category-luonto","8":"tag-aamulehti","9":"tag-fi","10":"tag-finland","11":"tag-finnish","12":"tag-luonto","13":"tag-nature","14":"tag-science","15":"tag-suomi","16":"tag-tiede","17":"tag-wildlife"},"share_on_mastodon":{"url":"","error":""},"_links":{"self":[{"href":"https:\/\/www.europesays.com\/fi\/wp-json\/wp\/v2\/posts\/66249","targetHints":{"allow":["GET"]}}],"collection":[{"href":"https:\/\/www.europesays.com\/fi\/wp-json\/wp\/v2\/posts"}],"about":[{"href":"https:\/\/www.europesays.com\/fi\/wp-json\/wp\/v2\/types\/post"}],"author":[{"embeddable":true,"href":"https:\/\/www.europesays.com\/fi\/wp-json\/wp\/v2\/users\/2"}],"replies":[{"embeddable":true,"href":"https:\/\/www.europesays.com\/fi\/wp-json\/wp\/v2\/comments?post=66249"}],"version-history":[{"count":0,"href":"https:\/\/www.europesays.com\/fi\/wp-json\/wp\/v2\/posts\/66249\/revisions"}],"wp:featuredmedia":[{"embeddable":true,"href":"https:\/\/www.europesays.com\/fi\/wp-json\/wp\/v2\/media\/66250"}],"wp:attachment":[{"href":"https:\/\/www.europesays.com\/fi\/wp-json\/wp\/v2\/media?parent=66249"}],"wp:term":[{"taxonomy":"category","embeddable":true,"href":"https:\/\/www.europesays.com\/fi\/wp-json\/wp\/v2\/categories?post=66249"},{"taxonomy":"post_tag","embeddable":true,"href":"https:\/\/www.europesays.com\/fi\/wp-json\/wp\/v2\/tags?post=66249"}],"curies":[{"name":"wp","href":"https:\/\/api.w.org\/{rel}","templated":true}]}}