{"id":66257,"date":"2025-10-19T09:18:07","date_gmt":"2025-10-19T09:18:07","guid":{"rendered":"https:\/\/www.europesays.com\/fi\/66257\/"},"modified":"2025-10-19T09:18:07","modified_gmt":"2025-10-19T09:18:07","slug":"kuuban-transnaiset-ovat-erityisen-haavoittuvia-hiv-tartunnoille-ku","status":"publish","type":"post","link":"https:\/\/www.europesays.com\/fi\/66257\/","title":{"rendered":"Kuuban transnaiset ovat erityisen haavoittuvia hiv-tartunnoille \u2013 KU"},"content":{"rendered":"<p>Havannan kaduilla liehuvat sateenkaaren v\u00e4rit, kun LGBTIQ+-yhteis\u00f6n j\u00e4senet marssivat homo- ja transfobiaa vastaan. Tunnelma on juhlava, mutta tilastot kertovat toista tarinaa, sill\u00e4 kolmanneksella kuubalaisista transnaisista on hiv, ja tartuntojen m\u00e4\u00e4r\u00e4 ylitt\u00e4\u00e4 reilusti koko Latinalaisen Amerikan keskiarvon.<\/p>\n<p>Kuuban tilasto- ja tietovirasto Onei julkaisi elokuussa raportin, jossa selvitettiin seksitautien esiintyvyytt\u00e4 avainv\u00e4est\u00f6iss\u00e4. Tulosten mukaan Havannan transnaisilla HIV-esiintyvyys on 54,9\u202fprosenttia, joka on yli kaksinkertainen Latinalaisen Amerikan keskiarvoon verrattuna. Virusta kantavien miesten, jotka harrastavat seksi\u00e4 miesten kanssa (MSM), osuus Havannassa oli 37,9\u202fprosenttia.<\/p>\n<p>Koko Kuuban tasolla tilanne on parempi: arvioidusta 5\u2009500 transnaisesta 32\u202fprosentilla on HIV, ja MSM-ryhm\u00e4st\u00e4, johon kuuluu noin 173\u2009000 henkil\u00f6\u00e4, 15,5\u202fprosenttia on HIV-positiivisia.<\/p>\n<p>Raportti osoittaa, ett\u00e4 transnaisten riski saada HIV on 14 kertaa suurempi kuin muilla t\u00e4ysi-ik\u00e4isill\u00e4 naisilla, kun taas miesten, jotka harrastavat seksi\u00e4 miesten kanssa (MSM), riski on 28 kertaa suurempi kuin muiden t\u00e4ysi-ik\u00e4isten miesten.<\/p>\n<p>Tutkimukseen haastateltiin poikkeuksellisen laaja joukko transnaisia ja MSM-miehi\u00e4 Havannasta sek\u00e4 Cienfuegosin ja Granman maakunnista. Kysely kartoitti sukupuolitautien esiintyvyytt\u00e4, seksuaalik\u00e4ytt\u00e4ytymist\u00e4, v\u00e4kivaltaa, stigmaa, syrjint\u00e4\u00e4 ja terveyspalvelujen k\u00e4ytt\u00f6\u00e4.<\/p>\n<p>Tutkimus paljasti my\u00f6s, ett\u00e4 monille transnaisille seksity\u00f6 on keskeinen tulonl\u00e4hde, sill\u00e4 l\u00e4hes joka viides ilmoitti sen p\u00e4\u00e4asialliseksi toimeentulokseen, ja jopa puolet oli tehnyt sit\u00e4 toisinaan viimeisen vuoden aikana. Kondomin k\u00e4ytt\u00f6 oli kuitenkin usein ep\u00e4s\u00e4\u00e4nn\u00f6llist\u00e4, sill\u00e4 yli puolet k\u00e4ytti sit\u00e4 vain satunnaisesti ja osa ei koskaan.<\/p>\n<p>Ihmisoikeusaktivisti <b>Yoelkis Torresin<\/b> mukaan seksity\u00f6 kasvattaa riski\u00e4 altistua sukupuolitaudeille ja HIV:lle. My\u00f6s suhtautuminen virukseen on muuttunut.<\/p>\n<p>\u2013\u2009HIV ei en\u00e4\u00e4 n\u00e4ytt\u00e4ydy kuolemaan johtavana, vaan enemm\u00e4nkin hoidettavana sairautena. Aiempi pelko on kadonnut, eik\u00e4 asiaa aina en\u00e4\u00e4 koeta yht\u00e4 vakavaksi, Torres sanoo.<\/p>\n<p>Ehk\u00e4isyv\u00e4lineiden puute vaikeuttaa ennaltaehk\u00e4isy\u00e4<\/p>\n<p>Kuuban valtiollinen terveydenhuolto tarjoaa maksuttomia ehk\u00e4isy- ja hoitopalveluja, mutta talouskriisi on heikent\u00e4nyt niiden saatavuutta ja kondomeista on jatkuvaa pulaa. Apteekeista niit\u00e4 ei l\u00f6ydy, ja kadulla hinta on korkea. My\u00f6s HIV-testaukset ovat vaikeutuneet.<\/p>\n<p>\u2013\u2009Kondomeja ei riit\u00e4 koko v\u00e4est\u00f6n k\u00e4ytt\u00f6\u00f6n. Ajatus siit\u00e4, ett\u00e4 terveydenhuolto olisi t\u00e4ysin ilmaista ja ett\u00e4 valtion tukemat hiv-ennaltaehk\u00e4isyohjelmat tavoittaisivat kaikki, on illuusio, Torres sanoo.<\/p>\n<p>HIV:n ehk\u00e4isyss\u00e4 on olennaista paitsi kondomin k\u00e4ytt\u00f6, my\u00f6s PrEP-hoidon saatavuus. PrEP on ennaltaehk\u00e4isev\u00e4 l\u00e4\u00e4kitys, joka v\u00e4hent\u00e4\u00e4 tartunnan riski\u00e4 yli 90\u202fprosentilla. Kuubassa se otettiin k\u00e4ytt\u00f6\u00f6n vuonna 2019, mutta saatavuus on edelleen rajallista.<\/p>\n<p>Monet transnaiset ja MSM-ryhm\u00e4n j\u00e4senet eiv\u00e4t tunne PrEP:i\u00e4 tai sen hy\u00f6tyj\u00e4. Torres huomauttaa, ett\u00e4 hoidon rajallinen saatavuus ja tiedon puute lis\u00e4\u00e4v\u00e4t yhteis\u00f6jen haavoittuvuutta. Yhdistyneiden kansakuntien hiv- ja aids-ohjelma UNAIDS:n arvion mukaan Latinalaisessa Amerikassa ja Karibialla yli kaksi miljoonaa ihmist\u00e4 tarvitsisi PrEP:i\u00e4, mutta vuoden 2023 loppuun menness\u00e4 sen piiriss\u00e4 oli vain 180\u2009000 henkil\u00f6\u00e4.<\/p>\n<p>Tutkimus arvioi my\u00f6s seksuaaliterveyteen liittyv\u00e4n tiedon saannin heikoksi. Transnaiset joutuvat usein kohtaamaan syrjint\u00e4\u00e4 perhepiiriss\u00e4, ty\u00f6paikoilla ja koko yhteiskunnassa. He altistuvat tavallista useammin seksuaaliselle v\u00e4kivallalle, taloudelliselle ep\u00e4varmuudelle ja syrj\u00e4ytymiselle, jotka kaikki lis\u00e4\u00e4v\u00e4t HIV-riski\u00e4.<\/p>\n<p>\u2013\u2009Ehk\u00e4isyohjelmat eiv\u00e4t aina tavoita transyhteis\u00f6\u00e4, koska monet ovat erkaantuneet yhteiskunnan rakenteista. He kokevat, ett\u00e4 mit\u00e4 v\u00e4hemm\u00e4n he n\u00e4kyv\u00e4t, sit\u00e4 v\u00e4hemm\u00e4n heit\u00e4 syrjit\u00e4\u00e4n, Torres sanoo.<\/p>\n","protected":false},"excerpt":{"rendered":"Havannan kaduilla liehuvat sateenkaaren v\u00e4rit, kun LGBTIQ+-yhteis\u00f6n j\u00e4senet marssivat homo- ja transfobiaa vastaan. Tunnelma on juhlava, mutta tilastot&hellip;\n","protected":false},"author":2,"featured_media":66258,"comment_status":"","ping_status":"","sticky":false,"template":"","format":"standard","meta":{"footnotes":""},"categories":[165],"tags":[33,31,30,166,32,167],"class_list":{"0":"post-66257","1":"post","2":"type-post","3":"status-publish","4":"format-standard","5":"has-post-thumbnail","7":"category-terveys","8":"tag-fi","9":"tag-finland","10":"tag-finnish","11":"tag-health","12":"tag-suomi","13":"tag-terveys"},"share_on_mastodon":{"url":"","error":""},"_links":{"self":[{"href":"https:\/\/www.europesays.com\/fi\/wp-json\/wp\/v2\/posts\/66257","targetHints":{"allow":["GET"]}}],"collection":[{"href":"https:\/\/www.europesays.com\/fi\/wp-json\/wp\/v2\/posts"}],"about":[{"href":"https:\/\/www.europesays.com\/fi\/wp-json\/wp\/v2\/types\/post"}],"author":[{"embeddable":true,"href":"https:\/\/www.europesays.com\/fi\/wp-json\/wp\/v2\/users\/2"}],"replies":[{"embeddable":true,"href":"https:\/\/www.europesays.com\/fi\/wp-json\/wp\/v2\/comments?post=66257"}],"version-history":[{"count":0,"href":"https:\/\/www.europesays.com\/fi\/wp-json\/wp\/v2\/posts\/66257\/revisions"}],"wp:featuredmedia":[{"embeddable":true,"href":"https:\/\/www.europesays.com\/fi\/wp-json\/wp\/v2\/media\/66258"}],"wp:attachment":[{"href":"https:\/\/www.europesays.com\/fi\/wp-json\/wp\/v2\/media?parent=66257"}],"wp:term":[{"taxonomy":"category","embeddable":true,"href":"https:\/\/www.europesays.com\/fi\/wp-json\/wp\/v2\/categories?post=66257"},{"taxonomy":"post_tag","embeddable":true,"href":"https:\/\/www.europesays.com\/fi\/wp-json\/wp\/v2\/tags?post=66257"}],"curies":[{"name":"wp","href":"https:\/\/api.w.org\/{rel}","templated":true}]}}